{"id":136036,"date":"2026-01-13T17:54:15","date_gmt":"2026-01-13T17:54:15","guid":{"rendered":"https:\/\/www.europesays.com\/no\/136036\/"},"modified":"2026-01-13T17:54:15","modified_gmt":"2026-01-13T17:54:15","slug":"aktivistene-som-fotfulgte-listhaug-frikjent","status":"publish","type":"post","link":"https:\/\/www.europesays.com\/no\/136036\/","title":{"rendered":"Aktivistene som fotfulgte Listhaug frikjent"},"content":{"rendered":"\n<p class=\"_lead_o9xde_2 _lead_xtcu6_50 layout-component text-serif-m layout-normal text-serif-l layout-component layout-wide layout-padded _wide_17hqh_1 layout-padded\">Det fremkommer av en kjennelse fra Borgarting lagmannsrett.<\/p>\n<p> <img class=\"_image_qp4xg_65 layout-component layout-wide\" data-fullscreen- data-track-element-type=\"Article image fullscreen\" data-track-name=\"ImageFullscreen\" fetchpriority=\"high\" decoding=\"sync\" loading=\"eager\" height=\"181\" itemprop=\"image\"  src=\"https:\/\/www.europesays.com\/no\/wp-content\/uploads\/2026\/01\/7cfb541a1eb9295494ae00f0be584094.jpg\"  style=\"object-position:50% 50%;aspect-ratio:1.75;height:auto;object-fit:cover;width:100%\" width=\"102\"\/>  <\/p>\n<ul aria-hidden=\"true\" class=\"_images_ntbth_112\">\n<li><a class=\"_link_ntbth_117\" href=\"https:\/\/www.vg.no\/forfatter\/isak-loeve-pilskog-loe\" style=\"z-index:2\" title=\"Isak L\u00f8ve Pilskog Loe\" rel=\"nofollow noopener\" target=\"_blank\"><img alt=\"Bilde av Isak L\u00f8ve Pilskog Loe\" class=\"_image_ntbth_93\" fetchpriority=\"low\" loading=\"lazy\" decoding=\"async\" itemprop=\"image\"  src=\"https:\/\/www.europesays.com\/no\/wp-content\/uploads\/2026\/01\/1768326855_977_8b0354e3-bf53-460c-9c1c-790321a0c923.jpeg\"  width=\"480\"\/><\/a><\/li>\n<li><a class=\"_link_ntbth_117\" href=\"https:\/\/www.vg.no\/forfatter\/christina-quist\" style=\"z-index:1\" title=\"Christina Quist\" rel=\"nofollow noopener\" target=\"_blank\"><img alt=\"Bilde av Christina Quist\" class=\"_image_ntbth_93\" fetchpriority=\"low\" loading=\"lazy\" decoding=\"async\" itemprop=\"image\"  src=\"https:\/\/www.europesays.com\/no\/wp-content\/uploads\/2026\/01\/1768326855_634_2f61427f-2a07-4cc1-98e1-b548da33c599.png\"  width=\"480\"\/><\/a><\/li>\n<\/ul>\n<p> Oppdatert tirsdag 13. januar kl. 14:43     <\/p>\n<p class=\"_paragraph_o9xde_4 _paragraph_xtcu6_10 layout-component text-serif-m layout-normal text-serif-m layout-padded\">Frp-leder Sylvi Listhaug omtalte hendelsen som \u00abekkelt og truende\u00bb og beskrev det som \u00absin verste opplevelse som politiker\u00bb.<\/p>\n<p class=\"_paragraph_o9xde_4 _paragraph_xtcu6_10 layout-component text-serif-m layout-normal text-serif-m layout-padded\">Borgarting lagmannsrett konkluderte med at de tre Palestina-aktivistene som fulgte etter toppolitikeren og ropte \u00abshame on you\u00bb og \u00abbarn i Gaza d\u00f8r, Frp h\u00f8r\u00bb mot henne, ikke hadde gjort noe ulovlig. <\/p>\n<p class=\"_paragraph_o9xde_4 _paragraph_xtcu6_10 layout-component text-serif-m layout-normal text-serif-m layout-padded\">Alle tre ble derfor frikjent, heter det i kjennelsen.<\/p>\n<p class=\"_paragraph_o9xde_4 _paragraph_xtcu6_10 layout-component text-serif-m layout-normal text-serif-m layout-padded\">\u2013 Det er en del av v\u00e5rt demokrati \u00e5 kunne uttale oss til v\u00e5re politikere s\u00e5 lenge det ikke brukes trusler, sjikane, vold eller tvang. Lagmannsretten er \u2013 som tingretten \u2013 klar p\u00e5 at dette ikke er noe angrep p\u00e5 demokratiet, og har frifunnet v\u00e5re klienter og hegnet om deres ytringsfrihet, skriver advokat Jon Christian Elden i en sms til VG.<\/p>\n<p class=\"_paragraph_o9xde_4 _paragraph_xtcu6_10 layout-component text-serif-m layout-normal text-serif-m layout-padded\">Advokat Elden skriver videre at klientene har \u00abskj\u00f8nt at de var uh\u00f8flige og ikke fulgte god folkeskikk\u00bb. <\/p>\n<p class=\"_paragraph_o9xde_4 _paragraph_xtcu6_10 layout-component text-serif-m layout-normal text-serif-m layout-padded\">\u2013 Derfor har de heller ikke gjentatt denne aksjonsformen, og kan ikke anbefale den videre\u00bb<\/p>\n<p class=\"_paragraph_o9xde_4 _paragraph_xtcu6_10 layout-component text-serif-m layout-normal text-serif-m layout-padded\">De tre tiltalte var alle representert av advokater ved advokatfirmaet Elden.<\/p>\n<p class=\"_paragraph_o9xde_4 _paragraph_xtcu6_10 layout-component text-serif-m layout-normal text-serif-m layout-padded\">Advokat Anne-Marie Gulichsen sier at klienten i etterp\u00e5klokskapens lys ser at aksjonen var lite heldig, og er lettet over \u00e5 bli trodd p\u00e5 at de ikke ville annet enn \u00e5 fremsette et fredelig budskap. <\/p>\n<p class=\"_paragraph_o9xde_4 _paragraph_xtcu6_10 layout-component text-serif-m layout-normal text-serif-m layout-padded\">\u2013 I en verden hvor ytrings- og demonstrasjonsfriheten st\u00e5r under press i stadig flere land er det viktigere enn p\u00e5 lenge \u00e5 verne om disse grunnleggende rettighetene. Uten disse forvitrer demokratiet. <\/p>\n","protected":false},"excerpt":{"rendered":"Det fremkommer av en kjennelse fra Borgarting lagmannsrett. Oppdatert tirsdag 13. januar kl. 14:43 Frp-leder Sylvi Listhaug omtalte&hellip;\n","protected":false},"author":2,"featured_media":136037,"comment_status":"","ping_status":"","sticky":false,"template":"","format":"standard","meta":{"footnotes":""},"categories":[5],"tags":[20,21,24,25,15,19,22,23,17,18,13,30,28,29,14,16,26,27],"class_list":{"0":"post-136036","1":"post","2":"type-post","3":"status-publish","4":"format-standard","5":"has-post-thumbnail","7":"category-overskrifter","8":"tag-breaking-news","9":"tag-breakingnews","10":"tag-featured-news","11":"tag-featurednews","12":"tag-headlines","13":"tag-hovedoppslag","14":"tag-latest-news","15":"tag-latestnews","16":"tag-main-news","17":"tag-mainnews","18":"tag-news","19":"tag-no","20":"tag-norge","21":"tag-norway","22":"tag-nyheter","23":"tag-overskrifter","24":"tag-top-stories","25":"tag-topstories"},"share_on_mastodon":{"url":"https:\/\/pubeurope.com\/@no\/115889075946968059","error":""},"_links":{"self":[{"href":"https:\/\/www.europesays.com\/no\/wp-json\/wp\/v2\/posts\/136036","targetHints":{"allow":["GET"]}}],"collection":[{"href":"https:\/\/www.europesays.com\/no\/wp-json\/wp\/v2\/posts"}],"about":[{"href":"https:\/\/www.europesays.com\/no\/wp-json\/wp\/v2\/types\/post"}],"author":[{"embeddable":true,"href":"https:\/\/www.europesays.com\/no\/wp-json\/wp\/v2\/users\/2"}],"replies":[{"embeddable":true,"href":"https:\/\/www.europesays.com\/no\/wp-json\/wp\/v2\/comments?post=136036"}],"version-history":[{"count":0,"href":"https:\/\/www.europesays.com\/no\/wp-json\/wp\/v2\/posts\/136036\/revisions"}],"wp:featuredmedia":[{"embeddable":true,"href":"https:\/\/www.europesays.com\/no\/wp-json\/wp\/v2\/media\/136037"}],"wp:attachment":[{"href":"https:\/\/www.europesays.com\/no\/wp-json\/wp\/v2\/media?parent=136036"}],"wp:term":[{"taxonomy":"category","embeddable":true,"href":"https:\/\/www.europesays.com\/no\/wp-json\/wp\/v2\/categories?post=136036"},{"taxonomy":"post_tag","embeddable":true,"href":"https:\/\/www.europesays.com\/no\/wp-json\/wp\/v2\/tags?post=136036"}],"curies":[{"name":"wp","href":"https:\/\/api.w.org\/{rel}","templated":true}]}}