{"id":136042,"date":"2026-01-13T17:59:22","date_gmt":"2026-01-13T17:59:22","guid":{"rendered":"https:\/\/www.europesays.com\/no\/136042\/"},"modified":"2026-01-13T17:59:22","modified_gmt":"2026-01-13T17:59:22","slug":"stjerneforfatter-colleen-hoover-har-fatt-kreft-deler-oppdatering-2","status":"publish","type":"post","link":"https:\/\/www.europesays.com\/no\/136042\/","title":{"rendered":"Stjerneforfatter Colleen Hoover har f\u00e5tt kreft: Deler oppdatering"},"content":{"rendered":"<p class=\"kicker \" style=\"\">Colleen Hoover:<\/p>\n<p>    \u00abDet ender med oss\u00bb-forfatteren avsl\u00f8rer kreftdiagnose &#8211; og kommer samtidig med ny oppdatering.<\/p>\n<p>\n    KREFTSYK: Den prisvinnende forfatteren Colleen Hoover har f\u00e5tt kreft. N\u00e5 kommer hun med nye detaljer rundt sykdommen. Her fra en tidligere premierefest. Foto: Skjermbilde: @colleenhoover \/ Instagram\n  <\/p>\n<p>Bestselgerforfatter Colleen Hoover (46) har f\u00e5tt kreft.\u00a0<\/p>\n<p>Det melder hun selv <a href=\"https:\/\/www.facebook.com\/colleenhoover\/posts\/pfbid023ArQcugbEPEy5z2jwDf5fUYgS5cHRcyDQR2wEZqQkDukLgA4Na8PE6xXFjkPqHWUl\" rel=\"nofollow noopener\" target=\"_blank\">p\u00e5 Facebook<\/a>.\u00a0<\/p>\n<p class=\"font-weight-bold m-font-weight-bold\" data-lab-font_weight=\"font-weight-bold\">Amerikaneren, som har hatt braksuksess med romaner som \u00abDet ender med oss\u00bb, \u00abVerity\u00bb og \u00abDet starter med oss\u00bb, opplyser i et innlegg fra 9. januar at kreften \u00abikke kom fra familiegener\u00bb:<\/p>\n<p> \u00abDen kom heller ikke fra de to hoved\u00e5rsakene til kreften, som er HPV og for h\u00f8ye hormonniv\u00e5er. Dette betyr at det mest sannsynlig er milj\u00f8\/livsstilsrelatert, som vil si mangel p\u00e5 trening, d\u00e5rlig kosthold og stress\u00bb, skriver hun.<\/p>\n<p>    <a itemprop=\"url\" href=\"https:\/\/www.seher.no\/kjendis\/avslorer-kjonnet\/84089955\" rel=\"nofollow noopener\" target=\"_blank\"><\/p>\n<p>        <img loading=\"lazy\" decoding=\"async\" src=\"https:\/\/www.europesays.com\/no\/wp-content\/uploads\/2026\/01\/84090067.webp.webp\" width=\"980\" height=\"441\" title=\"Avsl\u00f8rer kj\u00f8nnet\" alt=\"\" class=\"lazyload\" style=\"--aspect-ratio-image: 2.22; \"\/><\/p>\n<p>        Avsl\u00f8rer kj\u00f8nnet<\/p>\n<p>    <\/a><\/p>\n<p>&#8211; Takknemlig for \u00e5 leve\t<\/p>\n<p>Posten har i skrivende stund f\u00e5tt over 14 000 likerklikk og flere hundre st\u00f8tteerkl\u00e6ringer i kommentarfeltet.<\/p>\n<p>\u00abJeg er glad og takknemlig for \u00e5 leve, men jeg hater gr\u00f8nnsaker. Jeg hater n\u00e5r jeg m\u00e5 opp av sofaen, jeg hater \u00e5 svette &#8211; og jeg hater n\u00e5r vitenskap har rett\u00bb, fortsetter Hoover.\u00a0<\/p>\n<p>        KREFTSYK: Bare fire m\u00e5neder etter hun giftet seg d\u00f8de Rikke (32) av brystkreft. Video: \u00abTabu\u00bb\/ NRK TV\/ R\u00f8d L\u00f8per<\/p>\n<p>\u00abNoe s\u00e5 forferdelig. Tenker p\u00e5 deg\u00bb, skriver en f\u00f8lger under innlegget.<\/p>\n<p>\u00abF\u00f8ler med deg og h\u00e5per p\u00e5 det beste\u00bb, skriver en annen.\u00a0<\/p>\n<p>    Dette er Colleen Hoover:<\/p>\n<ul>\n<li class=\"lab-bodytext-line\">Colleen Hoover er en amerikansk forfatter som hovedsakelig skriver romaner innen romantikk og skj\u00f8nnlitteratur for voksne. Hun er mest kjent for sin 2016-roman \u00abIt Ends With Us\u00bb, som har blitt oversatt til norsk som \u00abDet ender med oss\u00bb.\u00a0<\/li>\n<li class=\"lab-bodytext-line\">46-\u00e5ringen er gift med William Heath Hoover, og har barna Cale, Levi og Beckham.\u00a0<\/li>\n<li class=\"lab-bodytext-line\">Hoover har vunnet flere priser for sine romaner, deriblant Goodreads Choice Awards Best Romance.\u00a0<\/li>\n<li class=\"lab-bodytext-line\">For tiden er hun aktuell med den kommende filmen: \u00abMinner om ham\u00bb og \u00abVerity\u00bb.\u00a0<\/li>\n<\/ul>\n<p>      Vis mer<br \/>\n      Vis mindre<\/p>\n<p>Deler oppdatering\t<\/p>\n<p>Mandag 12. januar delte 46-\u00e5ringen en helseoppdatering med sine f\u00f8lgere p\u00e5 Instagram.\u00a0<\/p>\n<p class=\"font-weight-bold m-font-weight-bold\" data-lab-font_weight=\"font-weight-bold\">\u00abNest siste dag med str\u00e5ling\u00bb, skrev hun i et innlegg delt p\u00e5 Instagram Story, og tagget en kreftklinikk i Texas.<\/p>\n<p>    <a itemprop=\"url\" href=\"https:\/\/www.seher.no\/kjendis\/jeg-tenkte-er-det-kodd\/84090174\" rel=\"nofollow noopener\" target=\"_blank\"><\/p>\n<p>        <img loading=\"lazy\" decoding=\"async\" src=\"https:\/\/www.europesays.com\/no\/wp-content\/uploads\/2026\/01\/84089182.webp.webp\" width=\"980\" height=\"441\" title=\"- Jeg tenkte: \u00abEr det k\u00f8dd!?\u00bb\" alt=\"\" class=\"lazyload\" style=\"--aspect-ratio-image: 2.22; \"\/><\/p>\n<p>         &#8211; Jeg tenkte: \u00abEr det k\u00f8dd!?\u00bb<\/p>\n<p>    <\/a><\/p>\n<p>\u00abJeg skulle \u00f8nske jeg kunne legge skylda for h\u00e5ret og ansiktsuttrykket p\u00e5 Texas Oncology, men de har v\u00e6rt fantastiske. Jeg h\u00e5per du aldri trenger dem, men anbefaler dem p\u00e5 det sterkeste\u00bb, skriver hun videre.\u00a0<\/p>\n<p>        <img loading=\"lazy\" decoding=\"async\" src=\"https:\/\/www.europesays.com\/no\/wp-content\/uploads\/2026\/01\/1768327162_756_84091765.webp.webp\" width=\"667\" height=\"801\" title=\"KOMMER MED OPPDATERING: Colleen Hoover delte helseoppdatering p\u00e5 sin egen Instagram-story mandag. Foto: Skjermdump\/Instagram.\" alt=\"\" class=\"\" style=\"--aspect-ratio-image: 0.83; \"\/><\/p>\n<p>\n        KOMMER MED OPPDATERING: Colleen Hoover delte helseoppdatering p\u00e5 sin egen Instagram-story mandag. Foto: Skjermdump\/Instagram.\n    <\/p>\n<p>&#8211; S\u00e5 lei meg\t<\/p>\n<p>Det siste halv\u00e5ret har flere i stjerneforfatterens f\u00f8lgerskare v\u00e6rt bekymret for 46-\u00e5ringen.\u00a0<\/p>\n<p>Hun har nemlig avst\u00e5tt fra flere premierefester og arrangementer i lang tid.<\/p>\n<p>        ANGSTANFALL: Det ble en dramatisk start p\u00e5 \u00abFarmen kjendis\u00bb-oppholdet for komiker Jonas Lihaug Fredriksen. Reporter: Nora Skavhaug. Video: Sanne Holt\/ TV 2\/ R\u00f8d L\u00f8per<\/p>\n<p>\u00abJeg er s\u00e5 lei meg for alt jeg m\u00e5 st\u00e5 over. Jeg h\u00e5per \u00e5 komme sterkere tilbake snart\u00bb, skrev Hoover i et Facebook-innlegg i desember.\u00a0<\/p>\n<p><a href=\"https:\/\/people.com\/it-ends-with-us-author-colleen-hoover-reveals-cancer-diagnosis-as-she-concludes-radiation-11884118\" rel=\"nofollow noopener\" target=\"_blank\">Flere medier<\/a> omtaler n\u00e5 forfatterens kreftdiganose, men det er forel\u00f8pig ikke bekreftet hvilken krefttype hun har.\u00a0<\/p>\n","protected":false},"excerpt":{"rendered":"Colleen Hoover: \u00abDet ender med oss\u00bb-forfatteren avsl\u00f8rer kreftdiagnose &#8211; og kommer samtidig med ny oppdatering. KREFTSYK: Den prisvinnende&hellip;\n","protected":false},"author":2,"featured_media":136043,"comment_status":"","ping_status":"","sticky":false,"template":"","format":"standard","meta":{"footnotes":""},"categories":[12],"tags":[20,21,15606,15605,24,25,6884,15,12110,479,2543,1401,704,13111,22,23,13,30,28,29,14,16,26,27,42,43,44,45],"class_list":{"0":"post-136042","1":"post","2":"type-post","3":"status-publish","4":"format-standard","5":"has-post-thumbnail","7":"category-verden","8":"tag-breaking-news","9":"tag-breakingnews","10":"tag-colleen-hoover","11":"tag-det-ender-med-oss","12":"tag-featured-news","13":"tag-featurednews","14":"tag-forfatter","15":"tag-headlines","16":"tag-it-ends-with-us","17":"tag-kjendis","18":"tag-kjendisdesken","19":"tag-kreft","20":"tag-kreftbehandling","21":"tag-kreftdiagnose","22":"tag-latest-news","23":"tag-latestnews","24":"tag-news","25":"tag-no","26":"tag-norge","27":"tag-norway","28":"tag-nyheter","29":"tag-overskrifter","30":"tag-top-stories","31":"tag-topstories","32":"tag-verden","33":"tag-world","34":"tag-world-news","35":"tag-worldnews"},"share_on_mastodon":{"url":"https:\/\/pubeurope.com\/@no\/115889095562566445","error":""},"_links":{"self":[{"href":"https:\/\/www.europesays.com\/no\/wp-json\/wp\/v2\/posts\/136042","targetHints":{"allow":["GET"]}}],"collection":[{"href":"https:\/\/www.europesays.com\/no\/wp-json\/wp\/v2\/posts"}],"about":[{"href":"https:\/\/www.europesays.com\/no\/wp-json\/wp\/v2\/types\/post"}],"author":[{"embeddable":true,"href":"https:\/\/www.europesays.com\/no\/wp-json\/wp\/v2\/users\/2"}],"replies":[{"embeddable":true,"href":"https:\/\/www.europesays.com\/no\/wp-json\/wp\/v2\/comments?post=136042"}],"version-history":[{"count":0,"href":"https:\/\/www.europesays.com\/no\/wp-json\/wp\/v2\/posts\/136042\/revisions"}],"wp:featuredmedia":[{"embeddable":true,"href":"https:\/\/www.europesays.com\/no\/wp-json\/wp\/v2\/media\/136043"}],"wp:attachment":[{"href":"https:\/\/www.europesays.com\/no\/wp-json\/wp\/v2\/media?parent=136042"}],"wp:term":[{"taxonomy":"category","embeddable":true,"href":"https:\/\/www.europesays.com\/no\/wp-json\/wp\/v2\/categories?post=136042"},{"taxonomy":"post_tag","embeddable":true,"href":"https:\/\/www.europesays.com\/no\/wp-json\/wp\/v2\/tags?post=136042"}],"curies":[{"name":"wp","href":"https:\/\/api.w.org\/{rel}","templated":true}]}}