{"id":136048,"date":"2026-01-13T18:02:09","date_gmt":"2026-01-13T18:02:09","guid":{"rendered":"https:\/\/www.europesays.com\/no\/136048\/"},"modified":"2026-01-13T18:02:09","modified_gmt":"2026-01-13T18:02:09","slug":"glimt-sport-na-venter-gigantene-for-glimt-vi-er-pa-et-bra-sted-avisa-nordland","status":"publish","type":"post","link":"https:\/\/www.europesays.com\/no\/136048\/","title":{"rendered":"Glimt, Sport | N\u00e5 venter gigantene for Glimt: \u2013 Vi er p\u00e5 et bra sted &#8211; Avisa Nordland"},"content":{"rendered":"<ol>\n<li><a href=\"https:\/\/news.google.com\/rss\/articles\/CBMiigFBVV95cUxON1pBSzJWeFFROEU5a3M3RUZZeTF6bFl6alBXM3FjNEZGQU9YdjJobWZPcDduMEhoOTUteUg0X1pQSkw2SWVuZFBpXzhJcWhwZDAzTXdabDFWVEJnXzMwY1JfSzJTMFdzYVp3N3luMlRDV2JLTlZXQjhUWW5UQUcyY0JsZ2lhR2JuYnc?oc=5\" target=\"_blank\" rel=\"nofollow noopener\">Glimt, Sport | N\u00e5 venter gigantene for Glimt: \u2013 Vi er p\u00e5 et bra sted<\/a>&nbsp;&nbsp;Avisa Nordland<\/li>\n<li><a href=\"https:\/\/news.google.com\/rss\/articles\/CBMitAFBVV95cUxQdDVZSlR1aDFMV2tWZDR2VFNtYTRjUGY0MXJxZjVPMUxSd05UWE5mWGlJeEtpdjdVM25IUHE1RHZnVEo3WV9udHZDVEppNkFpVlJlRUhFNzVNbW9jOU1pSFFXcFlGYVlVanNON3BEZG9yMlVTdzd3VDhXVXVRazdXbXR5R3VrUDdQOE82aE41MHlJV1dhVU9PWHVjemxiS2xjbk9LS21YbGgtdkRaa01aQ2h4dUg?oc=5\" target=\"_blank\" rel=\"nofollow noopener\">Blodig Bj\u00f8rkan og Glimt med seier f\u00f8r City-m\u00f8te<\/a>&nbsp;&nbsp;MSN<\/li>\n<li><a href=\"https:\/\/news.google.com\/rss\/articles\/CBMilgFBVV95cUxPRUpCOW00eml0aEQ2NjlqRmtoV0pqOXU1cGJ5eFNYdUJHMHk1U2pnaTlrZGloNUcycUN4TGd2UUx5WUw1LWRlYkdTWkhKWFd0Z2hGT1pqeTY1emQ2NlpuekhCSnYyZjJxaTk3N09sRjk4ZDFSMXQ3d2NwN05BeHY3Vkh5M3BwLVA4Wm9MX0Z4Z3pXbWVzbkE?oc=5\" target=\"_blank\" rel=\"nofollow noopener\">Sport, Fotball | Mer spissing denne gang: \u2013 Vi har jobbet mest med angrepsspill<\/a>&nbsp;&nbsp;Avisa Nordland<\/li>\n<li><a href=\"https:\/\/news.google.com\/rss\/articles\/CBMidkFVX3lxTE1RSlRKeWQ4dDlveEYtVUxLaGczZE54bmR0dmVnMVVQcktFVTJzeFBPLU9fN2VnMUNlSkZjNkMxcm9aY25uUlhkYTB3Ul9IMVVtMzdwcUc5UXA5bG1nZWRzaDlpeFFDRjZOV1pUcDF5Mk9lc0dVOUE?oc=5\" target=\"_blank\" rel=\"nofollow noopener\">Glimt, Sport | Disse starter i Glimts generalpr\u00f8ve<\/a>&nbsp;&nbsp;Avisa Nordland<\/li>\n<li><a href=\"https:\/\/news.google.com\/rss\/articles\/CBMikwFBVV95cUxNY091RTV6U05ZUGZaMkdET0o2UUJWdXpjc2Q4dE1wN05GMEVmZjFTRlZaRWoyVDV1Sml4UWFZTUlOZElDVE1nN3h0cWVpazNNczFkeFlxYWMzZE1XZEJlTFQtRVFkU2thWkFjSXV4V0tJUGptLVFmMTdxdHhnM0NJQXlFLVdZRks3VlBHbEN1ZUd3NUk?oc=5\" target=\"_blank\" rel=\"nofollow noopener\">Glimt, Sport | Blodig Bj\u00f8rkan startet opphentingen. Glimt seiret i generalpr\u00f8ven<\/a>&nbsp;&nbsp;Avisa Nordland<\/li>\n<\/ol>\n","protected":false},"excerpt":{"rendered":"Glimt, Sport | N\u00e5 venter gigantene for Glimt: \u2013 Vi er p\u00e5 et bra sted&nbsp;&nbsp;Avisa Nordland Blodig Bj\u00f8rkan&hellip;\n","protected":false},"author":2,"featured_media":136049,"comment_status":"","ping_status":"","sticky":false,"template":"","format":"standard","meta":{"footnotes":""},"categories":[59],"tags":[30,28,29,83,82],"class_list":{"0":"post-136048","1":"post","2":"type-post","3":"status-publish","4":"format-standard","5":"has-post-thumbnail","7":"category-sport","8":"tag-no","9":"tag-norge","10":"tag-norway","11":"tag-sport","12":"tag-sports"},"share_on_mastodon":{"url":"https:\/\/pubeurope.com\/@no\/115889107473094703","error":""},"_links":{"self":[{"href":"https:\/\/www.europesays.com\/no\/wp-json\/wp\/v2\/posts\/136048","targetHints":{"allow":["GET"]}}],"collection":[{"href":"https:\/\/www.europesays.com\/no\/wp-json\/wp\/v2\/posts"}],"about":[{"href":"https:\/\/www.europesays.com\/no\/wp-json\/wp\/v2\/types\/post"}],"author":[{"embeddable":true,"href":"https:\/\/www.europesays.com\/no\/wp-json\/wp\/v2\/users\/2"}],"replies":[{"embeddable":true,"href":"https:\/\/www.europesays.com\/no\/wp-json\/wp\/v2\/comments?post=136048"}],"version-history":[{"count":0,"href":"https:\/\/www.europesays.com\/no\/wp-json\/wp\/v2\/posts\/136048\/revisions"}],"wp:featuredmedia":[{"embeddable":true,"href":"https:\/\/www.europesays.com\/no\/wp-json\/wp\/v2\/media\/136049"}],"wp:attachment":[{"href":"https:\/\/www.europesays.com\/no\/wp-json\/wp\/v2\/media?parent=136048"}],"wp:term":[{"taxonomy":"category","embeddable":true,"href":"https:\/\/www.europesays.com\/no\/wp-json\/wp\/v2\/categories?post=136048"},{"taxonomy":"post_tag","embeddable":true,"href":"https:\/\/www.europesays.com\/no\/wp-json\/wp\/v2\/tags?post=136048"}],"curies":[{"name":"wp","href":"https:\/\/api.w.org\/{rel}","templated":true}]}}