{"id":136052,"date":"2026-01-13T18:06:13","date_gmt":"2026-01-13T18:06:13","guid":{"rendered":"https:\/\/www.europesays.com\/no\/136052\/"},"modified":"2026-01-13T18:06:13","modified_gmt":"2026-01-13T18:06:13","slug":"k-for-kaos-e24","status":"publish","type":"post","link":"https:\/\/www.europesays.com\/no\/136052\/","title":{"rendered":"K for kaos \u2013 E24"},"content":{"rendered":"<p><img decoding=\"async\" class=\"image-asset hyperion-css-u06ts1\" data-test-tag=\"image-asset\" src=\"https:\/\/www.europesays.com\/no\/wp-content\/uploads\/2026\/01\/46aa5653-a99a-4651-ba74-7b7b7121141b.jpeg\"  alt=\"Mye greier: President Donald Trump og en rekke plansjer han brukte da han snakket om amerikansk \u00f8konomi fra Det hvite hus i fjor h\u00f8st.\"  loading=\"eager\" fetchpriority=\"high\" style=\"aspect-ratio:1900 \/ 1267\"\/>Mye greier: President Donald Trump og en rekke plansjer han brukte da han snakket om amerikansk \u00f8konomi fra Det hvite hus i fjor h\u00f8st. Foto: Mark Schiefelbein \/ AP<\/p>\n<p class=\"extendedContent hyperion-css-1rezocc\" data-test-tag=\"lead-text\">Amerikansk \u00f8konomi utvikler seg i en retning hvor de rike blir rikere og de fattige fattigere. Av slikt blir det lek med bokstaver. <\/p>\n<p>Publisert: Publisert: <\/p>\n<p>I dag 11:10<\/p>\n<p>Dette er en kommentar<\/p>\n<p> Kommentaren gir uttrykk for skribentens holdning.<\/p>\n<p class=\"hyperion-css-1lemvax\">I jungelen av \u00f8konomiske akronymer, forkortelser og bokstaver er det alfabetets 11. bokstav som gjelder akkurat n\u00e5. <\/p>\n<p class=\"hyperion-css-1lemvax\">For n\u00e5 pekes det p\u00e5 tegn som tyder p\u00e5 at den amerikanske \u00f8konomien utvikler seg i en K-form. <\/p>\n<p><a data-test-tag=\"teaser-small:link-internal\" href=\"https:\/\/e24.no\/internasjonal-oekonomi\/i\/JOJOOm\/sjefoekonom-om-powell-tar-av-hanskene-og-slaar-tilbake\" class=\"imagePosition-top inline hyperion-css-6238vu\" rel=\"nofollow noopener\" target=\"\" aria-label=\"Sjef\u00f8konom om Powell: \u2013 Tar av hanskene og sl\u00e5r tilbake\"><\/p>\n<p>Les ogs\u00e5<\/p>\n<p>Sjef\u00f8konom om Powell: \u2013 Tar av hanskene og sl\u00e5r tilbake<\/p>\n<p><\/a><\/p>\n<p class=\"hyperion-css-1lemvax\">S\u00e5 hva dreier dette seg om?<\/p>\n<p class=\"hyperion-css-1lemvax\">Det handler om utviklingen i amerikansk \u00f8konomi. De fleste har f\u00e5tt med seg at til tross for at de har en president som stadig kommer med nye uttalelser om hvordan landet skal styres, innf\u00f8rer nye tollsatser og n\u00e5 senest i helgen varslet <a data-test-tag=\"internal-link\" href=\"https:\/\/e24.no\/boers-og-finans\/i\/bOnOnv\/aapner-etterforskning-av-fed-sjef-jerome-powell\" class=\"hyperion-css-1rezu2g\" rel=\"nofollow noopener\" target=\"\" aria-label=\"granskning av sentralbanken\" theme=\"default_opinion\">granskning av sentralbanken<\/a> &#8211; s\u00e5 g\u00e5r det ganske greit i amerikansk \u00f8konomi. <\/p>\n<p class=\"hyperion-css-1lemvax\">Samtidig har aksjeindeksene utviklet seg sterkt det siste \u00e5ret, godt l\u00f8ftet av teknologi og KI-selskapene.  <\/p>\n<p class=\"hyperion-css-1lemvax\">Denne optimismen kommer f\u00f8rst og fremst de amerikanske h\u00f8yinntektshusholdningene til gode. Disse amerikanerne opplever l\u00f8nnsvekst, de investerer i fond og aksjer, og har det siste \u00e5ret sett sparepengene vokse kraftig. Samtidig har eiendommene deres steget i verdi og l\u00f8nnsveksten har v\u00e6rt god. <\/p>\n<p class=\"hyperion-css-1lemvax\">Disse amerikanerne representerer den delen av K-en som peker oppover. <\/p>\n<p><a data-test-tag=\"teaser-small:link-internal\" href=\"https:\/\/e24.no\/internasjonal-oekonomi\/i\/0VwK4A\/usas-oekonomi-splittes-vi-foelger-noeye-med\" class=\"imagePosition-top inline hyperion-css-6238vu\" rel=\"nofollow noopener\" target=\"\" aria-label=\"USAs \u00f8konomi splittes: \u2013 Vi f\u00f8lger n\u00f8ye med\"><\/p>\n<p>Les ogs\u00e5<\/p>\n<p>USAs \u00f8konomi splittes: \u2013 Vi f\u00f8lger n\u00f8ye med<\/p>\n<p><\/a><\/p>\n<p class=\"hyperion-css-1lemvax\">P\u00e5 den andre siden er det husholdningene med lavere inntekter. <\/p>\n<p class=\"hyperion-css-1lemvax\">De som st\u00e5r for den delen av K-en som peker nedover. <\/p>\n<p class=\"hyperion-css-1lemvax\">B\u00e5de f\u00f8r og under pandemien opplevde denne gruppen en h\u00f8yere inntektsvekst enn andre, men dette har endret seg det siste \u00e5ret, if\u00f8lge tall fra<a aria-label=\" Federal Reserve Bank of Atlanta\" class=\"default_opinion hyperion-css-1rezu2g\" href=\"https:\/\/www.atlantafed.org\/chcs\/wage-growth-tracker\" rel=\"noopener nofollow noreferrer\" data-test-tag=\"external-link\" target=\"_blank\"> Federal Reserve Bank of Atlanta<\/a>. <\/p>\n<p class=\"hyperion-css-1lemvax\">Denne gruppen er ogs\u00e5 mer prissensitiv, noe som igjen p\u00e5virker konsumet. <\/p>\n<p><a data-test-tag=\"teaser-small:link-internal\" href=\"https:\/\/e24.no\/boers-og-finans\/i\/XMlAr7\/uten-ai-forsvinner-veksten\" class=\"imagePosition-top inline hyperion-css-6238vu\" rel=\"nofollow noopener\" target=\"\" aria-label=\"Uten AI forsvinner veksten\"><\/p>\n<p>Les p\u00e5 E24+<\/p>\n<p>Uten AI forsvinner veksten<\/p>\n<p><\/a><\/p>\n<p class=\"hyperion-css-1lemvax\">Noe forenklet kan man si at i USA har halvparten av befolkningen mye penger, mens den andre halvparten har omtrent ingenting. <\/p>\n<p class=\"hyperion-css-1lemvax\">S\u00e5nn har det for s\u00e5 vidt v\u00e6rt i USA lenge, <a aria-label=\"enkelte mener \" class=\"default_opinion hyperion-css-1rezu2g\" href=\"https:\/\/www.businessinsider.com\/wages-consumer-spending-low-high-earners-show-k-shaped-divide-2026-1\" rel=\"noopener nofollow noreferrer\" data-test-tag=\"external-link\" target=\"_blank\">enkelte mener <\/a>helt siden finanskrisen i 2007\/2008.<\/p>\n<p class=\"hyperion-css-1lemvax\">Forskjellene har imidlertid blitt betydelig st\u00f8rre det siste \u00e5ret, noe ogs\u00e5 sentralbanksjef Jerome Powell uttrykte bekymring over tidligere i vinter. <\/p>\n<p class=\"hyperion-css-1lemvax\">Overordnet ser \u00f8konomien god ut, men det er \u00f8kende underliggende uro. <\/p>\n<p class=\"hyperion-css-1lemvax\">Arbeidsledigheten er forholdsvis lav, men 63 prosent av amerikanerne venter \u00f8kt arbeidsledighet det neste \u00e5ret, if\u00f8lge<a aria-label=\" Consumer Sentiment Report\" class=\"default_opinion hyperion-css-1rezu2g\" href=\"https:\/\/www.sca.isr.umich.edu\/\" rel=\"noopener nofollow noreferrer\" data-test-tag=\"external-link\" target=\"_blank\"> Consumer Sentiment Report<\/a> fra University of Michigan i desember. Det kan virke som et paradoks at til tross for at \u00f8konomien ser ut til \u00e5 vokse og aksjeindeksene stiger, s\u00e5 skapes det ikke flere arbeidsplasser. <\/p>\n<p><a data-test-tag=\"teaser-small:link-internal\" href=\"https:\/\/e24.no\/internasjonal-oekonomi\/i\/XM8gXg\/50-000-nye-jobber-skapt-utenfor-landbruket-i-usa-i-desember\" class=\"imagePosition-top inline hyperion-css-6238vu\" rel=\"nofollow noopener\" target=\"\" aria-label=\"50.000 nye jobber skapt utenfor landbruket i USA i desember\"><\/p>\n<p>Les ogs\u00e5<\/p>\n<p>50.000 nye jobber skapt utenfor landbruket i USA i desember<\/p>\n<p><\/a><\/p>\n<p class=\"hyperion-css-1lemvax\">Torsten Slok, partner og sjef\u00f8konom i kapitalforvaltningsselskapet Apollo, gjestet \u00e5rets Skagenkonferanse, hvor han ogs\u00e5 trakk frem hvordan det er mindre behov for nye jobber n\u00e5r det kommer f\u00e6rre innvandrere. Det gj\u00f8r at man i st\u00f8rre grad m\u00e5 tolke \u00abm\u00e5nedens viktigste tall\u00bb, <a data-test-tag=\"internal-link\" href=\"https:\/\/e24.no\/internasjonal-oekonomi\/i\/XM8gXg\/50-000-nye-jobber-skapt-utenfor-landbruket-i-usa-i-desember\" class=\"hyperion-css-1rezu2g\" rel=\"nofollow noopener\" target=\"\" aria-label=\"nonfarm payrolls\" theme=\"default_opinion\">nonfarm payrolls<\/a>, i lys av tall som tyder p\u00e5 mindre innvandring til USA fremover. <\/p>\n<p><a data-test-tag=\"teaser-small:link-internal\" href=\"https:\/\/e24.no\/boers-og-finans\/i\/5p0mpE\/toppoekonom-advarer-om-comeback-for-inflasjon\" class=\"imagePosition-top inline hyperion-css-6238vu\" rel=\"nofollow noopener\" target=\"\" aria-label=\"Topp\u00f8konom advarer om comeback for inflasjon\"><\/p>\n<p>Les p\u00e5 E24+<\/p>\n<p>Topp\u00f8konom advarer om comeback for inflasjon<\/p>\n<p><\/a><\/p>\n<p class=\"hyperion-css-1lemvax\">Temperaturen i amerikansk \u00f8konomi, m\u00e5lt i prisstigning eller inflasjon, er fortsatt h\u00f8yere enn sentralbankens m\u00e5l, og ser ut til \u00e5 holde seg h\u00f8yere lenger enn tidligere antatt. <\/p>\n<p class=\"hyperion-css-1lemvax\">Denne \u00abh\u00f8yere lenger\u00bb-situasjonen forsterker utviklingen og gj\u00f8r utsiktene tyngre for de som allerede tilh\u00f8rer den nedadg\u00e5ende \u00abfoten\u00bb i K-en. Det understreker ogs\u00e5 at det ikke haster for sentralbanken med ytterligere rentekutt.   <\/p>\n<p class=\"hyperion-css-1lemvax\">Det som kompliserer bildet ytterligere i disse dager er diskusjonen rundt uavhengigheten til sentralbanken og pengepolitikken. Donald Trump har v\u00e6rt og er tydelig p\u00e5 hva han \u00f8nsker fra Fed, og gir sentrale verv i banken til folk som st\u00f8tter han politisk. <\/p>\n<p class=\"hyperion-css-1lemvax\">Om sentralbankens uavhengighet utfordres, kan det skape usikkerhet som f\u00e5r f\u00f8lger b\u00e5de i real\u00f8konomien og i aksjemarkedene. Og er det en ting vi har l\u00e6rt det siste \u00e5ret, s\u00e5 er det at alt kan skje. Og at kaos og uorden, p\u00e5 et vis skaper en ny orden. <\/p>\n<p class=\"hyperion-css-1lemvax\">Investorer flyktet fra USA da Trump lanserte enorme toller i april i fjor, men i m\u00e5nedene etter har de kommet tilbake og kaster seg n\u00e5 b\u00e5de over amerikanske AI-aksjer og statsobligasjoner, og dollaren har styrket seg.<\/p>\n<p class=\"hyperion-css-1lemvax\">H\u00e5ndboken for hvordan man skal styre en sentralbank m\u00e5 kanskje skrives p\u00e5 nytt, og der er det ikke gitt hvilken bokstav som vil etterf\u00f8lge K.<\/p>\n","protected":false},"excerpt":{"rendered":"Mye greier: President Donald Trump og en rekke plansjer han brukte da han snakket om amerikansk \u00f8konomi fra&hellip;\n","protected":false},"author":2,"featured_media":136053,"comment_status":"","ping_status":"","sticky":false,"template":"","format":"standard","meta":{"footnotes":""},"categories":[12],"tags":[20,21,24,25,15,22,23,13,30,28,29,14,16,26,27,42,43,44,45],"class_list":{"0":"post-136052","1":"post","2":"type-post","3":"status-publish","4":"format-standard","5":"has-post-thumbnail","7":"category-verden","8":"tag-breaking-news","9":"tag-breakingnews","10":"tag-featured-news","11":"tag-featurednews","12":"tag-headlines","13":"tag-latest-news","14":"tag-latestnews","15":"tag-news","16":"tag-no","17":"tag-norge","18":"tag-norway","19":"tag-nyheter","20":"tag-overskrifter","21":"tag-top-stories","22":"tag-topstories","23":"tag-verden","24":"tag-world","25":"tag-world-news","26":"tag-worldnews"},"share_on_mastodon":{"url":"https:\/\/pubeurope.com\/@no\/115889123089277664","error":""},"_links":{"self":[{"href":"https:\/\/www.europesays.com\/no\/wp-json\/wp\/v2\/posts\/136052","targetHints":{"allow":["GET"]}}],"collection":[{"href":"https:\/\/www.europesays.com\/no\/wp-json\/wp\/v2\/posts"}],"about":[{"href":"https:\/\/www.europesays.com\/no\/wp-json\/wp\/v2\/types\/post"}],"author":[{"embeddable":true,"href":"https:\/\/www.europesays.com\/no\/wp-json\/wp\/v2\/users\/2"}],"replies":[{"embeddable":true,"href":"https:\/\/www.europesays.com\/no\/wp-json\/wp\/v2\/comments?post=136052"}],"version-history":[{"count":0,"href":"https:\/\/www.europesays.com\/no\/wp-json\/wp\/v2\/posts\/136052\/revisions"}],"wp:featuredmedia":[{"embeddable":true,"href":"https:\/\/www.europesays.com\/no\/wp-json\/wp\/v2\/media\/136053"}],"wp:attachment":[{"href":"https:\/\/www.europesays.com\/no\/wp-json\/wp\/v2\/media?parent=136052"}],"wp:term":[{"taxonomy":"category","embeddable":true,"href":"https:\/\/www.europesays.com\/no\/wp-json\/wp\/v2\/categories?post=136052"},{"taxonomy":"post_tag","embeddable":true,"href":"https:\/\/www.europesays.com\/no\/wp-json\/wp\/v2\/tags?post=136052"}],"curies":[{"name":"wp","href":"https:\/\/api.w.org\/{rel}","templated":true}]}}