{"id":136056,"date":"2026-01-13T18:08:11","date_gmt":"2026-01-13T18:08:11","guid":{"rendered":"https:\/\/www.europesays.com\/no\/136056\/"},"modified":"2026-01-13T18:08:11","modified_gmt":"2026-01-13T18:08:11","slug":"reise-kristiansund-12-prosent-okning-for-kvernberget-en-positiv-utvikling-tidens-krav","status":"publish","type":"post","link":"https:\/\/www.europesays.com\/no\/136056\/","title":{"rendered":"Reise, Kristiansund | 12 prosent \u00f8kning for Kvernberget: \u2013 En positiv utvikling &#8211; Tidens Krav"},"content":{"rendered":"<ol>\n<li><a href=\"https:\/\/news.google.com\/rss\/articles\/CBMikAFBVV95cUxNZC04dHNpRE9Oa1RjQndpYzhMbkw0SWxnZXV5dXNTRDZDVzY4MVFMNmRFN2ZnNURTYjA2QlZaVWRBZm5iUTVsc2QydS1Sc2RHeXFmUlJMcGkzZzdpa05nOGwzb0dvNVFTQXNJMm5aTktvNExvNnNvRFQzMHpWN0VvVmhYWndnYTV1VHdxWHpTY1E?oc=5\" target=\"_blank\" rel=\"nofollow noopener\">Reise, Kristiansund | 12 prosent \u00f8kning for Kvernberget: \u2013 En positiv utvikling<\/a>&nbsp;&nbsp;Tidens Krav<\/li>\n<li><a href=\"https:\/\/news.google.com\/rss\/articles\/CBMifkFVX3lxTE5NNUNOT1NnYVpVcFgyR3pLNnN2dUVUUmdUV0RWaHNwd0t0UV9qWVUxWDJSbW1yOVdseVZIcHJya2RWWHg3c0NKOEUtSE1ydEN6SDFtYTUyMlBCMmoyd19YNHdLNktDSnpCUEhaVlhEWERSUTUxRjV5YjlkYkZ2UQ?oc=5\" target=\"_blank\" rel=\"nofollow noopener\">Kverberget er vinneren i M\u00f8re og Romsdal<\/a>&nbsp;&nbsp;NRK<\/li>\n<li><a href=\"https:\/\/news.google.com\/rss\/articles\/CBMinwFBVV95cUxOSG5Sem9SZXhjZ2dJVXR1VWRZbHdnME5Pc1BCSjZ6cXAwblFod0JYTmtWOE8tQTlscm5DbHBvYWVGODRTYzA5OXBFamFMWGdiem80UUQtYVltQXM0RDRvTUx6X3FLdDdtNnAzbjJsWjBteG5XdlVPZy1KVENLQTA0MW5CdVl1TmduOUZybEMzN1VxRURvX1VmaXE5anJicjA?oc=5\" target=\"_blank\" rel=\"nofollow noopener\">God trafikk\u00f8kning p\u00e5 Avinors flyplasser i fjor<\/a>&nbsp;&nbsp;adressa.no<\/li>\n<li><a href=\"https:\/\/news.google.com\/rss\/articles\/CBMisAFBVV95cUxQTEtaRzR5RkVhRlJWSTl6eHE0WWh5dl9SU2xkUl9IbEtJOEtjaE9qdXFheDV0WkRxVExOTC11MlUtRDU4LVh4eEVPZG16TlJKOVA1U2ZpTExJZ3ZDV0hJaUVzM01nQTVsbjh3Z1ZUWGtTNlJTSXc3bFRZZTNITk4zaWgzU2FUNlhGc3VQRFREbFNhdERFdzRDVllQcm1TdlIyRFM3WF9JNWJCVEVXNFpxNw?oc=5\" target=\"_blank\" rel=\"nofollow noopener\">Reiseliv, Avinor | Solid vekst i Nord-Norge: \u2013 Veksten i Bod\u00f8 og Evenes viser at regionen st\u00e5r sterkt<\/a>&nbsp;&nbsp;Avisa Nordland<\/li>\n<li><a href=\"https:\/\/news.google.com\/rss\/articles\/CBMiigFBVV95cUxPX1NXVzVkVnROR2I0R2ZCcnRqZUhqYmI0aXQycEt3elJEb1p5SmJUV0RsU2szdDZId3VHYV9WNTl3RkM3Q2R4a1RJVlVrVllXN1FKZGExZVQxTGpjUUdNQ2podF9hT0hWekpNbDBrZ3JXX25MM2FoTVFhbzhMTTFEMlBFQ09pR2FIZnc?oc=5\" target=\"_blank\" rel=\"nofollow noopener\">Troms\u00f8 lufthavn, Reiseliv | Flytrafikken \u00f8ker \u2013 n\u00e5 er Troms\u00f8 tredje st\u00f8rst<\/a>&nbsp;&nbsp;Nordlys<\/li>\n<\/ol>\n","protected":false},"excerpt":{"rendered":"Reise, Kristiansund | 12 prosent \u00f8kning for Kvernberget: \u2013 En positiv utvikling&nbsp;&nbsp;Tidens Krav Kverberget er vinneren i M\u00f8re&hellip;\n","protected":false},"author":2,"featured_media":136057,"comment_status":"","ping_status":"","sticky":false,"template":"","format":"standard","meta":{"footnotes":""},"categories":[5],"tags":[20,21,24,25,15,19,22,23,17,18,13,30,28,29,14,16,26,27],"class_list":{"0":"post-136056","1":"post","2":"type-post","3":"status-publish","4":"format-standard","5":"has-post-thumbnail","7":"category-overskrifter","8":"tag-breaking-news","9":"tag-breakingnews","10":"tag-featured-news","11":"tag-featurednews","12":"tag-headlines","13":"tag-hovedoppslag","14":"tag-latest-news","15":"tag-latestnews","16":"tag-main-news","17":"tag-mainnews","18":"tag-news","19":"tag-no","20":"tag-norge","21":"tag-norway","22":"tag-nyheter","23":"tag-overskrifter","24":"tag-top-stories","25":"tag-topstories"},"share_on_mastodon":{"url":"https:\/\/pubeurope.com\/@no\/115889130974361120","error":""},"_links":{"self":[{"href":"https:\/\/www.europesays.com\/no\/wp-json\/wp\/v2\/posts\/136056","targetHints":{"allow":["GET"]}}],"collection":[{"href":"https:\/\/www.europesays.com\/no\/wp-json\/wp\/v2\/posts"}],"about":[{"href":"https:\/\/www.europesays.com\/no\/wp-json\/wp\/v2\/types\/post"}],"author":[{"embeddable":true,"href":"https:\/\/www.europesays.com\/no\/wp-json\/wp\/v2\/users\/2"}],"replies":[{"embeddable":true,"href":"https:\/\/www.europesays.com\/no\/wp-json\/wp\/v2\/comments?post=136056"}],"version-history":[{"count":0,"href":"https:\/\/www.europesays.com\/no\/wp-json\/wp\/v2\/posts\/136056\/revisions"}],"wp:featuredmedia":[{"embeddable":true,"href":"https:\/\/www.europesays.com\/no\/wp-json\/wp\/v2\/media\/136057"}],"wp:attachment":[{"href":"https:\/\/www.europesays.com\/no\/wp-json\/wp\/v2\/media?parent=136056"}],"wp:term":[{"taxonomy":"category","embeddable":true,"href":"https:\/\/www.europesays.com\/no\/wp-json\/wp\/v2\/categories?post=136056"},{"taxonomy":"post_tag","embeddable":true,"href":"https:\/\/www.europesays.com\/no\/wp-json\/wp\/v2\/tags?post=136056"}],"curies":[{"name":"wp","href":"https:\/\/api.w.org\/{rel}","templated":true}]}}