{"id":136062,"date":"2026-01-13T18:13:17","date_gmt":"2026-01-13T18:13:17","guid":{"rendered":"https:\/\/www.europesays.com\/no\/136062\/"},"modified":"2026-01-13T18:13:17","modified_gmt":"2026-01-13T18:13:17","slug":"svensk-alarm-et-problem","status":"publish","type":"post","link":"https:\/\/www.europesays.com\/no\/136062\/","title":{"rendered":"Svensk alarm: &#8211; Et problem"},"content":{"rendered":"<p>    Viljen til \u00e5 ta opp v\u00e5pen og kjempe for Sverige synker blant befolkningen, viser en ny unders\u00f8kelse. Forsvarssjef Michael Claesson mener det er et problem.<\/p>\n<p>\n    Svensker er mindre villig til \u00e5 forsvare sitt eget land n\u00e5 enn f\u00f8r, if\u00f8lge en ny unders\u00f8kelse. Foto: Erik Johansen \/ NTB\n  <\/p>\n<p>I en \u00e5rlig unders\u00f8kelse gjennomf\u00f8rt av myndigheten for psykologisk forsvar (MPF) er st\u00f8tten til Sveriges totalforsvar p\u00e5 sitt sterkeste siden unders\u00f8kelsene startet. Men viljen til \u00e5 selv forsvare sitt eget land har sunket noe, fra 69 prosent til 65 prosent.<\/p>\n<p>\u2013 Dette er helt klart et problem. Vi m\u00e5 ha en felles forst\u00e5else av situasjonen. En forst\u00e5else av hvorfor det er viktig \u00e5 forsvare v\u00e5rt territorium, oss selv fysisk og det vi st\u00e5r for, sier forsvarssjef Michael Claesson.<\/p>\n<p>Han tror imidlertid at tror at forsvarsviljen vil v\u00e6re tilstrekkelig dersom behovet oppst\u00e5r.<\/p>\n<p>        <img loading=\"lazy\" decoding=\"async\" src=\"https:\/\/www.europesays.com\/no\/wp-content\/uploads\/2026\/01\/84091682.webp.webp\" width=\"667\" height=\"381\" title=\"Forsvarssjef Michael Claesson (t.h) er bekymret over at forsvarsviljen i Sverige synker. Foto: Stefan Jerrev\u00e5ng \/ TT \/ NTB\" alt=\"\" class=\"\" style=\"--aspect-ratio-image: 1.75; \"\/><\/p>\n<p>\n        Forsvarssjef Michael Claesson (t.h) er bekymret over at forsvarsviljen i Sverige synker. Foto: Stefan Jerrev\u00e5ng \/ TT \/ NTB\n    <\/p>\n<p>\u2013 Jeg tror jeg kjenner svenskenes karakter nok til \u00e5 tro at vi, tross alt, har et ganske klart hjerte for \u00e5 forsvare v\u00e5rt hjemland.<\/p>\n<p>Bekymret\t<\/p>\n<p>Fungerende MPF-direkt\u00f8r Magnus Hjort frykter konsekvensene om forsvarsviljen faller for mye. Han viser til at fiendtlige krefter fors\u00f8ker \u00e5 s\u00e5 splid i landet, og at jo lavere tilliten er til samfunnet, desto lavere er viljen til \u00e5 forsvare det.<\/p>\n<p>    <a itemprop=\"url\" href=\"https:\/\/sol.no\/nyheter\/trump-fortsatt-apen-for-luftangrep-mot-iran\/84090684\" rel=\"nofollow noopener\" target=\"_blank\"><\/p>\n<p>        <img loading=\"lazy\" decoding=\"async\" src=\"https:\/\/www.europesays.com\/no\/wp-content\/uploads\/2026\/01\/84090698.webp.webp\" width=\"980\" height=\"441\" title=\"Trump fortsatt \u00e5pen for luftangrep mot Iran\" alt=\"\" class=\"lazyload\" style=\"--aspect-ratio-image: 2.22; \"\/><\/p>\n<p>        Trump fortsatt \u00e5pen for luftangrep mot Iran<\/p>\n<p>sol.no<\/p>\n<p>    <\/a><\/p>\n<p>\u2013 Jeg mener vi b\u00f8r fortsette \u00e5 bygge et sterkt og sammensveiset samfunn. Et samfunn hvor alle f\u00f8ler seg velkomne, et samfunn som leverer i fredstid.<\/p>\n<p>Flere frykter angrep\t<\/p>\n<p>I unders\u00f8kelsen kommer det ogs\u00e5 fram at \u00e9n femdel av svensker anser det som sannsynlig eller sv\u00e6rt sannsynlig at Sverige utsettes for et milit\u00e6rt angrep i l\u00f8pet av de neste fem \u00e5rene.<\/p>\n<p>\u2013 Dette er ikke s\u00e5 overraskende, siden vi lever i en farligere verden i dag, sier Hjort.<\/p>\n","protected":false},"excerpt":{"rendered":"Viljen til \u00e5 ta opp v\u00e5pen og kjempe for Sverige synker blant befolkningen, viser en ny unders\u00f8kelse. Forsvarssjef&hellip;\n","protected":false},"author":2,"featured_media":136063,"comment_status":"","ping_status":"","sticky":false,"template":"","format":"standard","meta":{"footnotes":""},"categories":[12],"tags":[20,21,24,25,15,22,23,13,30,28,29,14,16,26,27,42,43,44,45],"class_list":{"0":"post-136062","1":"post","2":"type-post","3":"status-publish","4":"format-standard","5":"has-post-thumbnail","7":"category-verden","8":"tag-breaking-news","9":"tag-breakingnews","10":"tag-featured-news","11":"tag-featurednews","12":"tag-headlines","13":"tag-latest-news","14":"tag-latestnews","15":"tag-news","16":"tag-no","17":"tag-norge","18":"tag-norway","19":"tag-nyheter","20":"tag-overskrifter","21":"tag-top-stories","22":"tag-topstories","23":"tag-verden","24":"tag-world","25":"tag-world-news","26":"tag-worldnews"},"share_on_mastodon":{"url":"https:\/\/pubeurope.com\/@no\/115889150723451678","error":""},"_links":{"self":[{"href":"https:\/\/www.europesays.com\/no\/wp-json\/wp\/v2\/posts\/136062","targetHints":{"allow":["GET"]}}],"collection":[{"href":"https:\/\/www.europesays.com\/no\/wp-json\/wp\/v2\/posts"}],"about":[{"href":"https:\/\/www.europesays.com\/no\/wp-json\/wp\/v2\/types\/post"}],"author":[{"embeddable":true,"href":"https:\/\/www.europesays.com\/no\/wp-json\/wp\/v2\/users\/2"}],"replies":[{"embeddable":true,"href":"https:\/\/www.europesays.com\/no\/wp-json\/wp\/v2\/comments?post=136062"}],"version-history":[{"count":0,"href":"https:\/\/www.europesays.com\/no\/wp-json\/wp\/v2\/posts\/136062\/revisions"}],"wp:featuredmedia":[{"embeddable":true,"href":"https:\/\/www.europesays.com\/no\/wp-json\/wp\/v2\/media\/136063"}],"wp:attachment":[{"href":"https:\/\/www.europesays.com\/no\/wp-json\/wp\/v2\/media?parent=136062"}],"wp:term":[{"taxonomy":"category","embeddable":true,"href":"https:\/\/www.europesays.com\/no\/wp-json\/wp\/v2\/categories?post=136062"},{"taxonomy":"post_tag","embeddable":true,"href":"https:\/\/www.europesays.com\/no\/wp-json\/wp\/v2\/tags?post=136062"}],"curies":[{"name":"wp","href":"https:\/\/api.w.org\/{rel}","templated":true}]}}