{"id":136066,"date":"2026-01-13T18:15:11","date_gmt":"2026-01-13T18:15:11","guid":{"rendered":"https:\/\/www.europesays.com\/no\/136066\/"},"modified":"2026-01-13T18:15:11","modified_gmt":"2026-01-13T18:15:11","slug":"tegneserieskaper-scott-adams-er-dod","status":"publish","type":"post","link":"https:\/\/www.europesays.com\/no\/136066\/","title":{"rendered":"Tegneserieskaper Scott Adams er d\u00f8d"},"content":{"rendered":"<p>Scott Adams, kanskje mest kjent for tegneserien \u00abDilbert\u00bb, er d\u00f8d.<\/p>\n<p>D\u00f8ds\u00e5rsaken skylles prostatakreft, og han ble 68 \u00e5r gammel.\u00a0<\/p>\n<p>Det skriver en rekke amerikanske medier, blant dem <a href=\"https:\/\/deadline.com\/2026\/01\/scott-adams-dead-1236681562\/?utm_source=sdrn%3Avg%3Aarticle%3AK8yjle\" target=\"_blank\" rel=\"nofollow noopener\">Deadline<\/a>.<\/p>\n<p>Ekskone annonserte d\u00f8dsfallet<\/p>\n<p>Shelly Miles, Adams&#8217; ekskone, annonserte d\u00f8dsfallet p\u00e5 det direktesendte programmet \u00abThe Scott Adams School\u00bb.<\/p>\n<p>T\u00e5rev\u00e5tt fortalte hun at han ikke lenger er blant oss. Deretter leste hun opp en uttalelse som Adams selv hadde skrevet f\u00f8r hans d\u00f8dsfall:<\/p>\n<p>\u2013 Hvis du leser dette, gikk det ikke bra for meg. Jeg har et par ting \u00e5 si f\u00f8r jeg g\u00e5r. Kroppen min sviktet f\u00f8r hjernen min. Jeg er ved sunn fornuft mens jeg skriver dette 1. januar 2026. <\/p>\n<p>        <img class=\"image__img lazyload\" itemprop=\"image\" title=\"Foto: Fred Prouser \/ Reuters \/ NTB\" alt=\"KJENT: \u00abDilbert\u00bb ble kjent i mange land. Foto: Fred Prouser \/ Reuters \/ NTB\" width=\"978\" height=\"551\" bad-src=\"https:\/\/www.europesays.com\/no\/wp-content\/uploads\/2026\/01\/18459838.webp.jpeg\" fetchpriority=\"auto\" \/><\/p>\n<p>      KJENT: \u00abDilbert\u00bb ble kjent i mange land.<br \/>\n         Foto: Fred Prouser \/ Reuters \/ NTB<\/p>\n<p>If\u00f8lge <a href=\"https:\/\/nypost.com\/2026\/01\/13\/entertainment\/dilbert-creator-scott-adams-dies-at-68\/?utm_campaign=nypost&amp;utm_medium=social&amp;utm_sf_post_ref=650721213&amp;utm_source=twitter&amp;utm_sf_cserv_ref=17469289\" target=\"_blank\" rel=\"nofollow noopener\">New York Post <\/a>kunngjorde Adams at han hadde f\u00e5tt diagnosen prostatakreft i mai 2025.<\/p>\n<p>Rasistiske uttalelser<\/p>\n<p>Tegneserien om \u00abDilbert\u00bb ble p\u00e5 sitt meste publisert i 2000 aviser i 65 land.<\/p>\n<p>Etter anklager om rasistiske uttalelser fra Adams, ble han i 2023 droppet av\u00a0 distribut\u00f8ren.<\/p>\n<p>Gjennom sitt eget direktesendte program, skal han blant annet ha uttalt:<\/p>\n<p> \u2013 Det beste r\u00e5det jeg ville gitt hvite mennesker er \u00e5 holde seg unna svarte mennesker.<\/p>\n<p>If\u00f8lge <a href=\"https:\/\/www.bbc.com\/news\/articles\/c5y320k72vyo\" target=\"_blank\" rel=\"nofollow noopener\">BBC<\/a> forsvarte Adams kommentarene sine.<\/p>\n<p>Han uttalte at han hadde brukt hyperbol, alts\u00e5 spr\u00e5klig overdrivelse, for \u00e5 bevise et poeng.\u00a0<\/p>\n<p>Adams la ogs\u00e5 til at han\u00a0tok avstand fra rasister, og at media hadde ignorert konteksten i kommentarene hans.<\/p>\n","protected":false},"excerpt":{"rendered":"Scott Adams, kanskje mest kjent for tegneserien \u00abDilbert\u00bb, er d\u00f8d. D\u00f8ds\u00e5rsaken skylles prostatakreft, og han ble 68 \u00e5r&hellip;\n","protected":false},"author":2,"featured_media":136067,"comment_status":"","ping_status":"","sticky":false,"template":"","format":"standard","meta":{"footnotes":""},"categories":[5],"tags":[20,21,24,25,15,19,22,23,17,18,13,30,28,29,14,16,26,27],"class_list":{"0":"post-136066","1":"post","2":"type-post","3":"status-publish","4":"format-standard","5":"has-post-thumbnail","7":"category-overskrifter","8":"tag-breaking-news","9":"tag-breakingnews","10":"tag-featured-news","11":"tag-featurednews","12":"tag-headlines","13":"tag-hovedoppslag","14":"tag-latest-news","15":"tag-latestnews","16":"tag-main-news","17":"tag-mainnews","18":"tag-news","19":"tag-no","20":"tag-norge","21":"tag-norway","22":"tag-nyheter","23":"tag-overskrifter","24":"tag-top-stories","25":"tag-topstories"},"share_on_mastodon":{"url":"https:\/\/pubeurope.com\/@no\/115889158649080361","error":""},"_links":{"self":[{"href":"https:\/\/www.europesays.com\/no\/wp-json\/wp\/v2\/posts\/136066","targetHints":{"allow":["GET"]}}],"collection":[{"href":"https:\/\/www.europesays.com\/no\/wp-json\/wp\/v2\/posts"}],"about":[{"href":"https:\/\/www.europesays.com\/no\/wp-json\/wp\/v2\/types\/post"}],"author":[{"embeddable":true,"href":"https:\/\/www.europesays.com\/no\/wp-json\/wp\/v2\/users\/2"}],"replies":[{"embeddable":true,"href":"https:\/\/www.europesays.com\/no\/wp-json\/wp\/v2\/comments?post=136066"}],"version-history":[{"count":0,"href":"https:\/\/www.europesays.com\/no\/wp-json\/wp\/v2\/posts\/136066\/revisions"}],"wp:featuredmedia":[{"embeddable":true,"href":"https:\/\/www.europesays.com\/no\/wp-json\/wp\/v2\/media\/136067"}],"wp:attachment":[{"href":"https:\/\/www.europesays.com\/no\/wp-json\/wp\/v2\/media?parent=136066"}],"wp:term":[{"taxonomy":"category","embeddable":true,"href":"https:\/\/www.europesays.com\/no\/wp-json\/wp\/v2\/categories?post=136066"},{"taxonomy":"post_tag","embeddable":true,"href":"https:\/\/www.europesays.com\/no\/wp-json\/wp\/v2\/tags?post=136066"}],"curies":[{"name":"wp","href":"https:\/\/api.w.org\/{rel}","templated":true}]}}