{"id":136068,"date":"2026-01-13T18:16:12","date_gmt":"2026-01-13T18:16:12","guid":{"rendered":"https:\/\/www.europesays.com\/no\/136068\/"},"modified":"2026-01-13T18:16:12","modified_gmt":"2026-01-13T18:16:12","slug":"vokteren-var-staude-simen-agdestein-svarer-etter-seerstormen-jeg-star-for-det-jeg-sa","status":"publish","type":"post","link":"https:\/\/www.europesays.com\/no\/136068\/","title":{"rendered":"Vokteren, V\u00e5r Staude | Simen Agdestein svarer etter seerstormen: \u2013 Jeg st\u00e5r for det jeg sa"},"content":{"rendered":"\n<p>Reaksjonene har v\u00e6rt sterke etter forrige ukes episode av \u00abVokteren\u00bb, der<a href=\"https:\/\/www.nettavisen.no\/kjendis\/kraftige-reaksjoner-pa-simen-agdestein-i-vokteren-mannen-er-jo-ikke-frisk\/s\/5-95-2812757\" rel=\"Follow nofollow noopener\" target=\"_blank\"> Simen Agdestein (58) holdt en lang tale f\u00f8r han kuttet tauet som eliminerte V\u00e5r Staude (59)<\/a>.<\/p>\n<p>I sosiale medier og kommentarfelt har seere reagert med b\u00e5de raseri, st\u00f8tte og sjokk.<\/p>\n<p><b>Les ogs\u00e5: <a href=\"https:\/\/www.nettavisen.no\/kjendis\/kraftige-reaksjoner-pa-simen-agdestein-i-vokteren-mannen-er-jo-ikke-frisk\/s\/5-95-2812757\" rel=\"Follow nofollow noopener\" target=\"_blank\">Skaper kraftige reaksjoner: \u2013 Mannen er jo ikke frisk<\/a><\/b><\/p>\n<p>N\u00e5 svarer Agdestein p\u00e5 <a href=\"https:\/\/www.nettavisen.no\/kjendis\/seerstorm-mot-simen-agdestein-etter-vokteren-vi-skrudde-av-tv-en\/s\/5-95-2815953\" rel=\"Follow nofollow noopener\" target=\"_blank\">seerstormen<\/a>.<\/p>\n<p>\u2013 Helt greit<\/p>\n<p>N\u00e5r Nettavisen sl\u00e5r p\u00e5 tr\u00e5den forteller Agdestein at han ikke har f\u00e5tt med seg omfanget av tilbakemeldinger.<\/p>\n<p>\u2013 Jeg vet egentlig ikke s\u00e5 mye, har ikke lest s\u00e5 masse om det. Jeg f\u00e5r ikke s\u00e5 mye tilbakemeldinger at det gj\u00f8r noe, forteller Agdestein til Nettavisen.<\/p>\n<p>   <img decoding=\"async\" width=\"1300\" height=\"900\" fetchpriority=\"low\"  loading=\"lazy\"  src=\"https:\/\/www.europesays.com\/no\/wp-content\/uploads\/2026\/01\/V_RSIMENVOKTER__1_.jpg\" alt=\"Skaper kraftige reaksjoner: \u2013 Mannen er jo ikke frisk - Simen Agdestein hisset p\u00e5 seg flere av deltakerne i \u00abVokteren\u00bb.\" class=\"brick-c-cFOWSL\" style=\"--brick-image-ratio: 1300 \/ 900;\"\/><\/p>\n<p>      SVARER: Simen Agdestein hisset p\u00e5 seg flere av deltakerne i \u00abVokteren\u00bb. N\u00e5 svarer han.<br \/>\n      Foto: Nettavisen\n    <\/p>\n<p>Likevel er han klar over at scenen har engasjert.<\/p>\n<p>\u2013 Jeg har f\u00e5tt med meg at det ble omstridt. Det s\u00e5 dere jo p\u00e5 TV ogs\u00e5.<\/p>\n<p><b>Les ogs\u00e5:<a href=\"https:\/\/www.nettavisen.no\/kjendis\/dramatikk-fra-forste-sekund-mye-mer-ubehagelig-enn-jeg-trodde\/s\/5-95-2800122\" rel=\"Follow nofollow noopener\" target=\"_blank\"> Dramatikk fra f\u00f8rste sekund: \u2013 Skikkelig ubehagelig<\/a><\/b><\/p>\n<p>Agdestein var ikke forberedt p\u00e5 at det skulle komme reaksjoner, men er innforst\u00e5tt med at folk lar seg engasjere.<\/p>\n<p>\u2013 Vi som er med p\u00e5 et slikt program er veldig privilegerte. Da m\u00e5 man nesten t\u00e5le litt kommentarer. Det tar jeg meg ikke n\u00e6r av. Det er helt greit.<\/p>\n<p>    Vil du se neste video?<\/p>\n<p>    <a href=\"https:\/\/www.nettavisen.no\/nyheter\/pete-hegseth-avbryter-plutselig-marco-rubio-klikker-pa-direkten\/v\/5-95-2813524\" class=\"recommend-poster\" data-adp-clicklabel=\"video-recommend\" data-adp-clickvalue=\"poster\" rel=\"nofollow noopener\" target=\"_blank\"><br \/>\n      <img decoding=\"async\" width=\"200\" height=\"200\" loading=\"lazy\" src=\"https:\/\/www.europesays.com\/no\/wp-content\/uploads\/2026\/01\/Hegseth+til+cue.jpg\" alt=\"\" class=\"brick-c-cFOWSL\" style=\"--brick-image-ratio: 200 \/ 200;\"\/><\/p>\n<p>Avbryter plutselig: Klikker p\u00e5 direkten1:05<\/p>\n<p>    <\/a><\/p>\n<p>\u2013 Det er helt innlysende, h\u00e5per jeg<\/p>\n<p>Agdestein understreker samtidig at seerne kun f\u00e5r se en liten del av det som faktisk skjer.<\/p>\n<p>\u2013 Det meste av det man sier og gj\u00f8r hele dagen kommer jo ikke p\u00e5 TV. Man er jo offer for klipping, for \u00e5 si det s\u00e5nn. Men jeg sa jo det der, for all del. Jeg st\u00e5r for det jeg sa, sier Agdestein til Nettavisen.<\/p>\n<p>   <img decoding=\"async\" width=\"1935\" height=\"1193\" fetchpriority=\"low\"  loading=\"lazy\"  src=\"https:\/\/www.europesays.com\/no\/wp-content\/uploads\/2026\/01\/Simen_.jpg\" alt=\"Skaper kraftige reaksjoner: \u2013 Mannen er jo ikke frisk - Simen Agdestein hisset p\u00e5 seg flere av deltakerne i \u00abVokteren\u00bb.\" class=\"brick-c-cFOWSL\" style=\"--brick-image-ratio: 1935 \/ 1193;\"\/><\/p>\n<p>      REAKSJONER: Forrige ukes tvist i \u00abVokteren\u00bb skapte store reaksjoner blant deltakerne og seerne.<br \/>\n      Foto: Nettavisen\n    <\/p>\n<p>Samtidig avviser Agdestein at talen var ment som et angrep p\u00e5 Staude.<\/p>\n<p>\u2013 Det var selvf\u00f8lgelig ikke noe som helst rettet mot V\u00e5r, sier Agdestein, og legger til:<\/p>\n<p>\u2013 Det er helt innlysende, h\u00e5per jeg.<\/p>\n<p>\u2013 Hjertet mitt smelter<\/p>\n<p>V\u00e5r Staude derimot har f\u00e5tt med seg reaksjonene som har str\u00f8mmet inn, og er r\u00f8rt over responsen.<\/p>\n<p>\u2013 Det har jo v\u00e6rt overveldende. Det er utrolig mange hyggelige og omsorgsfulle folk der ute. Hjertet mitt smelter rett og slett.<\/p>\n<p>   <img decoding=\"async\" width=\"8192\" height=\"5464\" fetchpriority=\"low\"  loading=\"lazy\"  src=\"https:\/\/www.europesays.com\/no\/wp-content\/uploads\/2026\/01\/V%C3%A5r+vokteren.jpg\" alt=\"\" class=\"brick-c-cFOWSL\" style=\"--brick-image-ratio: 8192 \/ 5464;\"\/><\/p>\n<p>      KNUSENDE RO: \u00c5 ryke ut som nummer to i \u00abVokteren\u00bb tar V\u00e5r Staude helt med ro.<br \/>\n      Foto: Haakon Lundkvist (TV 2)\n    <\/p>\n<p>Men i likhet med Agdestein, var hun ikke forberedt p\u00e5 omfanget.<\/p>\n<p>\u2013 Jeg hadde jo ikke trodd at folk ville bli s\u00e5 sinna p\u00e5 Simen, sier Staude til Nettavisen.<\/p>\n<p><b>Les ogs\u00e5: <a href=\"https:\/\/www.nettavisen.no\/kjendis\/seerstorm-mot-simen-agdestein-etter-vokteren-vi-skrudde-av-tv-en\/s\/5-95-2815953\" rel=\"Follow nofollow noopener\" target=\"_blank\">Seerstorm etter \u00abVokteren\u00bb: \u2013 Vi skrudde av TV-en<\/a><\/b><\/p>\n<p>Staude mener Agdestein ble revet med i situasjonen.<\/p>\n<p>\u2013 Han ble revet med og tenkte vel at han fikk benytte anledningen mens han var der og lage litt saftig TV. Og da glemte han i farta \u00e5 tenke p\u00e5 meg.<\/p>\n<p>\u2013 Jeg m\u00e5 t\u00e5le steken<\/p>\n<p>Staude forteller at hun ogs\u00e5 har sett mange av de sinte reaksjonene mot Agdestein.<\/p>\n<p>\u2013 Heldigvis er Simen smart nok til \u00e5 holde seg unna sosiale medier noen dager n\u00e5.<\/p>\n<p>   <img decoding=\"async\" width=\"7414\" height=\"4945\" fetchpriority=\"low\"  loading=\"lazy\"  src=\"https:\/\/www.europesays.com\/no\/wp-content\/uploads\/2026\/01\/Haakon+Lundkvist_Vokteren+S02D01_+-30+of+107-_HLP_9718.jpg\" alt=\"\" class=\"brick-c-cFOWSL\" style=\"--brick-image-ratio: 7414 \/ 4945;\"\/><\/p>\n<p>      SNIPP, SNAPP, SNUTE: For V\u00e5r Staudes del ble \u00abVokteren\u00bb en kort aff\u00e6re.<br \/>\n      Foto: Haakon Lundkvist (TV 2)\n    <\/p>\n<p>Samtidig tror hun Agdestein t\u00e5ler oppstyret.<\/p>\n<p>\u2013Jeg tror han t\u00e5ler en st\u00f8yt og ikke tar dette veldig ille opp.<\/p>\n<p>Hun avslutter med \u00e5 understreke sitt eget ansvar som deltaker.<\/p>\n<p>\u2013 Dette er jo bare en lek og jeg som sa ja til \u00e5 v\u00e6re med m\u00e5 t\u00e5le steken n\u00e5r jeg er med p\u00e5 leken.<\/p>\n<p><b>Les ogs\u00e5: <a href=\"https:\/\/www.nettavisen.no\/kjendis\/snorre-klanderud-avslorer-privat-drama-for-vokteren-pappa-ble-nesten-drept\/s\/5-95-2809274\" rel=\"Follow nofollow noopener\" target=\"_blank\">Avsl\u00f8rer ukjent drama: Holdt det skjult for produksjonen<\/a><\/b><\/p>\n<p>Staude har tidligere uttalt til Nettavisen at hun ikke b\u00e6rer noe nag mot Agdestein<\/p>\n<p>\u2013 Jeg har egentlig ikke noe spesielt uoppgjort med han. Han lager et TV-\u00f8yeblikk s\u00e5 godt han kan. Nei, jeg legger ikke han for hat for dette, sier Staude, og fortsetter:<\/p>\n<p>\u2013 Du kan si, hvis jeg elsker alle de andre, s\u00e5 elsker jeg Simen Agdestein bare litt mindre, ler Staude.<\/p>\n","protected":false},"excerpt":{"rendered":"Reaksjonene har v\u00e6rt sterke etter forrige ukes episode av \u00abVokteren\u00bb, der Simen Agdestein (58) holdt en lang tale&hellip;\n","protected":false},"author":2,"featured_media":136069,"comment_status":"","ping_status":"","sticky":false,"template":"","format":"standard","meta":{"footnotes":""},"categories":[59],"tags":[30,28,29,83,82],"class_list":{"0":"post-136068","1":"post","2":"type-post","3":"status-publish","4":"format-standard","5":"has-post-thumbnail","7":"category-sport","8":"tag-no","9":"tag-norge","10":"tag-norway","11":"tag-sport","12":"tag-sports"},"share_on_mastodon":{"url":"https:\/\/pubeurope.com\/@no\/115889162527033627","error":""},"_links":{"self":[{"href":"https:\/\/www.europesays.com\/no\/wp-json\/wp\/v2\/posts\/136068","targetHints":{"allow":["GET"]}}],"collection":[{"href":"https:\/\/www.europesays.com\/no\/wp-json\/wp\/v2\/posts"}],"about":[{"href":"https:\/\/www.europesays.com\/no\/wp-json\/wp\/v2\/types\/post"}],"author":[{"embeddable":true,"href":"https:\/\/www.europesays.com\/no\/wp-json\/wp\/v2\/users\/2"}],"replies":[{"embeddable":true,"href":"https:\/\/www.europesays.com\/no\/wp-json\/wp\/v2\/comments?post=136068"}],"version-history":[{"count":0,"href":"https:\/\/www.europesays.com\/no\/wp-json\/wp\/v2\/posts\/136068\/revisions"}],"wp:featuredmedia":[{"embeddable":true,"href":"https:\/\/www.europesays.com\/no\/wp-json\/wp\/v2\/media\/136069"}],"wp:attachment":[{"href":"https:\/\/www.europesays.com\/no\/wp-json\/wp\/v2\/media?parent=136068"}],"wp:term":[{"taxonomy":"category","embeddable":true,"href":"https:\/\/www.europesays.com\/no\/wp-json\/wp\/v2\/categories?post=136068"},{"taxonomy":"post_tag","embeddable":true,"href":"https:\/\/www.europesays.com\/no\/wp-json\/wp\/v2\/tags?post=136068"}],"curies":[{"name":"wp","href":"https:\/\/api.w.org\/{rel}","templated":true}]}}