{"id":136070,"date":"2026-01-13T18:17:12","date_gmt":"2026-01-13T18:17:12","guid":{"rendered":"https:\/\/www.europesays.com\/no\/136070\/"},"modified":"2026-01-13T18:17:12","modified_gmt":"2026-01-13T18:17:12","slug":"gwyneth-paltrow-mistet-filmrolle-etter-skilsmisse-oppslag","status":"publish","type":"post","link":"https:\/\/www.europesays.com\/no\/136070\/","title":{"rendered":"Gwyneth Paltrow mistet filmrolle etter skilsmisse-oppslag"},"content":{"rendered":"\n<p class=\"_lead_o9xde_2 _lead_xtcu6_50 layout-component text-serif-m layout-normal text-serif-l layout-component layout-wide layout-padded _wide_17hqh_1 layout-padded\">Skuespilleren tror hun ble sparket fra film p\u00e5 grunn av medieoppmerksomheten.<\/p>\n<p><img alt=\" Foto: Caroline Brehman \/ Reuters \/ NTB\" class=\"_image_qp4xg_65 layout-component layout-wide\" data-fullscreen- data-track-element-type=\"Article image fullscreen\" data-track-name=\"ImageFullscreen\" fetchpriority=\"high\" decoding=\"sync\" loading=\"eager\" height=\"4711\" itemprop=\"image\"  src=\"https:\/\/www.europesays.com\/no\/wp-content\/uploads\/2026\/01\/f56114f3-e4c6-4ca7-986f-195102b0e7f4.jpeg\"  style=\"object-position:46.22681580065128% 42.92082360433029%\" width=\"7063\"\/> Foto: Caroline Brehman \/ Reuters \/ NTB<\/p>\n<ul aria-hidden=\"true\" class=\"_images_ntbth_112\">\n<li><a class=\"_link_ntbth_117\" href=\"https:\/\/www.vg.no\/forfatter\/stein-oestboe\" style=\"z-index:1\" title=\"Stein \u00d8stb\u00f8\" rel=\"nofollow noopener\" target=\"_blank\"><img alt=\"Bilde av Stein \u00d8stb\u00f8\" class=\"_image_ntbth_93\" fetchpriority=\"low\" loading=\"lazy\" decoding=\"async\" itemprop=\"image\"  src=\"https:\/\/www.europesays.com\/no\/wp-content\/uploads\/2026\/01\/1768328232_591_22e70fc8-5f6d-446c-8991-a91d598e4754.jpeg\"  width=\"480\"\/><\/a><\/li>\n<\/ul>\n<p> Oppdatert mandag 12. januar kl. 21:15     <\/p>\n<p class=\"_paragraph_o9xde_4 _paragraph_xtcu6_10 layout-component text-serif-m layout-normal text-serif-m layout-padded\"><a href=\"https:\/\/www.vg.no\/tag\/gwyneth-paltrow?utm_source=vg-article&amp;utm_medium=auto-tagger&amp;utm_campaign=7pKPMV\" class=\"_link_o9xde_39\" rel=\"nofollow noopener\" target=\"_blank\">Gwyneth Paltrow<\/a> avsl\u00f8rer at hun mistet en filmrolle etter at hun og Coldplay-frontmann Chris Martin kunngjorde skilsmissen sin i 2014.<\/p>\n<p class=\"_paragraph_o9xde_4 _paragraph_xtcu6_10 layout-component text-serif-m layout-normal text-serif-m layout-padded\">Det forteller den 53 \u00e5r gamle skuespilleren i podkasten \u00abGood Hang\u00bb med Amy Poehler, melder <a href=\"https:\/\/edition.cnn.com\/2026\/01\/08\/entertainment\/gwyneth-paltrow-fired-conscious-uncoupling-scli-intl\" class=\"_link_o9xde_39\" rel=\"nofollow noopener\" target=\"_blank\">CNN<\/a>.<\/p>\n<p class=\"_paragraph_o9xde_4 _paragraph_xtcu6_10 layout-component text-serif-m layout-normal text-serif-m layout-padded\">Paret skapte overskrifter verden over da de annonserte at de skulle \u00abbevisst koble fra hverandre\u00bb etter over ti \u00e5r som gift og to barn sammen.<\/p>\n<p class=\"_paragraph_o9xde_4 _paragraph_xtcu6_10 layout-component text-serif-m layout-normal layout-padded\"><strong class=\"_strong_o9xde_25\">Les ogs\u00e5:<\/strong> <a href=\"https:\/\/www.vg.no\/i\/yEqmpJ\" data-track-element-type=\"Link\" data-track-id=\"link:yEqmpJ\" class=\"_link_o9xde_39\" rel=\"nofollow noopener\" target=\"_blank\">Ekskona \u00abredder\u00bb skandalefirma etter Coldplay-konsert<\/a><\/p>\n<p class=\"_paragraph_o9xde_4 _paragraph_xtcu6_10 layout-component text-serif-m layout-normal text-serif-m layout-padded\">\u2013 Jeg skulle gj\u00f8re en film p\u00e5 et tidspunkt hvor&#8230; og det var rett etter den bevisste frakoblings-greia med Chris og det var mye skriving i pressen. Og jeg tror distribut\u00f8ren tenkte at \u00abdette kan v\u00e6re for hett \u00e5 r\u00f8re ved\u00bb, sier Paltrow.<\/p>\n<p class=\"_paragraph_o9xde_4 _paragraph_xtcu6_10 layout-component text-serif-m layout-normal text-serif-m layout-padded\">Hun avsl\u00f8rer ikke hvilken film eller filmselskap det er snakk om, men legger til at timingen var spesielt t\u00f8ff:<\/p>\n<p class=\"_paragraph_o9xde_4 _paragraph_xtcu6_10 layout-component text-serif-m layout-normal text-serif-m layout-padded\">\u2013 Det var s\u00e5 fantastisk fordi jeg ble skilt og s\u00e5 ble jeg sparket \u2013 det var virkelig deilig&#8230;<\/p>\n<p class=\"_paragraph_o9xde_4 _paragraph_xtcu6_10 layout-component text-serif-m layout-normal text-serif-m layout-padded\">Paltrow mener parets intensjon om \u00e5 unng\u00e5 en bitter skilsmisse ble feiltolket av folk.<\/p>\n<p class=\"_paragraph_o9xde_4 _paragraph_xtcu6_10 layout-component text-serif-m layout-normal text-serif-m layout-padded\">\u00abVi er f\u00f8rst og fremst foreldre til to utrolig fantastiske barn, og vi ber om at deres og v\u00e5r plass og privatliv respekteres i denne vanskelige tiden\u00bb, sa de i en uttalelse den gangen.<\/p>\n<p class=\"_paragraph_o9xde_4 _paragraph_xtcu6_10 layout-component text-serif-m layout-normal text-serif-m layout-padded\">\u00abVi har alltid holdt forholdet v\u00e5rt privat, og vi h\u00e5per at n\u00e5r vi bevisst skiller oss fra hverandre og er foreldre sammen, vil vi kunne fortsette p\u00e5 samme m\u00e5te.\u00bb<\/p>\n<p class=\"_paragraph_o9xde_4 _paragraph_xtcu6_10 layout-component text-serif-m layout-normal text-serif-m layout-padded\">Paltrow og Martin er kjent for \u00e5 ha holdt et utmerket forhold siden de ble skilt i 2016. I 2019 avsl\u00f8rte hun at Chris Martin hadde v\u00e6rt med p\u00e5 hennes og Brad Falchuks bryllupsreise sammen med deres to barn.<\/p>\n","protected":false},"excerpt":{"rendered":"Skuespilleren tror hun ble sparket fra film p\u00e5 grunn av medieoppmerksomheten. Foto: Caroline Brehman \/ Reuters \/ NTB&hellip;\n","protected":false},"author":2,"featured_media":136071,"comment_status":"","ping_status":"","sticky":false,"template":"","format":"standard","meta":{"footnotes":"","_share_on_mastodon":"0"},"categories":[58],"tags":[5696,71,5179,30,28,29,10886,72,46],"class_list":["post-136070","post","type-post","status-publish","format-standard","has-post-thumbnail","category-underholdning","tag-chris-martin","tag-entertainment","tag-gwyneth-paltrow","tag-no","tag-norge","tag-norway","tag-skilt","tag-underholdning","tag-vgai"],"share_on_mastodon":{"url":"https:\/\/pubeurope.com\/@no\/115889166288246860","error":""},"_links":{"self":[{"href":"https:\/\/www.europesays.com\/no\/wp-json\/wp\/v2\/posts\/136070","targetHints":{"allow":["GET"]}}],"collection":[{"href":"https:\/\/www.europesays.com\/no\/wp-json\/wp\/v2\/posts"}],"about":[{"href":"https:\/\/www.europesays.com\/no\/wp-json\/wp\/v2\/types\/post"}],"author":[{"embeddable":true,"href":"https:\/\/www.europesays.com\/no\/wp-json\/wp\/v2\/users\/2"}],"replies":[{"embeddable":true,"href":"https:\/\/www.europesays.com\/no\/wp-json\/wp\/v2\/comments?post=136070"}],"version-history":[{"count":0,"href":"https:\/\/www.europesays.com\/no\/wp-json\/wp\/v2\/posts\/136070\/revisions"}],"wp:featuredmedia":[{"embeddable":true,"href":"https:\/\/www.europesays.com\/no\/wp-json\/wp\/v2\/media\/136071"}],"wp:attachment":[{"href":"https:\/\/www.europesays.com\/no\/wp-json\/wp\/v2\/media?parent=136070"}],"wp:term":[{"taxonomy":"category","embeddable":true,"href":"https:\/\/www.europesays.com\/no\/wp-json\/wp\/v2\/categories?post=136070"},{"taxonomy":"post_tag","embeddable":true,"href":"https:\/\/www.europesays.com\/no\/wp-json\/wp\/v2\/tags?post=136070"}],"curies":[{"name":"wp","href":"https:\/\/api.w.org\/{rel}","templated":true}]}}