{"id":136072,"date":"2026-01-13T18:20:16","date_gmt":"2026-01-13T18:20:16","guid":{"rendered":"https:\/\/www.europesays.com\/no\/136072\/"},"modified":"2026-01-13T18:20:16","modified_gmt":"2026-01-13T18:20:16","slug":"aftonbladet-om-parteringsdrapet-mistenkte-samarbeider-i-avhor","status":"publish","type":"post","link":"https:\/\/www.europesays.com\/no\/136072\/","title":{"rendered":"Aftonbladet om parterings\u00addrapet: Mistenkte samarbeider i avh\u00f8r"},"content":{"rendered":"\n<p class=\"_lead_o9xde_2 _lead_xtcu6_50 layout-component text-serif-m layout-normal text-serif-l layout-component layout-wide layout-padded _wide_17hqh_1 layout-padded\">Vilma Andersson (26) nekter fortsatt for drap, men erkjenner \u00e5 ha beg\u00e5tt likskjending.<\/p>\n<p><img alt=\" Foto: Svensk politi\/Aftonbladet\" class=\"_image_qp4xg_65 layout-component layout-wide\" data-fullscreen- data-track-element-type=\"Article image fullscreen\" data-track-name=\"ImageFullscreen\" fetchpriority=\"high\" decoding=\"sync\" loading=\"eager\" height=\"650\" itemprop=\"image\"  src=\"https:\/\/www.europesays.com\/no\/wp-content\/uploads\/2026\/01\/e81fdf3f-d0c7-40ca-99cb-910af7047dcf.jpeg\"  style=\"object-position:0% 0%\" width=\"882\"\/> Foto: Svensk politi\/Aftonbladet<\/p>\n<ul aria-hidden=\"true\" class=\"_images_ntbth_112\">\n<li><a class=\"_link_ntbth_117\" href=\"https:\/\/www.vg.no\/forfatter\/isak-loeve-pilskog-loe\" style=\"z-index:1\" title=\"Isak L\u00f8ve Pilskog Loe\" rel=\"nofollow noopener\" target=\"_blank\"><img alt=\"Bilde av Isak L\u00f8ve Pilskog Loe\" class=\"_image_ntbth_93\" fetchpriority=\"low\" loading=\"lazy\" decoding=\"async\" itemprop=\"image\"  src=\"https:\/\/www.europesays.com\/no\/wp-content\/uploads\/2026\/01\/1768328416_371_8b0354e3-bf53-460c-9c1c-790321a0c923.jpeg\"  width=\"480\"\/><\/a><\/li>\n<\/ul>\n<p> Oppdatert tirsdag 13. januar kl. 08:50     <\/p>\n<p class=\"_paragraph_o9xde_4 _paragraph_xtcu6_10 layout-component text-serif-m layout-normal text-serif-m layout-padded\">Den 26 \u00e5r gamle mannen som er siktet for kidnapping og drap p\u00e5 en 25 \u00e5r gammel kvinne i R\u00f6nninge i <a href=\"https:\/\/www.vg.no\/tag\/sverige?utm_source=vg-article&amp;utm_medium=auto-tagger&amp;utm_campaign=vrA6d4\" class=\"_link_o9xde_39\" rel=\"nofollow noopener\" target=\"_blank\">Sverige<\/a>, samarbeider med politiet i avh\u00f8r.<\/p>\n<p class=\"_paragraph_o9xde_4 _paragraph_xtcu6_10 layout-component text-serif-m layout-normal text-serif-m layout-padded\">Det opplyser politiadvokat Markus Hankkio til <a href=\"https:\/\/www.aftonbladet.se\/nyheter\/a\/16Boye\/aklagaren-om-vilma-andersson-han-berattar-i-forhor\" class=\"_link_o9xde_39\" rel=\"nofollow noopener\" target=\"_blank\">Aftonbladet<\/a>.<\/p>\n<p class=\"_paragraph_o9xde_4 _paragraph_xtcu6_10 layout-component text-serif-m layout-normal text-serif-m layout-padded\">\u2013 Han forklarer seg i avh\u00f8rene og gir opplysninger. Det er ikke slik at han er taus og ikke vil komme med kommentarer, sier Hankkio.<\/p>\n<p class=\"_paragraph_o9xde_4 _paragraph_xtcu6_10 layout-component text-serif-m layout-normal text-serif-m layout-padded\">Vilma Andersson nekter fortsatt for drap, men erkjenner \u00e5 ha beg\u00e5tt likskjending.<\/p>\n<p class=\"_paragraph_o9xde_4 _paragraph_xtcu6_10 layout-component text-serif-m layout-normal text-serif-m layout-padded\">Kvinnen ble kidnappet i n\u00e6rheten av R\u00f6nninge stasjon i romjulen. 27. desember ble Andersson tatt p\u00e5 fersk gjerning i et skogsomr\u00e5de mens han var i ferd med \u00e5 kvitte seg med kvinnens kroppsdeler, skriver Aftonbladet.<\/p>\n<p class=\"_paragraph_o9xde_4 _paragraph_xtcu6_10 layout-component text-serif-m layout-normal text-serif-m layout-padded\">Politiet fant strips og en hammer ved siden av kvinnens hodetelefoner. Gjenstandene ble sendt til analyse. Svaret viste at Andersson, som var tidligere domfelt, hadde etterlatt spor p\u00e5 gjenstandene. <\/p>\n<p class=\"_paragraph_o9xde_4 _paragraph_xtcu6_10 layout-component text-serif-m layout-normal text-serif-m layout-padded\">Politiadvokaten sier at etterforskningen fortsetter, og at nye siktelser kan komme.<\/p>\n<p class=\"_paragraph_o9xde_4 _paragraph_xtcu6_10 layout-component text-serif-m layout-normal text-serif-m layout-padded\">\u2013 Generelt n\u00e5r man f\u00e5r tilgang til den mistenkes telefon og annen kommunikasjon, kan ytterligere lovbrudd avdekkes, sier Hankkio.<\/p>\n<p>Les ogs\u00e5<\/p>\n","protected":false},"excerpt":{"rendered":"Vilma Andersson (26) nekter fortsatt for drap, men erkjenner \u00e5 ha beg\u00e5tt likskjending. Foto: Svensk politi\/Aftonbladet Oppdatert tirsdag&hellip;\n","protected":false},"author":2,"featured_media":136073,"comment_status":"","ping_status":"","sticky":false,"template":"","format":"standard","meta":{"footnotes":""},"categories":[12],"tags":[20,21,377,24,25,15,22,23,13,30,28,29,14,16,1359,26,27,42,43,44,45],"class_list":{"0":"post-136072","1":"post","2":"type-post","3":"status-publish","4":"format-standard","5":"has-post-thumbnail","7":"category-verden","8":"tag-breaking-news","9":"tag-breakingnews","10":"tag-drap","11":"tag-featured-news","12":"tag-featurednews","13":"tag-headlines","14":"tag-latest-news","15":"tag-latestnews","16":"tag-news","17":"tag-no","18":"tag-norge","19":"tag-norway","20":"tag-nyheter","21":"tag-overskrifter","22":"tag-sverige","23":"tag-top-stories","24":"tag-topstories","25":"tag-verden","26":"tag-world","27":"tag-world-news","28":"tag-worldnews"},"share_on_mastodon":{"url":"https:\/\/pubeurope.com\/@no\/115889178168954613","error":""},"_links":{"self":[{"href":"https:\/\/www.europesays.com\/no\/wp-json\/wp\/v2\/posts\/136072","targetHints":{"allow":["GET"]}}],"collection":[{"href":"https:\/\/www.europesays.com\/no\/wp-json\/wp\/v2\/posts"}],"about":[{"href":"https:\/\/www.europesays.com\/no\/wp-json\/wp\/v2\/types\/post"}],"author":[{"embeddable":true,"href":"https:\/\/www.europesays.com\/no\/wp-json\/wp\/v2\/users\/2"}],"replies":[{"embeddable":true,"href":"https:\/\/www.europesays.com\/no\/wp-json\/wp\/v2\/comments?post=136072"}],"version-history":[{"count":0,"href":"https:\/\/www.europesays.com\/no\/wp-json\/wp\/v2\/posts\/136072\/revisions"}],"wp:featuredmedia":[{"embeddable":true,"href":"https:\/\/www.europesays.com\/no\/wp-json\/wp\/v2\/media\/136073"}],"wp:attachment":[{"href":"https:\/\/www.europesays.com\/no\/wp-json\/wp\/v2\/media?parent=136072"}],"wp:term":[{"taxonomy":"category","embeddable":true,"href":"https:\/\/www.europesays.com\/no\/wp-json\/wp\/v2\/categories?post=136072"},{"taxonomy":"post_tag","embeddable":true,"href":"https:\/\/www.europesays.com\/no\/wp-json\/wp\/v2\/tags?post=136072"}],"curies":[{"name":"wp","href":"https:\/\/api.w.org\/{rel}","templated":true}]}}