{"id":136078,"date":"2026-01-13T18:23:08","date_gmt":"2026-01-13T18:23:08","guid":{"rendered":"https:\/\/www.europesays.com\/no\/136078\/"},"modified":"2026-01-13T18:23:08","modified_gmt":"2026-01-13T18:23:08","slug":"reece-prescod-gjor-comeback-for-a-konkurrere-i-doping-ol-sier-han-vil-konkurrere-rent","status":"publish","type":"post","link":"https:\/\/www.europesays.com\/no\/136078\/","title":{"rendered":"Reece Prescod gj\u00f8r comeback for \u00e5 konkurrere i \u00abdoping-OL\u00bb \u2013 sier han vil konkurrere rent"},"content":{"rendered":"\n<p class=\"_lead_o9xde_2 _lead_xtcu6_50 layout-component text-serif-m layout-normal text-serif-l layout-component layout-wide layout-padded _wide_17hqh_1 layout-padded\">I mai er sprinteren Reece Prescod (29) tilbake p\u00e5 startstreken i kontroversielle Enhanced Games. Der har han planer om \u00e5 konkurrere uten forbudte stoffer.<\/p>\n<p><img alt=\"Reece Prescod.  Foto: Mike Egerton \/ Pa Photos \/ NTB\" class=\"_image_qp4xg_65 layout-component layout-wide\" data-fullscreen- data-track-element-type=\"Article image fullscreen\" data-track-name=\"ImageFullscreen\" fetchpriority=\"high\" decoding=\"sync\" loading=\"eager\" height=\"3528\" itemprop=\"image\"  src=\"https:\/\/www.europesays.com\/no\/wp-content\/uploads\/2026\/01\/d30f4f22-d463-4e48-96e1-d7a6674abb7b.jpeg\"  style=\"object-position:0% 0%\" width=\"5123\"\/>Reece Prescod.  Foto: Mike Egerton \/ Pa Photos \/ NTB<\/p>\n<ul aria-hidden=\"true\" class=\"_images_ntbth_112\">\n<li><a class=\"_link_ntbth_117\" href=\"https:\/\/www.vg.no\/forfatter\/sindre-espe\" style=\"z-index:1\" title=\"Sindre Espe\" rel=\"nofollow noopener\" target=\"_blank\"><img alt=\"Bilde av Sindre Espe\" class=\"_image_ntbth_93\" fetchpriority=\"low\" loading=\"lazy\" decoding=\"async\" itemprop=\"image\"  src=\"https:\/\/www.europesays.com\/no\/wp-content\/uploads\/2026\/01\/1768328588_703_5d41d29b-af5f-421d-80e6-42e6d80fe76e.png\"  width=\"480\"\/><\/a><\/li>\n<\/ul>\n<p> Oppdatert tirsdag 13. januar kl. 19:10    <\/p>\n<ul class=\"_list_o9xde_3 _list_64s2r_85 _unordered_o9xde_106 text-sans-m\">\n<li class=\"_item_o9xde_30\">Reece Prescod gj\u00f8r comeback i kontroversielle Enhanced Games \u2013 ofte omtalt som \u00abdoping-OL\u00bb.<\/li>\n<li class=\"_item_o9xde_30\">Han sier han planlegger \u00e5 konkurrere uten forbudte stoffer.<\/li>\n<li class=\"_item_o9xde_30\">Enhanced Games kritiseres for \u00e5 sette ut\u00f8vernes helse i fare.<\/li>\n<\/ul>\n<p>Vis mer <\/p>\n<p class=\"_paragraph_o9xde_4 _paragraph_xtcu6_10 layout-component text-serif-m layout-normal text-serif-m layout-padded\">Med 9,93 sekunder som personlig bestenotering er Prescod den femte raskeste britiske mannen p\u00e5 100 meter gjennom tidene, og han har deltatt i blant annet tre verdensmesterskap og ett OL. <\/p>\n<p class=\"_paragraph_o9xde_4 _paragraph_xtcu6_10 layout-component text-serif-m layout-normal text-serif-m layout-padded\">P\u00e5 stafett har han en VM-bronse, mens hans beste individuelle prestasjon er et EM-s\u00f8lv p\u00e5 100 meter fra 2018.<\/p>\n<p class=\"_paragraph_o9xde_4 _paragraph_xtcu6_10 layout-component text-serif-m layout-normal text-serif-m layout-padded\">Prescod la opp i august, men i g\u00e5rg\u00e5rMandag ble det offisielt bekreftet at han gjorde comeback \u2013 for \u00e5 delta i det omstridte \u00abdoping-OL\u00bb:<\/p>\n<p class=\"_paragraph_o9xde_4 _paragraph_xtcu6_10 layout-component text-serif-m layout-normal text-serif-m layout-padded\">Hovedpersonen selv hevder at han ikke har noen planer om \u00e5 bruke prestasjonsfremmende midler \u2013 som faktisk er tillatt \u2013 under mesterskapet som arrangeres i Las Vegas i mai.<\/p>\n<p class=\"_paragraph_o9xde_4 _paragraph_xtcu6_10 layout-component text-serif-m layout-normal text-serif-m layout-padded\">\u2013 Nei, svarte 29-\u00e5ringen da han ble spurt av <a href=\"https:\/\/www.bbc.com\/sport\/athletics\/articles\/clygr0llzdeo\" class=\"_link_o9xde_39\" rel=\"nofollow noopener\" target=\"_blank\">BBC<\/a> om han hadde brukt noen stoffer s\u00e5 langt.<\/p>\n<p class=\"_paragraph_o9xde_4 _paragraph_xtcu6_10 layout-component text-serif-m layout-normal text-serif-m layout-padded\">P\u00e5 sp\u00f8rsm\u00e5l om han kom til \u00e5 gj\u00f8re det i fremtiden, svarte han igjen:<\/p>\n<p class=\"_paragraph_o9xde_4 _paragraph_xtcu6_10 layout-component text-serif-m layout-normal text-serif-m layout-padded\">\u2013 Nei.<\/p>\n<p class=\"_paragraph_o9xde_4 _paragraph_xtcu6_10 layout-component text-serif-m layout-normal text-serif-m layout-padded\">Prescod understreker at deltakerne har et \u00abpersonlig valg\u00bb n\u00e5r det gjelder hvilke tiltak eller metoder de benytter. <\/p>\n<p class=\"_paragraph_o9xde_4 _paragraph_xtcu6_10 layout-component text-serif-m layout-normal text-serif-m layout-padded\">Han p\u00e5peker ogs\u00e5 at han selv har konkurrert \u00abhelt rent\u00bb hele sin karriere, og at han da har l\u00f8pt under ti sekunder \u00abved flere anledninger\u00bb.<\/p>\n<ul class=\"_list_o9xde_3 _list_xtcu6_9 _unordered_o9xde_106 layout-component text-serif-m layout-normal text-serif-m layout-padded\">\n<li class=\"_item_o9xde_30\">VG intervjuet sjefen for \u00abDopinglekene\u00bb i fjor. <a href=\"https:\/\/www.vg.no\/sport\/i\/Gy9MQ4\/sjefen-for-dopinglekene-til-vg-ol-er-en-altfor-dyr-fest\" data-track-element-type=\"Link\" data-track-id=\"link:Gy9MQ4\" class=\"_link_o9xde_39\" rel=\"nofollow noopener\" target=\"_blank\">Les artikkelen her<\/a>. <\/li>\n<\/ul>\n<p>Hva er Enhanced Games?<\/p>\n<p class=\"_paragraph_o9xde_4 _paragraph_xtcu6_10 _paragraph_16v91_10 layout-component text-serif-m layout-normal text-sans-m layout-padded\">Omtales ofte som \u00abdoping-OL\u00bb. <\/p>\n<p class=\"_paragraph_o9xde_4 _paragraph_xtcu6_10 _paragraph_16v91_10 layout-component text-serif-m layout-normal text-sans-m layout-padded\">Det skal arrangeres for f\u00f8rste gang i mai i Las Vegas, og tillater ut\u00f8vere \u00e5 bruke forbudte prestasjonsfremmende midler \u2013 s\u00e5 lenge det skjer under medisinsk tilsyn. <\/p>\n<p class=\"_paragraph_o9xde_4 _paragraph_xtcu6_10 _paragraph_16v91_10 layout-component text-serif-m layout-normal text-sans-m layout-padded\">Det betyr i praksis at doping er tillatt, og det er nettopp en del av konseptet: \u00c5 utforske hvor ekstrem menneskekroppen faktisk kan bli. Arrang\u00f8rene omtaler selv mesterskapet som \u00abfremtidens OL\u00bb.<\/p>\n<p class=\"_paragraph_o9xde_4 _paragraph_xtcu6_10 _paragraph_16v91_10 layout-component text-serif-m layout-normal text-sans-m layout-padded\">Enhanced Games arrangeres fra 21. til 24. mai 2026 i Las Vegas, og er planlagt \u00e5 bli et \u00e5rlig arrangement.<\/p>\n<p>Vis mer<\/p>\n<p class=\"_paragraph_o9xde_4 _paragraph_xtcu6_10 layout-component text-serif-m layout-normal text-serif-m layout-padded\">Ut\u00f8verne f\u00e5r \u00e9n million dollar \u2013 rundt ti millioner norske kroner \u2013 i bonus for \u00e5 sette verdensrekord under \u00ablekene\u00bb. Legendariske Usain Bolt har verdensrekorden p\u00e5 100 meter med 9,58 fra VM i 2009. <\/p>\n<p class=\"_paragraph_o9xde_4 _paragraph_xtcu6_10 layout-component text-serif-m layout-normal text-serif-m layout-padded\">Prescod understreker at det er \u00abforberedelser\u00bb og \u00abteknikk\u00bb som vil v\u00e6re de avgj\u00f8rende faktorene for hvor godt han kommer til \u00e5 prestere i mesterskapet.<\/p>\n<p class=\"_paragraph_o9xde_4 _paragraph_xtcu6_10 layout-component text-serif-m layout-normal text-serif-m layout-padded\">\u2013 Selvf\u00f8lgelig er medisinske opplysninger alltid konfidensielle, men for meg er den h\u00f8yeste prioriteten akkurat n\u00e5 \u00e5 komme tilbake i form til \u00e5 l\u00f8pe under 10 sekunder, la han til.<\/p>\n<p class=\"_paragraph_o9xde_4 _paragraph_xtcu6_10 layout-component text-serif-m layout-normal text-serif-m layout-padded\">Enhanced Games har f\u00e5tt <a href=\"https:\/\/www.vg.no\/sport\/i\/ab5bAL\/dette-er-enchanced-games-turneringen-som-tillater-doping\" data-track-element-type=\"Link\" data-track-id=\"link:ab5bAL\" class=\"_link_o9xde_39\" rel=\"nofollow noopener\" target=\"_blank\">kraftig kritikk<\/a> for \u00e5 sette ut\u00f8vernes helse i fare. Verdens antidopingbyr\u00e5 (WADA) har omtalt det som et \u00abfarlig og uansvarlig prosjekt\u00bb.<\/p>\n<p class=\"_paragraph_o9xde_4 _paragraph_xtcu6_10 layout-component text-serif-m layout-normal text-serif-m layout-padded\">Under fjor\u00e5rets friidretts-VM beskrev hekkel\u00f8per Amalie Iuel mesterskapet som <a href=\"https:\/\/www.vg.no\/sport\/i\/8qnn5G\/sprinteren-fred-kerley-blir-foerste-friidrettsutoever-i-doping-ol\" data-track-element-type=\"Link\" data-track-id=\"link:8qnn5G\" class=\"_link_o9xde_39\" rel=\"nofollow noopener\" target=\"_blank\">\u00abmotbydelig\u00bb<\/a>.<\/p>\n","protected":false},"excerpt":{"rendered":"I mai er sprinteren Reece Prescod (29) tilbake p\u00e5 startstreken i kontroversielle Enhanced Games. Der har han planer&hellip;\n","protected":false},"author":2,"featured_media":136079,"comment_status":"","ping_status":"","sticky":false,"template":"","format":"standard","meta":{"footnotes":""},"categories":[59],"tags":[5574,423,30,28,29,83,82],"class_list":{"0":"post-136078","1":"post","2":"type-post","3":"status-publish","4":"format-standard","5":"has-post-thumbnail","7":"category-sport","8":"tag-doping","9":"tag-friidrett","10":"tag-no","11":"tag-norge","12":"tag-norway","13":"tag-sport","14":"tag-sports"},"share_on_mastodon":{"url":"https:\/\/pubeurope.com\/@no\/115889190280189758","error":""},"_links":{"self":[{"href":"https:\/\/www.europesays.com\/no\/wp-json\/wp\/v2\/posts\/136078","targetHints":{"allow":["GET"]}}],"collection":[{"href":"https:\/\/www.europesays.com\/no\/wp-json\/wp\/v2\/posts"}],"about":[{"href":"https:\/\/www.europesays.com\/no\/wp-json\/wp\/v2\/types\/post"}],"author":[{"embeddable":true,"href":"https:\/\/www.europesays.com\/no\/wp-json\/wp\/v2\/users\/2"}],"replies":[{"embeddable":true,"href":"https:\/\/www.europesays.com\/no\/wp-json\/wp\/v2\/comments?post=136078"}],"version-history":[{"count":0,"href":"https:\/\/www.europesays.com\/no\/wp-json\/wp\/v2\/posts\/136078\/revisions"}],"wp:featuredmedia":[{"embeddable":true,"href":"https:\/\/www.europesays.com\/no\/wp-json\/wp\/v2\/media\/136079"}],"wp:attachment":[{"href":"https:\/\/www.europesays.com\/no\/wp-json\/wp\/v2\/media?parent=136078"}],"wp:term":[{"taxonomy":"category","embeddable":true,"href":"https:\/\/www.europesays.com\/no\/wp-json\/wp\/v2\/categories?post=136078"},{"taxonomy":"post_tag","embeddable":true,"href":"https:\/\/www.europesays.com\/no\/wp-json\/wp\/v2\/tags?post=136078"}],"curies":[{"name":"wp","href":"https:\/\/api.w.org\/{rel}","templated":true}]}}