{"id":136080,"date":"2026-01-13T18:24:39","date_gmt":"2026-01-13T18:24:39","guid":{"rendered":"https:\/\/www.europesays.com\/no\/136080\/"},"modified":"2026-01-13T18:24:39","modified_gmt":"2026-01-13T18:24:39","slug":"henriette-lien-om-farmen-kjendis","status":"publish","type":"post","link":"https:\/\/www.europesays.com\/no\/136080\/","title":{"rendered":"Henriette Lien om Farmen kjendis"},"content":{"rendered":"<p>\u00abJeg har litt knapt med tid f\u00f8r jeg reiser til Kenya. Hvor<br \/>\nlang tid tenker du jeg m\u00e5 sette av?\u00bb skriver skuespiller Henriette Lien (56) p\u00e5<br \/>\ntekstmelding.<\/p>\n<p>Vi lander p\u00e5 \u00e5 m\u00f8tes p\u00e5 en kaf\u00e9 p\u00e5 Lilleaker i Oslo, etter<br \/>\nat hun er ferdig med \u00abGod morgen Norge\u00bb. Jeg stusser over at hun sp\u00f8r om<br \/>\nadressen, for det dukker jo opp n\u00e5r man plotter inn kafeen p\u00e5 kartet.\u00a0<\/p>\n<p>Men<br \/>\nHenriette bruker ikke smarttelefon. Det vil si, hun har en, men da hun kom hjem<br \/>\nfra Farmen kj\u00f8pte hun seg en dumtelefon. <\/p>\n<p class=\"font-weight-bold m-font-weight-bold\" data-lab-font_weight=\"font-weight-bold\">Det enkle livet p\u00e5 Fredheim g\u00e5rd 100 \u00e5r tilbake i tid, ga<br \/>\nmersmak.<\/p>\n<p>Henriette er kledd i farger fra topp til t\u00e5, og tv-sminken<br \/>\ner p\u00e5 plass. Hun forteller at hun pr\u00f8vde \u00e5 gni av litt av sminken. F\u00f8ler seg<br \/>\nikke helt vel med s\u00e5 mye sminke.<\/p>\n<p>Videre forteller hun at vi er i hjemtraktene hennes, hvor<br \/>\nhun vokste opp. Hun er helt fascinert, og kanskje litt skremt, over hvor mye<br \/>\nsom har skjedd i omr\u00e5det ved Lysaker i Oslo.<\/p>\n<p>    <a itemprop=\"url\" href=\"https:\/\/www.kk.no\/helse\/det-er-ganske-typisk-at-mannen-min-sier-na-ma-du-ikke-stresse-sa-mye-isabell\/83980071\" rel=\"nofollow noopener\" target=\"_blank\"><\/p>\n<p>        <img loading=\"lazy\" decoding=\"async\" src=\"https:\/\/www.europesays.com\/no\/wp-content\/uploads\/2026\/01\/83986100.webp.webp\" width=\"980\" height=\"441\" title=\"- Det er ganske typisk at mannen min sier \u00abn\u00e5 m\u00e5 du ikke stresse s\u00e5 mye, Isabell\u00bb\" alt=\"\" class=\"lazyload\" style=\"--aspect-ratio-image: 2.22; \"\/><\/p>\n<p>        &#8211; Det er ganske typisk at mannen min sier \u00abn\u00e5 m\u00e5 du ikke stresse s\u00e5 mye, Isabell\u00bb<\/p>\n<p>    <\/a><\/p>\n<p>De siste \u00e5rene har Henriette tilbragt mye tid i Kenya, men<br \/>\nn\u00e5 er hun tilbake i Norge og har etablert seg her.<\/p>\n<p>&#8211; Jeg er vanligvis hjemme et par m\u00e5neder, og s\u00e5 reiser jeg<br \/>\nbort noen uker. Litt p\u00e5 samme m\u00e5te som n\u00e5r folk reiser p\u00e5 hytta, smiler hun.<\/p>\n<p>Utenfor er det er tykt lag med nysn\u00f8, sylskarp sol. Og ikke<br \/>\nminst kaldt.<\/p>\n<p>&#8211; I dag er det helt nydelig, men n\u00e5r vinteren er m\u00f8rk, kald,<br \/>\nfolk er innesluttet\u2026 da er det deilig \u00e5 reise bort til en mer \u00e5pen verden, sier<br \/>\nhun.<\/p>\n<p>        <img loading=\"lazy\" decoding=\"async\" src=\"https:\/\/www.europesays.com\/no\/wp-content\/uploads\/2026\/01\/84077348.webp.webp\" width=\"667\" height=\"974\" title=\"Foto: Ida Bergersen\" alt=\"\" class=\"\" style=\"--aspect-ratio-image: 0.68; \"\/><\/p>\n<p>\n        Foto: Ida Bergersen\n    <\/p>\n<p>    <a itemprop=\"url\" href=\"https:\/\/www.kk.no\/underholdning\/derfor-sammenlignes-han-med-kristus\/84047425\" rel=\"nofollow noopener\" target=\"_blank\"><\/p>\n<p>        <img loading=\"lazy\" decoding=\"async\" src=\"https:\/\/www.europesays.com\/no\/wp-content\/uploads\/2026\/01\/84047619.webp.webp\" width=\"980\" height=\"441\" title=\"Derfor sammenlignes han med Kristus\" alt=\"\" class=\"lazyload\" style=\"--aspect-ratio-image: 2.22; \"\/><\/p>\n<p>        Derfor sammenlignes han med Kristus<\/p>\n<p>    <\/a><\/p>\n<p>Derfor takket hun ja<\/p>\n<p>Henriette har ikke lagt skjul p\u00e5 at hun er lei av \u00e5 snakke<br \/>\nom rollen som Ninni i \u00abHotel C\u00e6sar\u00bb. Det er 28 \u00e5r siden hun fikk rollen, og<br \/>\nmange har lurt p\u00e5 hvorfor hun \u00abtrakk seg tilbake\u00bb etter dette. <\/p>\n<p>&#8211; Jeg har aldri trukket meg tilbake, jeg har bare jobbet med<br \/>\nandre ting som ikke har gitt meg s\u00e5 mye eksponering. <\/p>\n<p class=\"italic m-italic\" data-lab-italic=\"italic\">&#8211; Hvorfor takket du ja til Farmen kjendis?<\/p>\n<p>&#8211; Jeg har takket nei til reality i 25 \u00e5r \u2013 fordi jeg prinsipielt<br \/>\nikke har v\u00e6rt interessert. Jeg har hatt mitt yrke, hvor jeg har v\u00e6rt veldig<br \/>\nbevisst p\u00e5 \u00e5 ikke surre det til ved \u00e5 v\u00e6re med p\u00e5 mye forskjellig som f\u00e5r folk<br \/>\ntil \u00e5 lure p\u00e5 hvem man egentlig er. <\/p>\n<p>Videre forklarer Henriette at verden har forandret seg mye<br \/>\np\u00e5 25 \u00e5r, og at reality n\u00e6rmest har teppelagt underholdningsbransjen. <\/p>\n<p>&#8211; Jeg har en f\u00f8lelse i kroppen, intuisjonen, som forteller<br \/>\nmeg hva jeg burde gj\u00f8re. I Kenya lever jeg p\u00e5 en \u00f8y uten str\u00f8m, vann, biler og<br \/>\nwifi. Jeg elsker det enkle livet, hvor man er mer til stede med hverandre,<br \/>\ndyrene og naturen. Jeg \u00f8nsket \u00e5 oppleve det samme i Norge, hvor ikke bare jeg<br \/>\nla vekk telefonen, men alle andre ogs\u00e5. Det fristet \u00e5 pr\u00f8ve.<\/p>\n<p>    <a itemprop=\"url\" href=\"https:\/\/www.kk.no\/livet\/man-ma-jo-vaere-litt-skrudd-i-pappen-om-man-skal-holde-pa-med-det-her\/83995306\" rel=\"nofollow noopener\" target=\"_blank\"><\/p>\n<p>        <img loading=\"lazy\" decoding=\"async\" src=\"https:\/\/www.europesays.com\/no\/wp-content\/uploads\/2026\/01\/83995661.webp.webp\" width=\"980\" height=\"441\" title=\"- Man m\u00e5 jo v\u00e6re litt skrudd i pappen om man skal holde p\u00e5 med det her\" alt=\"\" class=\"lazyload\" style=\"--aspect-ratio-image: 2.22; \"\/><\/p>\n<p>        &#8211; Man m\u00e5 jo v\u00e6re litt skrudd i pappen om man skal holde p\u00e5 med det her<\/p>\n<p>    <\/a><\/p>\n<p>Ny oppdagelse<\/p>\n<p>I alle \u00e5r har Henriette sett p\u00e5 seg selv som en introvert<br \/>\nperson, som trives godt i eget selskap og trenger alenetid. Alle som kjenner<br \/>\nhenne vet dette, og var spente p\u00e5 hvordan det ville g\u00e5 n\u00e5r hun skulle v\u00e6re opp\u00e5<br \/>\nandre mennesker hele tiden p\u00e5 en g\u00e5rd.<\/p>\n<p>&#8211; Jeg er nok ikke s\u00e5 introvert som jeg selv har trodd. Jeg<br \/>\nsyntes det var veldig hyggelig \u00e5 sove i en firemannsseng. V\u00e5kne p\u00e5 morgenen,<br \/>\nfjerne panneb\u00e5ndet fra \u00f8ynene og si god morgen til Fritz. Tusle ut p\u00e5<br \/>\nkj\u00f8kkenet, hvor noen sto og r\u00f8rte i en gryte.<\/p>\n<p>        <img loading=\"lazy\" decoding=\"async\" src=\"https:\/\/www.europesays.com\/no\/wp-content\/uploads\/2026\/01\/84077115.webp.webp\" width=\"667\" height=\"961\" title=\"Foto: Anton Soggiu\" alt=\"\" class=\"\" style=\"--aspect-ratio-image: 0.69; \"\/><\/p>\n<p>\n        Foto: Anton Soggiu\n    <\/p>\n<p>Det ga assosiasjoner til barndommen, n\u00e5r man er p\u00e5 hyttetur<br \/>\nog subber rundt i str\u00f8mpebuksa.<\/p>\n<p class=\"font-weight-bold m-font-weight-bold\" data-lab-font_weight=\"font-weight-bold\">&#8211; Den tilv\u00e6relsen, som mange tror er slitsom, syntes jeg var<br \/>\nutrolig hyggelig. Jeg burde egentlig bo i kollektiv, ler hun.<\/p>\n<p>\u00c5 v\u00e5kne opp omringet av dyr, og starte dagen med \u00e5 melke<br \/>\nkuer mens geitekillingene hoppet rundt, var som en dr\u00f8m for Henriette.<\/p>\n<p>&#8211; Alle burde oppleve \u00e5 leve med dyr, og ikke ha tilgang til<br \/>\ntelefon. Det var ingen biler, ingen st\u00f8y\u2026 det var en velsignelse. <\/p>\n<p>    <a itemprop=\"url\" href=\"https:\/\/www.kk.no\/livet\/froya-19-har-fatt-drapstrusler-etter-dette\/83992257\" rel=\"nofollow noopener\" target=\"_blank\"><\/p>\n<p>        <img loading=\"lazy\" decoding=\"async\" src=\"https:\/\/www.europesays.com\/no\/wp-content\/uploads\/2026\/01\/83992275.webp.webp\" width=\"980\" height=\"441\" title=\"Fr\u00f8ya (19) har f\u00e5tt drapstrusler etter dette\" alt=\"\" class=\"lazyload\" style=\"--aspect-ratio-image: 2.22; \"\/><\/p>\n<p>        Fr\u00f8ya (19) har f\u00e5tt drapstrusler etter dette<\/p>\n<p>    <\/a><\/p>\n<p>Ble stille i hodet<\/p>\n<p>Henriette forteller at det ofte dukker opp nye planer og kreative<br \/>\nprosesser i hodet hennes. Det tikker og g\u00e5r hele tiden.<\/p>\n<p>&#8211; Jeg pleier \u00e5 skrive ned alt, men jeg hadde ikke noe \u00e5<br \/>\nskrive med, s\u00e5 det var litt frustrerende. Men til slutt ble det helt stille i<br \/>\ntopplokket. Det var s\u00e5 deilig. En slags p\u00e5minnelse om hvordan det var \u00e5 v\u00e6re<br \/>\nbarn. Hvor du ikke har noen ting du skal gj\u00f8re \u2013 du skal bare v\u00e6re.<\/p>\n<p>At alle bare var til stede, uten telefoner og andre<br \/>\ndistraksjoner, opplevdes som en stor kontrast til dagens samfunn.<\/p>\n<p>&#8211; I dag er det slik at dersom du g\u00e5r inn i et rom, sitter 95<br \/>\nprosent med hodet ned i en telefon. Du m\u00f8ter ikke blikk lenger. De sm\u00e5,<br \/>\nspontane samtalene man f\u00f8r hadde, er borte fra samfunnet. <\/p>\n<p>        <img loading=\"lazy\" decoding=\"async\" src=\"https:\/\/www.europesays.com\/no\/wp-content\/uploads\/2026\/01\/84077394.webp.webp\" width=\"667\" height=\"974\" title=\"Foto: Ida Bergersen\" alt=\"\" class=\"\" style=\"--aspect-ratio-image: 0.68; \"\/><\/p>\n<p>\n        Foto: Ida Bergersen\n    <\/p>\n<p>    <a itemprop=\"url\" href=\"https:\/\/www.kk.no\/underholdning\/derfor-har-de-byttet-innspillingssted-1\/84062090\" rel=\"nofollow noopener\" target=\"_blank\"><\/p>\n<p>        <img loading=\"lazy\" decoding=\"async\" src=\"https:\/\/www.europesays.com\/no\/wp-content\/uploads\/2026\/01\/1768328667_120_84062161.webp.webp\" width=\"980\" height=\"441\" title=\"Derfor har de byttet innspillingssted\" alt=\"\" class=\"lazyload\" style=\"--aspect-ratio-image: 2.22; \"\/><\/p>\n<p>        Derfor har de byttet innspillingssted<\/p>\n<p>    <\/a><\/p>\n<p>Guttastemning<\/p>\n<p>Det betyr likevel at det ikke bare var fryd og gammen. N\u00e5r<br \/>\n13 veldig forskjellige mennesker samles under samme tak, er det \u00e5penbart at<br \/>\nikke alle g\u00e5r like godt overens. <\/p>\n<p>&#8211; Etter mange \u00e5r i bransjen har jeg nok selvinnsikt til \u00e5<br \/>\nvite at dersom du som en kvinne p\u00e5 55 \u00e5r er klar i talen, f\u00e5r du den rollen. S\u00e5<br \/>\njeg holdt meg ganske mye, for at produksjonen ikke skulle f\u00e5 mulighet til \u00e5<br \/>\nlage den karakteren av meg, for det ville jeg ikke kjent meg igjen i. Selv om<br \/>\ndu sier ifra p\u00e5 en hyggelig m\u00e5te, blir du umiddelbart satt i b\u00e5s som kjip<br \/>\nkjerring. Det er synd.<\/p>\n<p>Da guttastemningen tok helt av, og guttene hadde skravlet<br \/>\nuten stopp i lang tid, om helt uvesentlige ting, fors\u00f8kte Henriette \u00e5 innf\u00f8re<br \/>\nstilletid.<\/p>\n<p>&#8211; Det var lyd hele tiden. Det er jo hyggelig \u00e5 f\u00e5 oppleve at<br \/>\ndu er p\u00e5 en g\u00e5rd, og ikke f\u00f8le at du er p\u00e5 kaffebrenneriet p\u00e5 Carl Berner. S\u00e5<br \/>\njeg pr\u00f8vde \u00e5 tulle litt med gutta, og oppfordre Sondre og Jonas til \u00e5 ha en<br \/>\npause hvor de ikke snakket. Jeg fors\u00f8kte \u00e5 bevisstgj\u00f8re dem p\u00e5 en litt hyggelig<br \/>\nm\u00e5te, og fortelle at det g\u00e5r an \u00e5 vaske opp uten \u00e5 komme med vitser absolutt<br \/>\nhele tiden, sier hun, og legger til:<\/p>\n<p>&#8211; Det er synd man blir sett p\u00e5 som sur og streng ved \u00e5 sp\u00f8rre<br \/>\nom det ikke er mulig \u00e5 dempe seg litt. De unge jentene kunne sagt ifra, for de<br \/>\ner bare s\u00f8te og nydelige, men n\u00e5r man ikke er ungjente lenger kan man ikke det.\n<\/p>\n<p>Henriette forteller at hun tullet med det, og at mannfolka<br \/>\naldri tok det ille opp.<\/p>\n<p>&#8211; De har jo like mye rett til \u00e5 prate, som at jeg har et<br \/>\n\u00f8nske om stillhet. Det er ikke s\u00e5nn at mitt ord er lov. Jeg vil tro det var<br \/>\nlitt usikkerhet fra dem i starten, og et fors\u00f8k p\u00e5 \u00e5 finne sin plass. De kjente<br \/>\njo ikke hverandre fra f\u00f8r. Men \u00e5 v\u00e6re rundt det, var noe av det mest<br \/>\nutfordrende for min del. <\/p>\n<p>        <img loading=\"lazy\" decoding=\"async\" src=\"https:\/\/www.europesays.com\/no\/wp-content\/uploads\/2026\/01\/84077560.webp.webp\" width=\"980\" height=\"559\" title=\"Foto: Ida Bergersen\" alt=\"\" class=\"\" style=\"--aspect-ratio-image: 1.75; \"\/><\/p>\n<p>\n        Foto: Ida Bergersen\n    <\/p>\n<p>    <a itemprop=\"url\" href=\"https:\/\/www.kk.no\/underholdning\/var-ikke-forberedt-pa-det\/84061431\" rel=\"nofollow noopener\" target=\"_blank\"><\/p>\n<p>        <img loading=\"lazy\" decoding=\"async\" src=\"https:\/\/www.europesays.com\/no\/wp-content\/uploads\/2026\/01\/84061494.webp.webp\" width=\"980\" height=\"441\" title=\"- Var ikke forberedt p\u00e5 det\" alt=\"\" class=\"lazyload\" style=\"--aspect-ratio-image: 2.22; \"\/><\/p>\n<p>        &#8211; Var ikke forberedt p\u00e5 det<\/p>\n<p>    <\/a><\/p>\n<p>Tvekamp<\/p>\n<p>Den konstante fjasingen var s\u00e5pass krevende at Henriette<br \/>\netter de f\u00f8rste dagene ikke visste om hun ville holde ut. Hun la ikke skjul p\u00e5 at hun var frustrert og demotivert overfor storbonde Peder, noe hun tror gjorde valget hans enklere.<\/p>\n<p class=\"font-weight-bold m-font-weight-bold\" data-lab-font_weight=\"font-weight-bold\">&#8211; Jeg tenkte at jeg ikke orket \u00e5<br \/>\nv\u00e6re p\u00e5 g\u00e5rden i seks uker om jeg bare skulle h\u00f8re prat om underlivet til<br \/>\ngutta. Men samme dag jeg ble valgt, merket jeg at det begynte \u00e5 endre seg litt.<br \/>\nJeg inns\u00e5 at det kanskje var h\u00e5p.<\/p>\n<p>Henriette valgte Victoria Skau som andrekjempe. Begge var veldig<br \/>\nmotivert for \u00e5 vinne tvekampen. <\/p>\n<p>Mange tanker gikk gjennom hodet til Henriette p\u00e5<br \/>\nf\u00f8rstekjempehytta.<\/p>\n<p>&#8211; Jeg tenkte at dersom jeg drar hjem n\u00e5, kommer jeg ikke til<br \/>\n\u00e5 f\u00f8le at jeg har v\u00e6rt p\u00e5 Farmen. Selvf\u00f8lgelig skal jeg bli!<\/p>\n<p>Henriette har v\u00e6rt p\u00e5 mange auditions i sitt liv, og hun<br \/>\nforteller at hun gikk inn i en mental tilstand som var helt merkelig.<\/p>\n<p>&#8211; Jeg husker knapt noe fra det d\u00f8gnet. Jeg satt p\u00e5 kanten av<br \/>\nfjellet utenfor hytta og hadde oversikt over hva de andre deltakerne holdt p\u00e5<br \/>\nmed. Og s\u00e5 sa jeg til meg selv at jeg fortsatt var en del av dem. Jeg nektet \u00e5<br \/>\nla meg bli frakoblet. P\u00e5 den m\u00e5ten f\u00f8lte jeg at jeg ikke var ute, og jeg klarte<br \/>\n\u00e5 finne en kraft til \u00e5 yte maks n\u00e5r det gjaldt.<\/p>\n<p>        <img loading=\"lazy\" decoding=\"async\" src=\"https:\/\/www.europesays.com\/no\/wp-content\/uploads\/2026\/01\/84077401.webp.webp\" width=\"667\" height=\"494\" title=\"Foto: Anton Soggiu\" alt=\"\" class=\"\" style=\"--aspect-ratio-image: 1.35; \"\/><\/p>\n<p>\n        Foto: Anton Soggiu\n    <\/p>\n<p>    <a itemprop=\"url\" href=\"https:\/\/www.kk.no\/underholdning\/synes-det-er-ganske-alvorlig\/84065958\" rel=\"nofollow noopener\" target=\"_blank\"><\/p>\n<p>        <img loading=\"lazy\" decoding=\"async\" src=\"https:\/\/www.europesays.com\/no\/wp-content\/uploads\/2026\/01\/84066378.webp.webp\" width=\"980\" height=\"441\" title=\"- Synes det er ganske alvorlig\" alt=\"\" class=\"lazyload\" style=\"--aspect-ratio-image: 2.22; \"\/><\/p>\n<p>        &#8211; Synes det er ganske alvorlig<\/p>\n<p>    <\/a><\/p>\n<p>Ekstremt vanskleig<\/p>\n<p>Det ble en interessant tvekamp. Henriette og Victoria fikk<br \/>\nto pr\u00f8vekast hver f\u00f8r kampen ble satt i gang, og at ingen av dem var i n\u00e6rheten<br \/>\nav \u00e5 treffe blinken. <\/p>\n<p>&#8211; Den avstanden var s\u00e5 lang! Det var helt vilt! Blinken var<br \/>\nutrolig liten, og \u00f8ksene er ganske tunge. Man m\u00e5 kaste med begge hendene, s\u00e5<br \/>\nman m\u00e5 jo n\u00e6rmest legge seg i bro for \u00e5 f\u00e5 nok kraft i kastet, sier hun, og<br \/>\nlegger til:<\/p>\n<p>&#8211; Jeg var s\u00e5 full av adrenalin, og bestemt p\u00e5 \u00e5 vinne. Det<br \/>\neneste jeg hadde i tankene var \u00e5 ikke gj\u00f8re barna mine flaue, vise at de<br \/>\ngamle er eldst og at jeg har noe \u00e5 fare med. Og \u00e5 skrike! For det har jeg sett<br \/>\nspydkastere og kulekastere gj\u00f8re, ler hun.<\/p>\n<p>    <a itemprop=\"url\" href=\"https:\/\/www.kk.no\/underholdning\/jeg-gikk-helt-i-kjelleren-1\/84078264\" rel=\"nofollow noopener\" target=\"_blank\"><\/p>\n<p>        <img loading=\"lazy\" decoding=\"async\" src=\"https:\/\/www.europesays.com\/no\/wp-content\/uploads\/2026\/01\/84078381.webp.webp\" width=\"980\" height=\"441\" title=\"- Jeg gikk helt i kjelleren\" alt=\"\" class=\"lazyload\" style=\"--aspect-ratio-image: 2.22; \"\/><\/p>\n<p>        &#8211; Jeg gikk helt i kjelleren<\/p>\n<p>    <\/a><\/p>\n<p>&#8211; Og s\u00e5 satt den, gitt. Det var en voldsom start.<\/p>\n<p>For under sitt f\u00f8rste kast, klarte Henriette p\u00e5 imponerende<br \/>\nvis \u00e5 treffe \u00f8ksen midt i blinken \u2013 noe som sjokkert alle.<\/p>\n<p class=\"font-weight-bold m-font-weight-bold\" data-lab-font_weight=\"font-weight-bold\">&#8211; Jeg var s\u00e5 i sonen under den kampen, at jeg knapt husker<br \/>\nnoe fra det.<\/p>\n<p>Det ble flere kast p\u00e5 b\u00e5de Victoria og Henriette uten at<br \/>\nnoen av dem traff blinken. Men til slutt var det Henriette som tok seieren.<\/p>\n<p>&#8211; Jeg var veldig glad for det, smiler hun.<\/p>\n<p>        <img loading=\"lazy\" decoding=\"async\" src=\"https:\/\/www.europesays.com\/no\/wp-content\/uploads\/2026\/01\/84077409.webp.webp\" width=\"667\" height=\"441\" title=\"Foto: Ida Bergersen\" alt=\"\" class=\"\" style=\"--aspect-ratio-image: 1.51; \"\/><\/p>\n<p>\n        Foto: Ida Bergersen\n    <\/p>\n<p>    <a itemprop=\"url\" href=\"https:\/\/www.kk.no\/livet\/det-var-et-ord-jeg-aldri-hadde-hort-for\/83997854\" rel=\"nofollow noopener\" target=\"_blank\"><\/p>\n<p>        <img loading=\"lazy\" decoding=\"async\" src=\"https:\/\/www.europesays.com\/no\/wp-content\/uploads\/2026\/01\/1768328677_945_83997914.webp.webp\" width=\"980\" height=\"441\" title=\"- Det var et ord jeg aldri hadde h\u00f8rt f\u00f8r\" alt=\"\" class=\"lazyload\" style=\"--aspect-ratio-image: 2.22; \"\/><\/p>\n<p>        &#8211; Det var et ord jeg aldri hadde h\u00f8rt f\u00f8r<\/p>\n<p>    <\/a><\/p>\n<p>Hva livet handler om<\/p>\n<p>G\u00e5rdsoppholdet l\u00e6rte ogs\u00e5 Henriette hvor viktig det er \u00e5 ha<br \/>\nmennesker rundt seg. <\/p>\n<p>&#8211; Livet handler om menneskelige relasjoner \u2013 enten det er<br \/>\nvenner, familie eller kollegaer. Poenget med \u00e5 v\u00e6re menneske er \u00e5 \u00abconnecte\u00bb<br \/>\nmed andre. Og det gj\u00f8r vi p\u00e5 forskjellige m\u00e5ter, men vi er s\u00e5 fjerne n\u00e5. Mister<br \/>\nvi hverandre, mister vi oss selv \u2013 og hva sitter vi igjen med da? <\/p>\n<p>Henriette forteller at hun ofte g\u00e5r ut d\u00f8ra hjemmefra uten<br \/>\ntelefon. At det er helt uproblematisk \u00e5 sp\u00f8rre folk om hjelp \u2013 slik man gjorde<br \/>\nf\u00f8r i tiden.<\/p>\n<p>&#8211; Livet er utrolig uproblematisk uten telefon. Det er det<br \/>\nenkleste tiltaket jeg har gjort i livet mitt.<\/p>\n<p>Hun synes det er synd at ikke flere tar grep, og l\u00f8sriver<br \/>\nseg litt fra telefonen.<\/p>\n<p>&#8211; Det f\u00f8les s\u00e5 rart \u00e5 v\u00e6re omtrent den eneste som sitter p\u00e5<br \/>\nbussen og ser ut av vinduet. Om vi ikke v\u00e5kner som samfunn snart, og ser at vi<br \/>\ner p\u00e5 feil vei\u2026 da kommer det til \u00e5 g\u00e5 galt med v\u00e5r mentale helse.<\/p>\n<p>    <a itemprop=\"url\" href=\"https:\/\/www.kk.no\/underholdning\/den-mannen-er-ikke-frisk\/83976375\" rel=\"nofollow noopener\" target=\"_blank\"><\/p>\n<p>        <img loading=\"lazy\" decoding=\"async\" src=\"https:\/\/www.europesays.com\/no\/wp-content\/uploads\/2026\/01\/1768328679_730_83976832.webp.webp\" width=\"980\" height=\"441\" title=\"- Den mannen er ikke frisk\" alt=\"\" class=\"lazyload\" style=\"--aspect-ratio-image: 2.22; \"\/><\/p>\n<p>        &#8211; Den mannen er ikke frisk<\/p>\n<p>    <\/a><\/p>\n<p>        <img loading=\"lazy\" decoding=\"async\" src=\"https:\/\/www.europesays.com\/no\/wp-content\/uploads\/2026\/01\/1768328679_351_81859885.webp.webp\" width=\"196\" height=\"155\" title=\"Har du et tips?\" alt=\"\" class=\"\" style=\"--aspect-ratio-image: 1.26; \"\/><\/p>\n<p>        Har du et tips?<\/p>\n<p class=\"subtitle\">Hei, jeg heter Ida Bergersen, og er journalist i KK. Har du et tips, en historie du vil fortelle eller et felt du mener vi b\u00f8r skrive om?<\/p>\n","protected":false},"excerpt":{"rendered":"\u00abJeg har litt knapt med tid f\u00f8r jeg reiser til Kenya. Hvor lang tid tenker du jeg m\u00e5&hellip;\n","protected":false},"author":2,"featured_media":136081,"comment_status":"","ping_status":"","sticky":false,"template":"","format":"standard","meta":{"footnotes":""},"categories":[58],"tags":[71,9467,12633,30,28,29,72],"class_list":{"0":"post-136080","1":"post","2":"type-post","3":"status-publish","4":"format-standard","5":"has-post-thumbnail","7":"category-underholdning","8":"tag-entertainment","9":"tag-farmen-kjendis","10":"tag-henriette-lien","11":"tag-no","12":"tag-norge","13":"tag-norway","14":"tag-underholdning"},"share_on_mastodon":{"url":"https:\/\/pubeurope.com\/@no\/115889193921125138","error":""},"_links":{"self":[{"href":"https:\/\/www.europesays.com\/no\/wp-json\/wp\/v2\/posts\/136080","targetHints":{"allow":["GET"]}}],"collection":[{"href":"https:\/\/www.europesays.com\/no\/wp-json\/wp\/v2\/posts"}],"about":[{"href":"https:\/\/www.europesays.com\/no\/wp-json\/wp\/v2\/types\/post"}],"author":[{"embeddable":true,"href":"https:\/\/www.europesays.com\/no\/wp-json\/wp\/v2\/users\/2"}],"replies":[{"embeddable":true,"href":"https:\/\/www.europesays.com\/no\/wp-json\/wp\/v2\/comments?post=136080"}],"version-history":[{"count":0,"href":"https:\/\/www.europesays.com\/no\/wp-json\/wp\/v2\/posts\/136080\/revisions"}],"wp:featuredmedia":[{"embeddable":true,"href":"https:\/\/www.europesays.com\/no\/wp-json\/wp\/v2\/media\/136081"}],"wp:attachment":[{"href":"https:\/\/www.europesays.com\/no\/wp-json\/wp\/v2\/media?parent=136080"}],"wp:term":[{"taxonomy":"category","embeddable":true,"href":"https:\/\/www.europesays.com\/no\/wp-json\/wp\/v2\/categories?post=136080"},{"taxonomy":"post_tag","embeddable":true,"href":"https:\/\/www.europesays.com\/no\/wp-json\/wp\/v2\/tags?post=136080"}],"curies":[{"name":"wp","href":"https:\/\/api.w.org\/{rel}","templated":true}]}}