{"id":136084,"date":"2026-01-13T18:27:08","date_gmt":"2026-01-13T18:27:08","guid":{"rendered":"https:\/\/www.europesays.com\/no\/136084\/"},"modified":"2026-01-13T18:27:08","modified_gmt":"2026-01-13T18:27:08","slug":"nye-kostrad-i-usa-vekker-oppsikt-et-paradigmeskifte","status":"publish","type":"post","link":"https:\/\/www.europesays.com\/no\/136084\/","title":{"rendered":"Nye kostr\u00e5d i USA vekker oppsikt: \u2013 Et paradigmeskifte"},"content":{"rendered":"<p class=\"extendedContent hyperion-css-eyn926\" data-test-tag=\"lead-text\">\u2013 Vitenskapen er under angrep, sier amerikansk professor. <\/p>\n<p><img decoding=\"async\" class=\"image-asset hyperion-css-u06ts1\" data-test-tag=\"image-asset\" src=\"https:\/\/www.europesays.com\/no\/wp-content\/uploads\/2026\/01\/50da5691-d2ba-423b-94b1-8d0e6d69640d.jpeg\"  alt=\"I de nye kostr\u00e5dene i USA \u00e5pnes det for at fettinntaket ogs\u00e5 kan komme fra matvarer som r\u00f8dt kj\u00f8tt og helfete meieriprodukt.\"  loading=\"eager\" fetchpriority=\"high\" style=\"aspect-ratio:2048 \/ 1367\"\/>I de nye kostr\u00e5dene i USA \u00e5pnes det for at fettinntaket ogs\u00e5 kan komme fra matvarer som r\u00f8dt kj\u00f8tt og helfete meieriprodukt. Foto: Shutterstock<\/p>\n<p>Publisert: 13.01.2026 18:00<\/p>\n<p class=\"paywall hyperion-css-1j42uic\">Forrige uke kom USA med nye kostr\u00e5d.<\/p>\n<p class=\"paywall hyperion-css-1j42uic\">\u00abSpis ekte mat\u00bb, er hovedbudskapet.<\/p>\n<p class=\"hyperion-css-1qm9e9t\">Les hele saken med abonnement<\/p>\n<p>Allerede abonnent? Logg inn<\/p>\n","protected":false},"excerpt":{"rendered":"\u2013 Vitenskapen er under angrep, sier amerikansk professor. I de nye kostr\u00e5dene i USA \u00e5pnes det for at&hellip;\n","protected":false},"author":2,"featured_media":136085,"comment_status":"","ping_status":"","sticky":false,"template":"","format":"standard","meta":{"footnotes":""},"categories":[12],"tags":[20,21,24,25,15,22,23,13,30,28,29,14,16,26,27,42,43,44,45],"class_list":{"0":"post-136084","1":"post","2":"type-post","3":"status-publish","4":"format-standard","5":"has-post-thumbnail","7":"category-verden","8":"tag-breaking-news","9":"tag-breakingnews","10":"tag-featured-news","11":"tag-featurednews","12":"tag-headlines","13":"tag-latest-news","14":"tag-latestnews","15":"tag-news","16":"tag-no","17":"tag-norge","18":"tag-norway","19":"tag-nyheter","20":"tag-overskrifter","21":"tag-top-stories","22":"tag-topstories","23":"tag-verden","24":"tag-world","25":"tag-world-news","26":"tag-worldnews"},"share_on_mastodon":{"url":"https:\/\/pubeurope.com\/@no\/115889205781416236","error":""},"_links":{"self":[{"href":"https:\/\/www.europesays.com\/no\/wp-json\/wp\/v2\/posts\/136084","targetHints":{"allow":["GET"]}}],"collection":[{"href":"https:\/\/www.europesays.com\/no\/wp-json\/wp\/v2\/posts"}],"about":[{"href":"https:\/\/www.europesays.com\/no\/wp-json\/wp\/v2\/types\/post"}],"author":[{"embeddable":true,"href":"https:\/\/www.europesays.com\/no\/wp-json\/wp\/v2\/users\/2"}],"replies":[{"embeddable":true,"href":"https:\/\/www.europesays.com\/no\/wp-json\/wp\/v2\/comments?post=136084"}],"version-history":[{"count":0,"href":"https:\/\/www.europesays.com\/no\/wp-json\/wp\/v2\/posts\/136084\/revisions"}],"wp:featuredmedia":[{"embeddable":true,"href":"https:\/\/www.europesays.com\/no\/wp-json\/wp\/v2\/media\/136085"}],"wp:attachment":[{"href":"https:\/\/www.europesays.com\/no\/wp-json\/wp\/v2\/media?parent=136084"}],"wp:term":[{"taxonomy":"category","embeddable":true,"href":"https:\/\/www.europesays.com\/no\/wp-json\/wp\/v2\/categories?post=136084"},{"taxonomy":"post_tag","embeddable":true,"href":"https:\/\/www.europesays.com\/no\/wp-json\/wp\/v2\/tags?post=136084"}],"curies":[{"name":"wp","href":"https:\/\/api.w.org\/{rel}","templated":true}]}}