{"id":136088,"date":"2026-01-13T18:29:14","date_gmt":"2026-01-13T18:29:14","guid":{"rendered":"https:\/\/www.europesays.com\/no\/136088\/"},"modified":"2026-01-13T18:29:14","modified_gmt":"2026-01-13T18:29:14","slug":"trafikk-og-kollektiv-vaer-mye-trafikk-og-ko-vurder-gjerne-om-du-kan-reise-utenfor-rushtiden","status":"publish","type":"post","link":"https:\/\/www.europesays.com\/no\/136088\/","title":{"rendered":"Trafikk og kollektiv, V\u00e6r | Mye trafikk og k\u00f8: \u2013 Vurder gjerne om du kan reise utenfor rushtiden"},"content":{"rendered":"\n<p>Tirsdag ettermiddag daler det ned, og kommunikasjonsr\u00e5dgiver i Ruter, \u00d8ystein Dahl Johansen, forteller at det g\u00e5r sakte i trafikken. Hvorvidt det skyldes v\u00e6ret, vet han ikke.<\/p>\n<p>\u2013 Det er mye trafikk n\u00e5, og det virker som det g\u00e5r sakte.<\/p>\n<p>Dette gjelder blant annet disse busslinjene: 20,\u00a021,\u00a028,\u00a030,\u00a031,\u00a031E,\u00a034,\u00a037,\u00a042<\/p>\n<p>   <img decoding=\"async\" width=\"5712\" height=\"4284\" fetchpriority=\"low\"  loading=\"lazy\"  src=\"https:\/\/www.europesays.com\/no\/wp-content\/uploads\/2026\/01\/1768328952_494_photo+%2817%29.jpg\" alt=\"\" class=\"brick-c-cFOWSL\" style=\"--brick-image-ratio: 5712 \/ 4284;\"\/><\/p>\n<p>      Br\u00f8ytebil stanset midt p\u00e5 Jernbanetorget tirsdag formiddag. Da sto bussene oppover gaten.<br \/>\n      Foto: Marius Medby \/ Avisa Oslo\n    <\/p>\n<p>   <img decoding=\"async\" width=\"671\" height=\"588\" fetchpriority=\"low\"  loading=\"lazy\"  src=\"https:\/\/www.europesays.com\/no\/wp-content\/uploads\/2026\/01\/Skjermbilde+2026-01-13+155624.png\" alt=\"\" class=\"brick-c-cFOWSL\" style=\"--brick-image-ratio: 671 \/ 588;\"\/><\/p>\n<p>   <img decoding=\"async\" width=\"4096\" height=\"3072\" fetchpriority=\"low\"  loading=\"lazy\"  src=\"https:\/\/www.europesays.com\/no\/wp-content\/uploads\/2026\/01\/gdsgdsg.jpg\" alt=\"\" class=\"brick-c-cFOWSL\" style=\"--brick-image-ratio: 4096 \/ 3072;\"\/><\/p>\n<p>      Foto: \u00c5smund Swensen H\u00f8eg \/ Avisa Oslo\n    <\/p>\n<p>  Rush p\u00e5 Ring 3<\/p>\n<p>Like f\u00f8r klokken 15 tirsdag er det begynnende rushtrafikk p\u00e5 Ring 3.<\/p>\n<p>\u2013 I kombinasjon med nedb\u00f8r, s\u00e5 g\u00e5r det naturligvis litt saktere, forteller operat\u00f8r ved Vegtrafikksentralen, Tilia Mathre til <a rel=\"Follow nofollow noopener\" href=\"https:\/\/www.nab.no\/har-sendt-ut-gult-farevarsel-beregn-ekstra-tid\/s\/5-143-625434\" target=\"_blank\">Nordre Aker Budstikke<\/a>.<\/p>\n<p>Hun sier det kan bli krevende kj\u00f8reforhold tirsdag kveld og onsdag morgen.<\/p>\n<p>\u2013 Vi har satt inn alle tilgjengelige ressurser, sier Mathre.<\/p>\n<p>\u2013 Beregn ekstra god tid, ta hensyn til medtrafikanter og de som br\u00f8yter. Og vurder n\u00f8dvendigheten av kj\u00f8ringen, er hennes oppfordring.<\/p>\n<p>   <img decoding=\"async\" width=\"4032\" height=\"3024\" fetchpriority=\"low\"  loading=\"lazy\"  src=\"https:\/\/www.europesays.com\/no\/wp-content\/uploads\/2026\/01\/dsadsa.jpg\" alt=\"\" class=\"brick-c-cFOWSL\" style=\"--brick-image-ratio: 4032 \/ 3024;\"\/><\/p>\n<p>      Sagene tirsdag ettermiddag.<br \/>\n      Foto: Helene Halvorsen Rossholt \/ Avisa Oslo\n    <\/p>\n<p>  Farevarsel<\/p>\n<p>Tirsdag og onsdag har Meteorologisk institutt sendt ut gult farevarsel for sn\u00f8.\u00a0<\/p>\n<p>N\u00e5 som vinteren har kommet for fullt i Oslo byr det nemlig p\u00e5 utfordringer i trafikken.<\/p>\n<p><b>\u2013 Det kan blir sv\u00e6rt glatt og krevende kj\u00f8reforhold. Vi anbefaler de som skal ut \u00e5 reise \u00e5 beregne god tid og holde seg oppdatert i Ruters reiseplanlegger. Vurder gjerne om du kan reise utenfor rushtiden, opplyser han i en pressemelding.<\/b><\/p>\n<p>   <img decoding=\"async\" width=\"4032\" height=\"3024\" fetchpriority=\"low\"  loading=\"lazy\"  src=\"https:\/\/www.europesays.com\/no\/wp-content\/uploads\/2026\/01\/dasfasf_1.jpg\" alt=\"\" class=\"brick-c-cFOWSL\" style=\"--brick-image-ratio: 4032 \/ 3024;\"\/><\/p>\n<p>      Foto: Christian Fredrik Borg \/ Avisa Oslo\n    <\/p>\n<p>Videre opplyser han at det vanligvis merkes sesongvariasjoner i kollektivtrafikken, hvor sn\u00f8v\u00e6r kan f\u00f8re til at flere velger \u00e5 ta kollektivt over sykkel eller gange.<\/p>\n<p><b>\u2013 F\u00f8lg veisituasjonen tett, og gj\u00f8r endringer og justeringer hvis det er n\u00f8dvendig, sier han avslutningsvis.<\/b><\/p>\n<p>   <img decoding=\"async\" width=\"5712\" height=\"4284\" fetchpriority=\"low\"  loading=\"lazy\"  src=\"https:\/\/www.europesays.com\/no\/wp-content\/uploads\/2026\/01\/saffsadf.jpg\" alt=\"\" class=\"brick-c-cFOWSL\" style=\"--brick-image-ratio: 5712 \/ 4284;\"\/><\/p>\n<p>      Fullt p\u00e5 linje 5 mot Vestli. Ikke alle fikk plass p\u00e5 denne avgangen.<br \/>\n      Foto: Silje L\u00f8vstad Thj\u00f8m\u00f8e \/ Avisa Oslo\n    <\/p>\n","protected":false},"excerpt":{"rendered":"Tirsdag ettermiddag daler det ned, og kommunikasjonsr\u00e5dgiver i Ruter, \u00d8ystein Dahl Johansen, forteller at det g\u00e5r sakte i&hellip;\n","protected":false},"author":2,"featured_media":136089,"comment_status":"","ping_status":"","sticky":false,"template":"","format":"standard","meta":{"footnotes":""},"categories":[5],"tags":[36,20,21,24,25,15,19,22,23,17,18,13,30,28,29,14,16,287,1510,26,27,284,553],"class_list":{"0":"post-136088","1":"post","2":"type-post","3":"status-publish","4":"format-standard","5":"has-post-thumbnail","7":"category-overskrifter","8":"tag-art","9":"tag-breaking-news","10":"tag-breakingnews","11":"tag-featured-news","12":"tag-featurednews","13":"tag-headlines","14":"tag-hovedoppslag","15":"tag-latest-news","16":"tag-latestnews","17":"tag-main-news","18":"tag-mainnews","19":"tag-news","20":"tag-no","21":"tag-norge","22":"tag-norway","23":"tag-nyheter","24":"tag-overskrifter","25":"tag-ruter","26":"tag-story","27":"tag-top-stories","28":"tag-topstories","29":"tag-trafikk-og-kollektiv","30":"tag-vaer"},"share_on_mastodon":{"url":"https:\/\/pubeurope.com\/@no\/115889213584439759","error":""},"_links":{"self":[{"href":"https:\/\/www.europesays.com\/no\/wp-json\/wp\/v2\/posts\/136088","targetHints":{"allow":["GET"]}}],"collection":[{"href":"https:\/\/www.europesays.com\/no\/wp-json\/wp\/v2\/posts"}],"about":[{"href":"https:\/\/www.europesays.com\/no\/wp-json\/wp\/v2\/types\/post"}],"author":[{"embeddable":true,"href":"https:\/\/www.europesays.com\/no\/wp-json\/wp\/v2\/users\/2"}],"replies":[{"embeddable":true,"href":"https:\/\/www.europesays.com\/no\/wp-json\/wp\/v2\/comments?post=136088"}],"version-history":[{"count":0,"href":"https:\/\/www.europesays.com\/no\/wp-json\/wp\/v2\/posts\/136088\/revisions"}],"wp:featuredmedia":[{"embeddable":true,"href":"https:\/\/www.europesays.com\/no\/wp-json\/wp\/v2\/media\/136089"}],"wp:attachment":[{"href":"https:\/\/www.europesays.com\/no\/wp-json\/wp\/v2\/media?parent=136088"}],"wp:term":[{"taxonomy":"category","embeddable":true,"href":"https:\/\/www.europesays.com\/no\/wp-json\/wp\/v2\/categories?post=136088"},{"taxonomy":"post_tag","embeddable":true,"href":"https:\/\/www.europesays.com\/no\/wp-json\/wp\/v2\/tags?post=136088"}],"curies":[{"name":"wp","href":"https:\/\/api.w.org\/{rel}","templated":true}]}}