{"id":136094,"date":"2026-01-13T18:34:08","date_gmt":"2026-01-13T18:34:08","guid":{"rendered":"https:\/\/www.europesays.com\/no\/136094\/"},"modified":"2026-01-13T18:34:08","modified_gmt":"2026-01-13T18:34:08","slug":"eyvind-hellstrom-nekter-a-kjore-amerikansk","status":"publish","type":"post","link":"https:\/\/www.europesays.com\/no\/136094\/","title":{"rendered":"Eyvind Hellstr\u00f8m nekter \u00e5 kj\u00f8re amerikansk"},"content":{"rendered":"<p>        Saken oppsummert<\/p>\n<ul lang=\"nb-NO\">\n<li>Eyvind Hellstr\u00f8m er tydelig og tar avstand fra amerikanske biler p\u00e5 grunn av Donald Trump.<\/li>\n<li>Hellstr\u00f8m kj\u00f8rer selv Mercedes og sverger til tyske biler.<\/li>\n<li>Trump har innf\u00f8rt straffetoll p\u00e5 europeiske biler, noe som har p\u00e5virket salget negativt.<\/li>\n<li>All st\u00f8tte til elbiler i USA er fjernet av Trump, noe som har endret bilmarkedet.<\/li>\n<\/ul>\n<p class=\"italic ai-disclaimer\" data-lab-italic=\"italic\">Oppsummeringen er laget med kunstig intelligens (KI) fra OpenAI. Innholdet er kvalitetssikret av TV 2s journalister. <a target=\"_blank\" href=\"https:\/\/hjelp.tv2.no\/info\/artikkel\/slik-jobber-vi-med-ki-i-tv-2\" title=\"Les om hvordan vi jobber med KI\" rel=\"nofollow noopener\">Les om hvordan vi jobber med KI<\/a><\/p>\n<p>Det startet med liten, italiensk Fiat 1300. S\u00e5 gikk Eyvind Hellstr\u00f8m etterhvert over p\u00e5 tyske biler og de siste \u00e5rene er det Mercedes som troner \u00f8verst hos mesterkokken.<\/p>\n<p>\u2013 Jeg var glad i Fiaten, men det var litt mye feil og ting som skjedde. De siste \u00e5rene har det v\u00e6rt Mercedes G-Klasse for alle pengene. Generelt sverger jeg til tyske biler, forteller Hellstr\u00f8m som er gjest i Brooms podcast 0-100.<\/p>\n<p class=\"italic m-italic\" data-lab-italic=\"italic\">\u2013 Er det noen bilmerker du ikke er like fan av?<\/p>\n<p>\u2013 Akkurat n\u00e5 vil jeg ikke r\u00f8re noen amerikanske biler. Selvsagt p\u00e5 grunn av USAs president og m\u00e5ten Trump oppf\u00f8rer seg p\u00e5 som menneske, sier han tydelig.<\/p>\n<p class=\"italic m-italic bold m-bold\" data-lab-italic=\"italic\" data-lab-font_weight=\"bold\">H\u00f8r hele intervjuet i episoden under:<\/p>\n<p>I krig med bilbransjen<\/p>\n<p>Trump har ikke kastet bort tiden etter at han fikk makten.<\/p>\n<p>Noe av det han har v\u00e6rt opptatt av, er \u00e5 innf\u00f8re straffetoll p\u00e5 utenlandske varer. Det p\u00e5virker blant annet bilindustrien \u2013 etter at blant andre europeiske bilmerker fikk en straffetoll p\u00e5 25 prosent.<\/p>\n<p>Med \u00f8kende priser har det resultert i sviktende salg. Britisk bilindustri sikret seg en avtale som reduserte straffetollen til 10 prosent. Men sviktende salg merkes fortsatt.<\/p>\n<p><a href=\"https:\/\/www.tv2.no\/broom\/salget-svikter-ma-stenge-fabrikken\/18385416\/\" target=\"_blank\" rel=\"nofollow noopener\">Salget svikter: M\u00e5 stenge fabrikken<\/a><\/p>\n<p>        <img class=\"image__img lazyload\" itemprop=\"image\" title=\"Foto: NTB\" alt=\"KUTTET: Trump har n\u00e5 kuttet all elbilst\u00f8tte i USA. Foto: NTB\" width=\"978\" height=\"551\" bad-src=\"https:\/\/www.europesays.com\/no\/wp-content\/uploads\/2026\/01\/18386104.webp.jpeg\" fetchpriority=\"auto\" \/><\/p>\n<p>      KUTTET: Trump har n\u00e5 kuttet all elbilst\u00f8tte i USA.<br \/>\n         Foto: NTB<\/p>\n<p>Fjernet all elbil-st\u00f8tte<\/p>\n<p>Denne h\u00f8sten fjernet dessuten Trump all elbilst\u00f8tte i USA.<\/p>\n<p>Fra og med 1. oktober ble det slutt p\u00e5 en ordning der amerikanske bilkj\u00f8pere kunne f\u00e5 et betydelig skattefradrag for kj\u00f8p av elbiler og ladbare hybrid. Bel\u00f8pet var p\u00e5 inntil 7500 dollar, eller rundt 75.000 kroner.<\/p>\n<p>Dette ble innf\u00f8rt helt tilbake da Barack Obama var president i USA. Hans m\u00e5lsetning var da at landet skulle bli det f\u00f8rste i verden med \u00e9n million elbiler p\u00e5 veiene.<\/p>\n<p>Men n\u00e5 er det alts\u00e5 slutt st\u00f8tteordningen. Det har Donald Trump s\u00f8rget for.<\/p>\n<p><a href=\"https:\/\/www.tv2.no\/a\/10334752\/\" rel=\"nofollow noopener\" target=\"_blank\">Ford kutter i Europa: Flere tusen mister jobben<\/a><\/p>\n<p class=\"bold m-bold\" data-lab-font_weight=\"bold\">\u2013 \u00d8nsker elbiler dit pepper&#8217;n gror:<\/p>\n","protected":false},"excerpt":{"rendered":"Saken oppsummert Eyvind Hellstr\u00f8m er tydelig og tar avstand fra amerikanske biler p\u00e5 grunn av Donald Trump. Hellstr\u00f8m&hellip;\n","protected":false},"author":2,"featured_media":136095,"comment_status":"","ping_status":"","sticky":false,"template":"","format":"standard","meta":{"footnotes":""},"categories":[12],"tags":[20,21,24,25,15,22,23,13,30,28,29,14,16,26,27,42,43,44,45],"class_list":{"0":"post-136094","1":"post","2":"type-post","3":"status-publish","4":"format-standard","5":"has-post-thumbnail","7":"category-verden","8":"tag-breaking-news","9":"tag-breakingnews","10":"tag-featured-news","11":"tag-featurednews","12":"tag-headlines","13":"tag-latest-news","14":"tag-latestnews","15":"tag-news","16":"tag-no","17":"tag-norge","18":"tag-norway","19":"tag-nyheter","20":"tag-overskrifter","21":"tag-top-stories","22":"tag-topstories","23":"tag-verden","24":"tag-world","25":"tag-world-news","26":"tag-worldnews"},"share_on_mastodon":{"url":"https:\/\/pubeurope.com\/@no\/115889233196909585","error":""},"_links":{"self":[{"href":"https:\/\/www.europesays.com\/no\/wp-json\/wp\/v2\/posts\/136094","targetHints":{"allow":["GET"]}}],"collection":[{"href":"https:\/\/www.europesays.com\/no\/wp-json\/wp\/v2\/posts"}],"about":[{"href":"https:\/\/www.europesays.com\/no\/wp-json\/wp\/v2\/types\/post"}],"author":[{"embeddable":true,"href":"https:\/\/www.europesays.com\/no\/wp-json\/wp\/v2\/users\/2"}],"replies":[{"embeddable":true,"href":"https:\/\/www.europesays.com\/no\/wp-json\/wp\/v2\/comments?post=136094"}],"version-history":[{"count":0,"href":"https:\/\/www.europesays.com\/no\/wp-json\/wp\/v2\/posts\/136094\/revisions"}],"wp:featuredmedia":[{"embeddable":true,"href":"https:\/\/www.europesays.com\/no\/wp-json\/wp\/v2\/media\/136095"}],"wp:attachment":[{"href":"https:\/\/www.europesays.com\/no\/wp-json\/wp\/v2\/media?parent=136094"}],"wp:term":[{"taxonomy":"category","embeddable":true,"href":"https:\/\/www.europesays.com\/no\/wp-json\/wp\/v2\/categories?post=136094"},{"taxonomy":"post_tag","embeddable":true,"href":"https:\/\/www.europesays.com\/no\/wp-json\/wp\/v2\/tags?post=136094"}],"curies":[{"name":"wp","href":"https:\/\/api.w.org\/{rel}","templated":true}]}}