{"id":136112,"date":"2026-01-13T18:49:10","date_gmt":"2026-01-13T18:49:10","guid":{"rendered":"https:\/\/www.europesays.com\/no\/136112\/"},"modified":"2026-01-13T18:49:10","modified_gmt":"2026-01-13T18:49:10","slug":"iran-russland-russland-advarer-usa-kan-fa-katastrofale-konsekvenser","status":"publish","type":"post","link":"https:\/\/www.europesays.com\/no\/136112\/","title":{"rendered":"Iran, Russland | Russland advarer USA: \u2013 Kan f\u00e5 katastrofale konsekvenser"},"content":{"rendered":"\n<p>Russlands utenriksdepartement mener USA kommer med \u00abtrusler om nye milit\u00e6rangrep\u00bb mot Iran, og kaller Donald Trumps varslede tollgrep for \u00abutpressing\u00bb, if\u00f8lge <a href=\"https:\/\/www.bbc.com\/news\/live\/cj691w2e840t\" rel=\"Follow nofollow noopener\" target=\"_blank\">BBC<\/a>.<\/p>\n<p>Talsperson Maria Zakharova sier at slike trusler er \u00abhelt uakseptable\u00bb. Hun advarer mot at uroen i Iran blir brukt som p\u00e5skudd for milit\u00e6re angrep.<\/p>\n<p>Zakharova viser til at USA i juni i fjor angrep tre iranske atomanlegg, og sier nye angrep kan f\u00e5 \u00abkatastrofale konsekvenser\u00bb b\u00e5de for Midt\u00f8sten og for global sikkerhet.<\/p>\n<p>Samtidig reagerer Russland p\u00e5 Trumps tolltrussel.<\/p>\n<p>USAs president Donald Trump sa mandag kveld norsk tid at han med <a href=\"https:\/\/www.nettavisen.no\/okonomi\/trump-innforer-straffetoll-for-alle-som-handler-med-iran\/s\/5-95-2821570\" rel=\"Follow nofollow noopener\" target=\"_blank\">umiddelbar virkning innf\u00f8rer straffetoll p\u00e5 25 prosent p\u00e5 varer fra alle land som handler med Iran<\/a>.<\/p>\n<p>    Vil du se neste video?<\/p>\n<p>    <a href=\"https:\/\/www.nettavisen.no\/nyheter\/pete-hegseth-avbryter-plutselig-marco-rubio-klikker-pa-direkten\/v\/5-95-2813524\" class=\"recommend-poster\" data-adp-clicklabel=\"video-recommend\" data-adp-clickvalue=\"poster\" rel=\"nofollow noopener\" target=\"_blank\"><br \/>\n      <img decoding=\"async\" width=\"200\" height=\"200\" loading=\"lazy\" src=\"https:\/\/www.europesays.com\/no\/wp-content\/uploads\/2026\/01\/Hegseth+til+cue.jpg\" alt=\"\" class=\"brick-c-cFOWSL\" style=\"--brick-image-ratio: 200 \/ 200;\"\/><\/p>\n<p>Avbryter plutselig: Klikker p\u00e5 direkten1:05<\/p>\n<p>    <\/a><\/p>\n<p>Zakharova sier Russland \u00abavviser\u00bb fors\u00f8k p\u00e5 \u00e5 presse Irans handelspartnere ved \u00e5 heve tollsatser.<\/p>\n<p>Hun mener protestene i Iran n\u00e5 er p\u00e5 vei ned, og sier hun h\u00e5per situasjonen stabiliserer seg.<\/p>\n<p><b>Les ogs\u00e5: <a class=\"simple-relation related-teaser article--c-eRUmMG article--c-eRUmMG-fZoQSp-design-nettavisen article--c-eRUmMG-gwthdJ-cv\" href=\"https:\/\/www.nettavisen.no\/trump-med-ny-iran-melding-hjelp-er-pa-vei\/s\/5-95-2823120\" rel=\"nofollow noopener\" target=\"_blank\">Trump med ny Iran-melding: \u2013\u2060 Hjelp er p\u00e5 vei<\/a><\/b><\/p>\n<p>Trump: \u2013 Hjelp er p\u00e5 vei<\/p>\n<p>Uttalelsen fra Russland kommer etter at Trump tirsdag skrev p\u00e5 Truth Social at iranere b\u00f8r fortsette demonstrasjonene og \u00abta over institusjonene\u00bb i landet.<\/p>\n<p>Han skriver ogs\u00e5 at han har avlyst alle m\u00f8ter med iranske representanter, og at \u00abhjelp er p\u00e5 vei\u00bb, uten \u00e5 si hva slags hjelp det gjelder.<\/p>\n<p>Trump har flere ganger truet med \u00e5 gripe inn i Iran, og angripe regimelederne dersom drepingen av demonstrantene fortsetter.<\/p>\n<p>   <img decoding=\"async\" width=\"575\" height=\"243\" fetchpriority=\"low\"  loading=\"lazy\"  src=\"https:\/\/www.europesays.com\/no\/wp-content\/uploads\/2026\/01\/donald+trump+iran.jpg\" alt=\"\" class=\"brick-c-cFOWSL\" style=\"--brick-image-ratio: 575 \/ 243;\"\/><\/p>\n<p>      Donald Trump med Iran-melding p\u00e5 Truth Social tirsdag.<br \/>\n      Foto: Skjermdump Truth Social\n    <\/p>\n<p><b>Les ogs\u00e5: <a class=\"simple-relation related-teaser article--c-eRUmMG article--c-eRUmMG-fZoQSp-design-nettavisen article--c-eRUmMG-gwthdJ-cv\" href=\"https:\/\/www.nettavisen.no\/ud-til-irans-ambassador-stans-volden\/s\/5-95-2823219\" rel=\"nofollow noopener\" target=\"_blank\">UD til Irans ambassad\u00f8r: \u2013 Stans volden<\/a><\/b><\/p>\n<p>Mange skal v\u00e6re drept<\/p>\n<p>Protestene i Iran har vart i over to uker og skal ha startet som reaksjon p\u00e5 en alvorlig \u00f8konomisk krise som f\u00f8lge av valutakollaps og ekstrem inflasjon, f\u00f8r de utviklet seg til store regimekritiske demonstrasjoner.<\/p>\n<p>Minst 2003 personer har mistet livet i protestene i Iran de siste to ukene, melder den USA-baserte menneskerettighetsgruppen HRANA tirsdag.<\/p>\n<p>D\u00f8dstallet inkluderer 1850 demonstranter, 135 myndighetspersoner, ni personer under 18 \u00e5r og ni sivile som ikke deltok i protestene, if\u00f8lge HRANA.<\/p>\n<p>Iransk statlig fjernsyn kom samme dag med den f\u00f8rste offisielle erkjennelsen av det h\u00f8ye d\u00f8dstallet. I uttalelsen kom det fram at landet har \u00abmange martyrer\u00bb som f\u00f8lge av \u00abv\u00e6pnede grupper og terrorister\u00bb.<\/p>\n<p>Hvor mange som er drept i demonstrasjonene, er ikke kjent og vanskelig \u00e5 fastsl\u00e5.<\/p>\n<p>   <img decoding=\"async\" width=\"6000\" height=\"4000\" fetchpriority=\"low\"  loading=\"lazy\"  src=\"https:\/\/www.europesays.com\/no\/wp-content\/uploads\/2026\/01\/cueres_scp-dniayycd_4d2nIAYyCD8.jpg\" alt=\"FILE - In this frame grab from footage circulating on social media shows protesters dancing and cheering around a bonfire as they take to the streets despite an intensifying crackdown as the Islamic Republic remains cut off from the rest of the world, in Tehran, Iran, Jan. 9, 2026.(UGC via AP, File)\" class=\"brick-c-cFOWSL\" style=\"--brick-image-ratio: 6000 \/ 4000;\"\/><\/p>\n<p>      DEMONSTRASJONER: Et klipp fra en video som sirkulerer i sosiale medier og som viser demonstranter som danser rundt et b\u00e5l i Teheran 9. januar.<br \/>\n      Foto: AP \/ NTB\n    <\/p>\n<p><b>Les ogs\u00e5: <a class=\"simple-relation related-teaser article--c-eRUmMG article--c-eRUmMG-fZoQSp-design-nettavisen article--c-eRUmMG-gwthdJ-cv\" href=\"https:\/\/www.nettavisen.no\/trump-innforer-straffetoll-for-alle-som-handler-med-iran\/s\/5-95-2821570\" rel=\"nofollow noopener\" target=\"_blank\">Trump innf\u00f8rer straffetoll for alle som handler med Iran<\/a><\/b><\/p>\n<p>Den London-baserte organisasjonen\u00a0<a rel=\"noopener nofollow\" href=\"https:\/\/www.iranintl.com\/en\/202601130145\" target=\"_blank\">Iran International\u00a0<\/a>meldte tirsdag om 12.000 drepte, noe som er ti ganger s\u00e5 mye som det andre eksilgrupper har oppgitt.<\/p>\n<p>Tidligere har iranske myndigheter ansl\u00e5tt at rundt 500 er drept.<\/p>\n<p>De usikre tallene skyldes blant annet at Iran de siste dagene verken har hatt nettforbindelse eller telefonkontakt med utlandet.<\/p>\n<p>Volden har vakt kraftige reaksjoner i Vesten. I Norge har Irans ambassad\u00f8r blitt kalt inn for \u00e5 motta en ford\u00f8mmelse fra Utenriksdepartementet p\u00e5 landets behandling av demonstrantene. Det har ogs\u00e5 skjedd i Spania, Finland, Nederland, Danmark, Frankrike og Italia.<\/p>\n<p>    Vil du se neste video?<\/p>\n<p>    <a href=\"https:\/\/www.nettavisen.no\/nyheter\/pete-hegseth-avbryter-plutselig-marco-rubio-klikker-pa-direkten\/v\/5-95-2813524\" class=\"recommend-poster\" data-adp-clicklabel=\"video-recommend\" data-adp-clickvalue=\"poster\" rel=\"nofollow noopener\" target=\"_blank\"><br \/>\n      <img decoding=\"async\" width=\"200\" height=\"200\" loading=\"lazy\" src=\"https:\/\/www.europesays.com\/no\/wp-content\/uploads\/2026\/01\/Hegseth+til+cue.jpg\" alt=\"\" class=\"brick-c-cFOWSL\" style=\"--brick-image-ratio: 200 \/ 200;\"\/><\/p>\n<p>Avbryter plutselig: Klikker p\u00e5 direkten1:05<\/p>\n<p>    <\/a><\/p>\n","protected":false},"excerpt":{"rendered":"Russlands utenriksdepartement mener USA kommer med \u00abtrusler om nye milit\u00e6rangrep\u00bb mot Iran, og kaller Donald Trumps varslede tollgrep&hellip;\n","protected":false},"author":2,"featured_media":132072,"comment_status":"","ping_status":"","sticky":false,"template":"","format":"standard","meta":{"footnotes":""},"categories":[12],"tags":[20,21,24,25,15,22,23,13,30,28,29,14,16,26,27,42,43,44,45],"class_list":{"0":"post-136112","1":"post","2":"type-post","3":"status-publish","4":"format-standard","5":"has-post-thumbnail","7":"category-verden","8":"tag-breaking-news","9":"tag-breakingnews","10":"tag-featured-news","11":"tag-featurednews","12":"tag-headlines","13":"tag-latest-news","14":"tag-latestnews","15":"tag-news","16":"tag-no","17":"tag-norge","18":"tag-norway","19":"tag-nyheter","20":"tag-overskrifter","21":"tag-top-stories","22":"tag-topstories","23":"tag-verden","24":"tag-world","25":"tag-world-news","26":"tag-worldnews"},"share_on_mastodon":{"url":"https:\/\/pubeurope.com\/@no\/115889292232701244","error":""},"_links":{"self":[{"href":"https:\/\/www.europesays.com\/no\/wp-json\/wp\/v2\/posts\/136112","targetHints":{"allow":["GET"]}}],"collection":[{"href":"https:\/\/www.europesays.com\/no\/wp-json\/wp\/v2\/posts"}],"about":[{"href":"https:\/\/www.europesays.com\/no\/wp-json\/wp\/v2\/types\/post"}],"author":[{"embeddable":true,"href":"https:\/\/www.europesays.com\/no\/wp-json\/wp\/v2\/users\/2"}],"replies":[{"embeddable":true,"href":"https:\/\/www.europesays.com\/no\/wp-json\/wp\/v2\/comments?post=136112"}],"version-history":[{"count":0,"href":"https:\/\/www.europesays.com\/no\/wp-json\/wp\/v2\/posts\/136112\/revisions"}],"wp:featuredmedia":[{"embeddable":true,"href":"https:\/\/www.europesays.com\/no\/wp-json\/wp\/v2\/media\/132072"}],"wp:attachment":[{"href":"https:\/\/www.europesays.com\/no\/wp-json\/wp\/v2\/media?parent=136112"}],"wp:term":[{"taxonomy":"category","embeddable":true,"href":"https:\/\/www.europesays.com\/no\/wp-json\/wp\/v2\/categories?post=136112"},{"taxonomy":"post_tag","embeddable":true,"href":"https:\/\/www.europesays.com\/no\/wp-json\/wp\/v2\/tags?post=136112"}],"curies":[{"name":"wp","href":"https:\/\/api.w.org\/{rel}","templated":true}]}}