{"id":136163,"date":"2026-01-13T19:35:07","date_gmt":"2026-01-13T19:35:07","guid":{"rendered":"https:\/\/www.europesays.com\/no\/136163\/"},"modified":"2026-01-13T19:35:07","modified_gmt":"2026-01-13T19:35:07","slug":"nyheter-meloy-sa-mye-har-lederflukten-kostet-det-er-utrolig-masse-penger-avisa-nordland","status":"publish","type":"post","link":"https:\/\/www.europesays.com\/no\/136163\/","title":{"rendered":"Nyheter, Mel\u00f8y | S\u00e5 mye har lederflukten kostet: \u2013 Det er utrolig masse penger! &#8211; Avisa Nordland"},"content":{"rendered":"<ol>\n<li><a href=\"https:\/\/news.google.com\/rss\/articles\/CBMilAFBVV95cUxObE1ORHRxQVI5bF9NdVBjYjNGY2tiNFlmdF8xUGE5MHdTMTktaV82WUd3UE9MY3RPX0xYeTJ4eEhlUXZZeFFuTEY0QTE5ck5scklEaVpzWFppYV85dE41dlZENkc4SUdWa2xxSDQ0VGtMLXB0WVNXbzRLUFpPQmdQSWJXRVNtS1V6QlRIOGdnTnNuVDcz?oc=5\" target=\"_blank\" rel=\"nofollow noopener\">Nyheter, Mel\u00f8y | S\u00e5 mye har lederflukten kostet: \u2013 Det er utrolig masse penger!<\/a>&nbsp;&nbsp;Avisa Nordland<\/li>\n<li><a href=\"https:\/\/news.google.com\/rss\/articles\/CBMiwgFBVV95cUxQMUx1R2UySkNmcm84QlhLeWRNRVZkNHhyREVjZjhBeHRmU08ybUIwLTZWVTZ0bXA4T3JJZWxLUUtYR0YzeGQ4bThQUzFnNEZXam53MjBFdjF4UGw4Q2xrUkpSUXR6cVNUTkRtUWRvdW5MLTVGanVVZDZkTXhNWlBtM3hXNXVDRnN4cXM4T01qTVVhNWlNLTRxdVlYU201c3ExVG03VzczOU0tdDNtaGVoQkdKTERDOFIwZUJPemVqeVM0UQ?oc=5\" target=\"_blank\" rel=\"nofollow noopener\">(+) Varsler gjennomgang av lederavgangene: \u2013 M\u00e5 se p\u00e5 hvordan vi jobber fremover<\/a>&nbsp;&nbsp;kulingen.no<\/li>\n<li><a href=\"https:\/\/news.google.com\/rss\/articles\/CBMigwFBVV95cUxPdDBEQ21uLUhCVTFhdlJzQ3VYS0ZBUC1KalBnWGE1SDhFNWxXYk5ZaUpwc0NEQ2NUOE83X1h5aENINzNrd2luMTB4amc1cXEwZXRxeUMwMkZtMjdGNVRXMGM1aXJrdVQzMkFJR2tWQzU0OWRKdmNST29SVGVnT3BBRkNLUQ?oc=5\" target=\"_blank\" rel=\"nofollow noopener\">Mel\u00f8y, Ledelse | Varsler gjennomgang etter saker om lederflukt<\/a>&nbsp;&nbsp;Avisa Nordland<\/li>\n<li><a href=\"https:\/\/news.google.com\/rss\/articles\/CBMiswFBVV95cUxNZGI4QnF0NmVxaVkwUGYxSVlhTEh6cWxkWGo4Z0t0X1JUYmNkejFrV0JQUDkxcjZ5QTZTWWViX25NMDBoZEE1QW5rR3B1U2lSOWRjdG5qLUxwSHF3bU56bUNxRzhMR09taEhCd0N1VWxTVVdRal9STTRrODhLUjBrdEkxSjJwc2ItM2t1OFYwSXhDRUhNS0h1YWNMdVNpNk95cTFick0zbmV1MXlyazdjRU9SYw?oc=5\" target=\"_blank\" rel=\"nofollow noopener\">Nyheter, Mel\u00f8y | Kostbare sluttavtaler og turbulente perioder \u2013 lederflukt og intern konflikt ryster<\/a>&nbsp;&nbsp;Avisa Nordland<\/li>\n<li><a href=\"https:\/\/news.google.com\/rss\/articles\/CBMipgFBVV95cUxPTUtEZGV0UjcyQVk4ZFdiVzB0Mnh2RldvSU96dWxxbUZDOXZzV1E2UU81SnNGSENoRmN2d1FXejBOSzhyZ2lzUXN3UENZZFBONExzMTZuNHZqTXYzMDcybWdvSDUxQUJuczFvUWlWU3JhUzdOdUVnaGx3RVJNNnVVNVgtWEUtTl9mMS0wNjJhaFdaeWlJS01zZzV6VGlfUjdrRmJWTENR?oc=5\" target=\"_blank\" rel=\"nofollow noopener\">Alle de tre som gikk fra S\u00f8mna til Mel\u00f8y kommune har n\u00e5 sluttet der<\/a>&nbsp;&nbsp;banett.no<\/li>\n<\/ol>\n","protected":false},"excerpt":{"rendered":"Nyheter, Mel\u00f8y | S\u00e5 mye har lederflukten kostet: \u2013 Det er utrolig masse penger!&nbsp;&nbsp;Avisa Nordland (+) Varsler gjennomgang&hellip;\n","protected":false},"author":2,"featured_media":136164,"comment_status":"","ping_status":"","sticky":false,"template":"","format":"standard","meta":{"footnotes":""},"categories":[10],"tags":[20,21,24,25,15,22,23,13,30,28,29,14,16,26,27],"class_list":{"0":"post-136163","1":"post","2":"type-post","3":"status-publish","4":"format-standard","5":"has-post-thumbnail","7":"category-norge","8":"tag-breaking-news","9":"tag-breakingnews","10":"tag-featured-news","11":"tag-featurednews","12":"tag-headlines","13":"tag-latest-news","14":"tag-latestnews","15":"tag-news","16":"tag-no","17":"tag-norge","18":"tag-norway","19":"tag-nyheter","20":"tag-overskrifter","21":"tag-top-stories","22":"tag-topstories"},"share_on_mastodon":{"url":"https:\/\/pubeurope.com\/@no\/115889473092587094","error":""},"_links":{"self":[{"href":"https:\/\/www.europesays.com\/no\/wp-json\/wp\/v2\/posts\/136163","targetHints":{"allow":["GET"]}}],"collection":[{"href":"https:\/\/www.europesays.com\/no\/wp-json\/wp\/v2\/posts"}],"about":[{"href":"https:\/\/www.europesays.com\/no\/wp-json\/wp\/v2\/types\/post"}],"author":[{"embeddable":true,"href":"https:\/\/www.europesays.com\/no\/wp-json\/wp\/v2\/users\/2"}],"replies":[{"embeddable":true,"href":"https:\/\/www.europesays.com\/no\/wp-json\/wp\/v2\/comments?post=136163"}],"version-history":[{"count":0,"href":"https:\/\/www.europesays.com\/no\/wp-json\/wp\/v2\/posts\/136163\/revisions"}],"wp:featuredmedia":[{"embeddable":true,"href":"https:\/\/www.europesays.com\/no\/wp-json\/wp\/v2\/media\/136164"}],"wp:attachment":[{"href":"https:\/\/www.europesays.com\/no\/wp-json\/wp\/v2\/media?parent=136163"}],"wp:term":[{"taxonomy":"category","embeddable":true,"href":"https:\/\/www.europesays.com\/no\/wp-json\/wp\/v2\/categories?post=136163"},{"taxonomy":"post_tag","embeddable":true,"href":"https:\/\/www.europesays.com\/no\/wp-json\/wp\/v2\/tags?post=136163"}],"curies":[{"name":"wp","href":"https:\/\/api.w.org\/{rel}","templated":true}]}}