{"id":136212,"date":"2026-01-13T20:17:22","date_gmt":"2026-01-13T20:17:22","guid":{"rendered":"https:\/\/www.europesays.com\/no\/136212\/"},"modified":"2026-01-13T20:17:22","modified_gmt":"2026-01-13T20:17:22","slug":"pamela-anderson-overrasker-med-ny-frisyre","status":"publish","type":"post","link":"https:\/\/www.europesays.com\/no\/136212\/","title":{"rendered":"Pamela Anderson overrasker med ny frisyre"},"content":{"rendered":"<p class=\"kicker \" style=\"\">Pamela Anderson:<\/p>\n<p>    Som \u00e5 se henne for 28 \u00e5r siden.<\/p>\n<p>\n    NYTT \u00c5R, NYTT H\u00c5R: Pamela Anderson er tilbake med ny frisyre! FOTO: NTB\n  <\/p>\n<p>Etter Pamela Andersons \u00abcomeback\u00bb 2022, da hun plutselig dukket opp p\u00e5 f\u00f8rste rad under Jacquemus\u2019 SS23-visning, har vi gradvis vent oss til \u00e5 se en 58-\u00e5ring som er langt mer au naturel enn i perioden da hun var med i \u00abBaywatch\u00bb og Playboy p\u00e5 90-tallet.<\/p>\n<p>Anderson har nemlig de siste \u00e5rene g\u00e5tt fra full glam til helt sminkefri &#8211; ogs\u00e5 p\u00e5\u00a0premierer og moteshow. Hun har tidligere fortalt at hun bestemte seg for \u00e5 slutte med sminke da hennes venn og makeupartist Alexis Vogel d\u00f8de av kreft i 2019, men ogs\u00e5 fordi hun mener det trengs en motvekt mot sminkenormen.<\/p>\n<p>    <a itemprop=\"url\" href=\"https:\/\/www.kk.no\/mote\/det-er-aldri-feil\/83083712\" rel=\"nofollow noopener\" target=\"_blank\"><\/p>\n<p>        <img loading=\"lazy\" decoding=\"async\" src=\"https:\/\/www.europesays.com\/no\/wp-content\/uploads\/2026\/01\/83099961.webp.webp\" width=\"980\" height=\"441\" title=\"\u2013 Det er aldri feil\" alt=\"\" class=\"lazyload\" style=\"--aspect-ratio-image: 2.22; \"\/><\/p>\n<p>        \u2013 Det er aldri feil<\/p>\n<p>    <\/a><\/p>\n<p>&#8211; Jeg visste at jeg ikke tok et steg mot verdensfred, men jeg tok et standpunkt. Jeg tenkte bare: \u00abJeg gj\u00f8r dette for alle jentene der ute\u00bb. Jeg har hatt bonusd\u00f8tre i tidligere forhold, og mine s\u00f8nner har kj\u00e6rester, og dette var for dem. Slik tiden er n\u00e5, vet vi engang hvordan et ansikt ser ut lenger? S\u00e5nn er det.<\/p>\n<p>    <a itemprop=\"url\" href=\"https:\/\/www.kk.no\/mote\/pamela-anderson-hylles-for-dette-vant-pris-1\/82014013\" rel=\"nofollow noopener\" target=\"_blank\"><\/p>\n<p>        <img loading=\"lazy\" decoding=\"async\" src=\"https:\/\/www.europesays.com\/no\/wp-content\/uploads\/2026\/01\/82014324.webp.webp\" width=\"980\" height=\"441\" title=\"Hylles av kolleger og fans for dette\" alt=\"\" class=\"lazyload\" style=\"--aspect-ratio-image: 2.22; \"\/><\/p>\n<p>        Hylles av kolleger og fans for dette<\/p>\n<p>    <\/a><\/p>\n<p>Det naturlige uttrykket, med sv\u00e6rt lite eller ingen sminke, ble hennes nye signatur etter at hun i Netflix-dokumentaren \u00abPamela, a Love Story\u00bb fra 2023 tok seerne med p\u00e5 en reise inn i sitt stille liv p\u00e5 Vancouver Island. Siden da har det knapt v\u00e6rt en premiere eller et r\u00f8d l\u00f8per-arrangement hvor Pamela Anderson har vist et annet ansikt enn sitt naturlige.<\/p>\n<p>    <a itemprop=\"url\" href=\"https:\/\/www.kk.no\/mote\/jeg-bestemte-meg-for-a-bare-ga-for-det-1\/83057546\" rel=\"nofollow noopener\" target=\"_blank\"><\/p>\n<p>        <img loading=\"lazy\" decoding=\"async\" src=\"https:\/\/www.europesays.com\/no\/wp-content\/uploads\/2026\/01\/83057653.webp.webp\" width=\"980\" height=\"441\" title=\"- Jeg bestemte meg for \u00e5 bare g\u00e5 for det\" alt=\"\" class=\"lazyload\" style=\"--aspect-ratio-image: 2.22; \"\/><\/p>\n<p>        &#8211; Jeg bestemte meg for \u00e5 bare g\u00e5 for det<\/p>\n<p>    <\/a><\/p>\n<p>        H\u00c5R: Rettetangen er det eneste du trenger for \u00e5 f\u00e5 til denne superfine frisyren. S\u00e5 enkelt, s\u00e5 fint! Aller media\/Oskar Brus\u00e9n<\/p>\n<p>Der hun har eksperimentert litt, s\u00e6rlig de siste m\u00e5nedene, er med frisyren. Pamela Anderson ble allerede p\u00e5 slutten av 80-tallet og begynnelsen av 90-tallet kjent for sitt platina-blonde h\u00e5r og myke kr\u00f8ller \u2013 en signatur som har fulgt henne helt frem til i dag.<\/p>\n<p>I l\u00f8pet av 2025 har vi imidlertid sett utallige varianter av bob p\u00e5 Pamela Anderson, som senest resulterte i en kort, rufsete jordb\u00e6rblond frisyre.<\/p>\n<p>    <a itemprop=\"url\" href=\"https:\/\/www.kk.no\/mote\/vekker-oppsikt-med-ny-harfrisyre\/83667842\" rel=\"nofollow noopener\" target=\"_blank\"><\/p>\n<p>        <img loading=\"lazy\" decoding=\"async\" src=\"https:\/\/www.europesays.com\/no\/wp-content\/uploads\/2026\/01\/83667997.webp.webp\" width=\"980\" height=\"441\" title=\"Vekker oppsikt med ny h\u00e5rfrisyre\" alt=\"\" class=\"lazyload\" style=\"--aspect-ratio-image: 2.22; \"\/><\/p>\n<p>        Vekker oppsikt med ny h\u00e5rfrisyre<\/p>\n<p>    <\/a><\/p>\n<p>        <img loading=\"lazy\" decoding=\"async\" src=\"https:\/\/www.europesays.com\/no\/wp-content\/uploads\/2026\/01\/84091798.webp.webp\" width=\"667\" height=\"381\" title=\"JORDB\u00c6R: Her er Pamela Anderson h\u00e5rfargen strawberry blonde, kombinert med en dypere lett kobber tone i bunn. FOTO: NTB\" alt=\"\" class=\"\" style=\"--aspect-ratio-image: 1.75; \"\/><\/p>\n<p>\n        JORDB\u00c6R: Her er Pamela Anderson h\u00e5rfargen strawberry blonde, kombinert med en dypere lett kobber tone i bunn. FOTO: NTB\n    <\/p>\n<p>Men plutselig, helt i starten av 2026, dukket den Pamela Anderson opp som vi kjente henne for 28 \u00e5r siden. Eller nesten.\u00a0<\/p>\n<p>Tidlig i januar deltok hun p\u00e5 WWD Style Awards, hvor hun debuterte en blond bob med store, myke kr\u00f8ller \u2013 en frisyre som utvilsomt minner om den de fleste forbinder henne med fra 90-tallet.<\/p>\n<p>    <a itemprop=\"url\" href=\"https:\/\/www.kk.no\/mote\/en-stor-trend-na\/83292592\" rel=\"nofollow noopener\" target=\"_blank\"><\/p>\n<p>        <img loading=\"lazy\" decoding=\"async\" src=\"https:\/\/www.europesays.com\/no\/wp-content\/uploads\/2026\/01\/1768335439_779_83295232.webp.webp\" width=\"980\" height=\"441\" title=\"\u2013 En stor trend n\u00e5\" alt=\"\" class=\"lazyload\" style=\"--aspect-ratio-image: 2.22; \"\/><\/p>\n<p>        \u2013 En stor trend n\u00e5<\/p>\n<p>    <\/a><\/p>\n<p>        <img loading=\"lazy\" decoding=\"async\" src=\"https:\/\/www.europesays.com\/no\/wp-content\/uploads\/2026\/01\/84091797.webp.webp\" width=\"667\" height=\"381\" title=\"Pamela Anderson 2026. FOTO: NTB\" alt=\"\" class=\"\" style=\"--aspect-ratio-image: 1.75; \"\/><\/p>\n<p>\n        Pamela Anderson 2026. FOTO: NTB\n    <\/p>\n<p>At hun i tillegg bar store, firkantede solbriller, gjorde den lekre diva-stilen enda tydeligere.<\/p>\n<p>        <img loading=\"lazy\" decoding=\"async\" src=\"https:\/\/www.europesays.com\/no\/wp-content\/uploads\/2026\/01\/84091850.webp.webp\" width=\"667\" height=\"381\" title=\"Pamela Anderson 1994. FOTO: NTB\" alt=\"\" class=\"\" style=\"--aspect-ratio-image: 1.75; \"\/><\/p>\n<p>\n        Pamela Anderson 1994. FOTO: NTB\n    <\/p>\n<p>Om frisyren bare er forbig\u00e5ende, eller om det er et tegn p\u00e5 at litt av \u00abden gamle\u00bb Pamela vil tre mer frem i 2026, er det umulig \u00e5 sp\u00e5.<\/p>\n<p>Men det betyr egentlig heller ikke s\u00e5 mye, for Pamela Anderson ser fantastisk ut, enten hun har store, blonde glamourkr\u00f8ller eller bare er sitt helt naturlige jeg.<\/p>\n<p>    <a itemprop=\"url\" href=\"https:\/\/www.kk.no\/mote\/pamela-anderson-dukket-opp-under-moteuken\/83432675\" rel=\"nofollow noopener\" target=\"_blank\"><\/p>\n<p>        <img loading=\"lazy\" decoding=\"async\" src=\"https:\/\/www.europesays.com\/no\/wp-content\/uploads\/2026\/01\/83433018.webp.webp\" width=\"980\" height=\"441\" title=\"Pamela Anderson dukket opp under moteuken\" alt=\"\" class=\"lazyload\" style=\"--aspect-ratio-image: 2.22; \"\/><\/p>\n<p>        Pamela Anderson dukket opp under moteuken<\/p>\n<p>    <\/a><\/p>\n<p>Denne saken ble f\u00f8rst publisert hos <a href=\"https:\/\/www.femina.dk\/popkultur\/stil\/skoenhed\/pamela-anderson-overrasker-med-ny-frisure-som-se-hende-28-aar-siden\" rel=\"nofollow noopener\" target=\"_blank\">Femina<\/a>, som ogs\u00e5 eies av Aller Media.<\/p>\n","protected":false},"excerpt":{"rendered":"Pamela Anderson: Som \u00e5 se henne for 28 \u00e5r siden. NYTT \u00c5R, NYTT H\u00c5R: Pamela Anderson er tilbake&hellip;\n","protected":false},"author":2,"featured_media":136213,"comment_status":"","ping_status":"","sticky":false,"template":"","format":"standard","meta":{"footnotes":""},"categories":[58],"tags":[71,4024,30,28,29,4635,72],"class_list":{"0":"post-136212","1":"post","2":"type-post","3":"status-publish","4":"format-standard","5":"has-post-thumbnail","7":"category-underholdning","8":"tag-entertainment","9":"tag-mote","10":"tag-no","11":"tag-norge","12":"tag-norway","13":"tag-pamela-anderson","14":"tag-underholdning"},"share_on_mastodon":{"url":"https:\/\/pubeurope.com\/@no\/115889638253242469","error":""},"_links":{"self":[{"href":"https:\/\/www.europesays.com\/no\/wp-json\/wp\/v2\/posts\/136212","targetHints":{"allow":["GET"]}}],"collection":[{"href":"https:\/\/www.europesays.com\/no\/wp-json\/wp\/v2\/posts"}],"about":[{"href":"https:\/\/www.europesays.com\/no\/wp-json\/wp\/v2\/types\/post"}],"author":[{"embeddable":true,"href":"https:\/\/www.europesays.com\/no\/wp-json\/wp\/v2\/users\/2"}],"replies":[{"embeddable":true,"href":"https:\/\/www.europesays.com\/no\/wp-json\/wp\/v2\/comments?post=136212"}],"version-history":[{"count":0,"href":"https:\/\/www.europesays.com\/no\/wp-json\/wp\/v2\/posts\/136212\/revisions"}],"wp:featuredmedia":[{"embeddable":true,"href":"https:\/\/www.europesays.com\/no\/wp-json\/wp\/v2\/media\/136213"}],"wp:attachment":[{"href":"https:\/\/www.europesays.com\/no\/wp-json\/wp\/v2\/media?parent=136212"}],"wp:term":[{"taxonomy":"category","embeddable":true,"href":"https:\/\/www.europesays.com\/no\/wp-json\/wp\/v2\/categories?post=136212"},{"taxonomy":"post_tag","embeddable":true,"href":"https:\/\/www.europesays.com\/no\/wp-json\/wp\/v2\/tags?post=136212"}],"curies":[{"name":"wp","href":"https:\/\/api.w.org\/{rel}","templated":true}]}}