{"id":136214,"date":"2026-01-13T20:20:12","date_gmt":"2026-01-13T20:20:12","guid":{"rendered":"https:\/\/www.europesays.com\/no\/136214\/"},"modified":"2026-01-13T20:20:12","modified_gmt":"2026-01-13T20:20:12","slug":"witkoff-i-hemmelig-mote-med-pahlavi","status":"publish","type":"post","link":"https:\/\/www.europesays.com\/no\/136214\/","title":{"rendered":"Witkoff i hemmelig m\u00f8te med Pahlavi"},"content":{"rendered":"<p class=\"kicker \" style=\"\">Kampen om Gr\u00f8nland:<\/p>\n<p>    Danske analytikere og eksperter mener Gr\u00f8nlands regjeringssjef og Danmarks statsminister n\u00e5 kommer med en krystallklar avvisning av USA.<\/p>\n<p>\n    KLART BUDSKAP: Donald Trump har v\u00e6rt tydelig p\u00e5 at han vil ha kontroll over Gr\u00f8nland. Tirsdag gikk Gr\u00f8nlands regjeringssjef Jens-Frederik Nielsen og Danmarks statsminister Mette Frederiksen ut i en felles pressekonferanse og sa at det ikke blir aktuelt. Foto: Liselotte Sabroe \/ NTB\n  <\/p>\n<p>If\u00f8lge Berlingskes politiske kommentator Bent Winther leverte Gr\u00f8nlands regjeringssjef Jens-Frederik Nielsen \u00abden hittil sterkeste og mest utvetydige bekjennelsen til riksfellesskapet og samholdet med Danmark\u00bb da han tirsdag sto p\u00e5 podiet sammen med Danmarks statsminister Mette Frederiksen. <\/p>\n<p data-lab-font_weight=\"\">&#8211; Vi st\u00e5r midt i en geopolitisk krise. Hvis vi m\u00e5 velge her og n\u00e5, velger vi kongeriket Danmark, Nato og EU, sa Nielsen tirsdag ettermiddag.<\/p>\n<p class=\"font-weight-bold m-font-weight-bold\" data-lab-font_weight=\"font-weight-bold\">&#8211; Dette er den avgj\u00f8rende beskjeden &#8211; og forutsetningen for at m\u00f8tet i Det hvite hus onsdag ikke skal ende i et alvorlig nederlag for kongeriket, <a href=\"https:\/\/www.berlingske.dk\/indland\/politisk-analytiker-groenlands-regeringschef-leverede-opsigtsvaekkende-budskab--hidtil-staerkeste-bekendelse-til-rigsfaellesskabet\" rel=\"nofollow noopener\" target=\"_blank\">mener Winther<\/a>. <\/p>\n<p>        &#8211; UAKSEPTABELT: Gr\u00f8nlands regjeringsleder sier klart ifra til USA under en pressekonferanse med Danmarks statsminister, Mette Frederiksen. Video: Reuters.<\/p>\n<p>&#8211; Sa akkurat det han skulle  <\/p>\n<p>Det p\u00e5g\u00e5r n\u00e5 et hektisk diplomati for \u00e5 hindre amerikansk overtakelse av Gr\u00f8nland, etter \u00f8kende press fra Trump-administrasjonen og dens allierte i USA. <\/p>\n<p>Under den felles og alvorspregede pressekonferansen tirsdag ga Gr\u00f8nlands regjeringssjef Jens-Frederik Nielsen og Danmarks statsminister Mette Frederiksen tydelig beskjed om at Gr\u00f8nland ikke \u00f8nsker \u00e5 bli en del av USA. <\/p>\n<p>&#8211; Det har ikke v\u00e6rt lett \u00e5 st\u00e5 imot et fullstendig uakseptabelt press fra v\u00e5r n\u00e6rmeste allierte, men mye tyder p\u00e5 at det vanskeligste fortsatt ligger foran oss, sa Frederiksen.<\/p>\n<p>        NUUK, GR\u00d8NLAND: Dagbladets team er p\u00e5 \u00f8ya for \u00e5 rapportere om situasjonen der, etter at USAs president Donald Trumps utspill om \u00e5 \u00abta over Gr\u00f8nland\u00bb har blitt stadig mer repeterende. Video: Nicolai Alcaniz<\/p>\n<p>Danske B.T.s politiske analytiker Henrik Qvortrup mener Frederiksen n\u00e5 satser alt p\u00e5 at Donald Trump vil tone ned sin interesse for den danske \u00f8ya. <\/p>\n<p class=\"font-weight-bold m-font-weight-bold\" data-lab-font_weight=\"font-weight-bold\">&#8211; Her hadde Frederiksen planlagt og koordinert med regjeringssjefen, som sto rakrygget og sa n\u00f8yaktig det han skulle, <a href=\"https:\/\/www.bt.dk\/politik\/qvortrup-mette-frederiksen-saetter-alt-paa-et-braet\" rel=\"nofollow noopener\" target=\"_blank\">sier Qvortrup<\/a>. <\/p>\n<p>Samtidig peker han p\u00e5 at det kan v\u00e6re et risikabelt spill \u00e5 g\u00e5 s\u00e5 tydelig ut i forkant av onsdagens m\u00f8te i Det hvite hus med USAs visepresident J.D. Vance og utenriksminister Marco Rubio. <\/p>\n<p>&#8211; Frederiksen legger n\u00e5 alt p\u00e5 ett kort. Vi vet ikke om Trump er fullstendig likegyldig til det hun og Nielsen sa p\u00e5 pressekonferansen, sier Qvortrup. <\/p>\n<p>    <a itemprop=\"url\" href=\"https:\/\/www.dagbladet.no\/nyheter\/det-vanskeligste-ligger-foran-oss\/84094040\" rel=\"nofollow noopener\" target=\"_blank\"><\/p>\n<p>        <img loading=\"lazy\" decoding=\"async\" src=\"https:\/\/www.europesays.com\/no\/wp-content\/uploads\/2026\/01\/84094048.webp.webp\" width=\"980\" height=\"441\" title=\"- Det vanskeligste ligger foran oss\" alt=\"\" class=\"lazyload\" style=\"--aspect-ratio-image: 2.22; \"\/><\/p>\n<p>        &#8211; Det vanskeligste ligger foran oss<\/p>\n<p>    <\/a><\/p>\n<p>&#8211; Kan tirre Trump  <\/p>\n<p>Ogs\u00e5 danske TV 2s korrespondent Lotte Mejlhede p\u00e5peker at Gr\u00f8nlands regjeringssjef og Danmarks statsminister n\u00e5 sier tydelig ifra om at \u00abn\u00e5 er det nok\u00bb. If\u00f8lge henne var budskapet s\u00e5 samstemt at det virket koreografert fra f\u00f8rste setning. <\/p>\n<p class=\"font-weight-bold m-font-weight-bold\" data-lab-font_weight=\"font-weight-bold\">&#8211; Det er en krystallklar avvisning av det amerikanske kravet om \u00e5 kj\u00f8pe, eie eller ta Gr\u00f8nland, <a href=\"https:\/\/nyheder.tv2.dk\/live\/2025-01-06-kampen-om-groenlands-fremtid\/nu-siger-danmark-og-groenland--nu-er-det-nok--mener-korrespondent?entry=414afdf5-945e-4683-998b-40b19cccf264\" rel=\"nofollow noopener\" target=\"_blank\">sier hun<\/a>. <\/p>\n<p>Mejlhede mener det n\u00e5 blir vanskelig for USA \u00e5 kile seg inn mellom Gr\u00f8nland og Danmark, men er samtidig usikker p\u00e5 om budskapet vil p\u00e5virke den amerikanske presidenten. <\/p>\n<p>&#8211; Hvis det er noe som kan tirre ham, er det \u00e5 f\u00e5 en helt tydelig beskjed om at \u00abdet kan du bare glemme\u00bb. For hvis det er noe Donald Trump ikke gj\u00f8r, s\u00e5 er det \u00e5 glemme, sier hun. <\/p>\n<p>Direkt\u00f8r\u00a0Iver\u00a0B.\u00a0Neumann\u00a0ved Fridtjof Nansens Institutt sier ogs\u00e5 det ikke er Trumps stil \u00e5 true med milit\u00e6re virkemidler, for s\u00e5 \u00e5 gi seg.<\/p>\n<p class=\"font-weight-bold m-font-weight-bold\" data-lab-font_weight=\"font-weight-bold\">&#8211; For meg ser det ut til at\u00a0Frederiksen har rett &#8211; dette vil fortsette \u00e5\u00a0tilspisse seg, sier han til Dagbladet.<\/p>\n<p>    <a itemprop=\"url\" href=\"https:\/\/www.dagbladet.no\/nyheter\/ber-trump-ta-gronland\/84090494\" rel=\"nofollow noopener\" target=\"_blank\"><\/p>\n<p>        <img loading=\"lazy\" decoding=\"async\" src=\"https:\/\/www.europesays.com\/no\/wp-content\/uploads\/2026\/01\/84090504.webp.webp\" width=\"980\" height=\"441\" title=\"Ber Trump ta Gr\u00f8nland\" alt=\"\" class=\"lazyload\" style=\"--aspect-ratio-image: 2.22; \"\/><\/p>\n<p>        Ber Trump ta Gr\u00f8nland<\/p>\n<p>    <\/a><\/p>\n<p>D\u00e5rlig nytt<\/p>\n<p>Gr\u00f8nland-ekspert Ulrik Pram Gad ved Dansk institutt for internasjonale studier (DIIS) sier det hele tiden har v\u00e6rt viktig for b\u00e5de den gr\u00f8nlandske og den danske regjeringen \u00e5 signalisere samhold &#8211; s\u00e6rlig n\u00e5r det gjelder den internasjonale rettsorden, suverenitet, territoriell integritet og folkenes selvbestemmelsesrett. <\/p>\n<p>Han mener ogs\u00e5 at pressekonferansen hadde en klar hensikt. <\/p>\n<p>        <img loading=\"lazy\" decoding=\"async\" src=\"https:\/\/www.europesays.com\/no\/wp-content\/uploads\/2026\/01\/84094861.webp.webp\" width=\"667\" height=\"381\" title=\"EKSPERT: Ulrik Pram Gad ved Dansk institutt for internasjonale studier (DIIS) har s\u00e6rlig spesialisert seg innen Gr\u00f8nland, Arktis, diplomati og sikkerhetspolitikk. Foto: Lynggaardhansenfoto.dk \/ DIIS\" alt=\"\" class=\"\" style=\"--aspect-ratio-image: 1.75; \"\/><\/p>\n<p>\n        EKSPERT: Ulrik Pram Gad ved Dansk institutt for internasjonale studier (DIIS) har s\u00e6rlig spesialisert seg innen Gr\u00f8nland, Arktis, diplomati og sikkerhetspolitikk. Foto: Lynggaardhansenfoto.dk \/ DIIS\n    <\/p>\n<p>&#8211; Underveis har gr\u00f8nlandske og danske parlamentarikere debattert p\u00e5 en m\u00e5te som kunne gi inntrykk av st\u00f8rre splittelse. Det har de to regjeringssjefene n\u00e5 gjort sitt for \u00e5 rydde av veien f\u00f8r utenriksministrenes m\u00f8te med Vance og Rubio, sier Pram Gad til Dagbladet. <\/p>\n<p>At den amerikanske visepresidenten skal delta, og attp\u00e5til v\u00e6re vertskap for m\u00f8tet, ble f\u00f8rst klart tirsdag. Det tolkes som d\u00e5rlig nytt for gr\u00f8nlenderne og danskene, ettersom visepresidenten gjentatte ganger har uttalt seg kritisk om danskenes innsats p\u00e5 og rundt Gr\u00f8nland. <\/p>\n<p class=\"italic m-italic\" data-lab-italic=\"italic\">Onsdag ettermiddag norsk tid skal Danmarks utenriksminister Lars L\u00f8kke Ramussen og Gr\u00f8nlands minister for utenriks Vivian Motzfelt m\u00f8te USAs utenriksminister visepresident JD\u00a0Vance\u00a0\u00a0og Marco Rubio i Det hvite hus. Dagbladet f\u00f8lger saken.\u00a0<\/p>\n<p>    <a itemprop=\"url\" href=\"https:\/\/www.dagbladet.no\/meninger\/det-er-full-alarm\/84083671\" rel=\"nofollow noopener\" target=\"_blank\"><\/p>\n<p>        <img loading=\"lazy\" decoding=\"async\" src=\"https:\/\/www.europesays.com\/no\/wp-content\/uploads\/2026\/01\/1768335612_70_84077956.webp.webp\" width=\"980\" height=\"441\" title=\"Det er full alarm\" alt=\"\" class=\"lazyload\" style=\"--aspect-ratio-image: 2.22; \"\/><\/p>\n<p>        Det er full alarm<\/p>\n<p>    <\/a><\/p>\n","protected":false},"excerpt":{"rendered":"Kampen om Gr\u00f8nland: Danske analytikere og eksperter mener Gr\u00f8nlands regjeringssjef og Danmarks statsminister n\u00e5 kommer med en krystallklar&hellip;\n","protected":false},"author":2,"featured_media":136215,"comment_status":"","ping_status":"","sticky":false,"template":"","format":"standard","meta":{"footnotes":""},"categories":[12],"tags":[20,21,24,25,15,3228,22,23,13,30,28,29,14,16,15628,26,27,50,412,42,43,44,45],"class_list":{"0":"post-136214","1":"post","2":"type-post","3":"status-publish","4":"format-standard","5":"has-post-thumbnail","7":"category-verden","8":"tag-breaking-news","9":"tag-breakingnews","10":"tag-featured-news","11":"tag-featurednews","12":"tag-headlines","13":"tag-iran","14":"tag-latest-news","15":"tag-latestnews","16":"tag-news","17":"tag-no","18":"tag-norge","19":"tag-norway","20":"tag-nyheter","21":"tag-overskrifter","22":"tag-reza-pahlavi","23":"tag-top-stories","24":"tag-topstories","25":"tag-usa","26":"tag-utenriks","27":"tag-verden","28":"tag-world","29":"tag-world-news","30":"tag-worldnews"},"share_on_mastodon":{"url":"https:\/\/pubeurope.com\/@no\/115889650101414157","error":""},"_links":{"self":[{"href":"https:\/\/www.europesays.com\/no\/wp-json\/wp\/v2\/posts\/136214","targetHints":{"allow":["GET"]}}],"collection":[{"href":"https:\/\/www.europesays.com\/no\/wp-json\/wp\/v2\/posts"}],"about":[{"href":"https:\/\/www.europesays.com\/no\/wp-json\/wp\/v2\/types\/post"}],"author":[{"embeddable":true,"href":"https:\/\/www.europesays.com\/no\/wp-json\/wp\/v2\/users\/2"}],"replies":[{"embeddable":true,"href":"https:\/\/www.europesays.com\/no\/wp-json\/wp\/v2\/comments?post=136214"}],"version-history":[{"count":0,"href":"https:\/\/www.europesays.com\/no\/wp-json\/wp\/v2\/posts\/136214\/revisions"}],"wp:featuredmedia":[{"embeddable":true,"href":"https:\/\/www.europesays.com\/no\/wp-json\/wp\/v2\/media\/136215"}],"wp:attachment":[{"href":"https:\/\/www.europesays.com\/no\/wp-json\/wp\/v2\/media?parent=136214"}],"wp:term":[{"taxonomy":"category","embeddable":true,"href":"https:\/\/www.europesays.com\/no\/wp-json\/wp\/v2\/categories?post=136214"},{"taxonomy":"post_tag","embeddable":true,"href":"https:\/\/www.europesays.com\/no\/wp-json\/wp\/v2\/tags?post=136214"}],"curies":[{"name":"wp","href":"https:\/\/api.w.org\/{rel}","templated":true}]}}