{"id":136220,"date":"2026-01-13T20:23:44","date_gmt":"2026-01-13T20:23:44","guid":{"rendered":"https:\/\/www.europesays.com\/no\/136220\/"},"modified":"2026-01-13T20:23:44","modified_gmt":"2026-01-13T20:23:44","slug":"naermer-seg-salg-til-europeisk-storklubb","status":"publish","type":"post","link":"https:\/\/www.europesays.com\/no\/136220\/","title":{"rendered":"N\u00e6rmer seg salg til europeisk storklubb"},"content":{"rendered":"<p>Lyns unge midtstopper har hatt mange interessenter etter en veldig god sesong i OBOS-ligaen.<\/p>\n<p>Svenske AIK har v\u00e6rt blant de mest interesserte klubbene, og skal angivelig ha f\u00e5tt avsl\u00e5tt bud.<\/p>\n<p>TV 2 er kjent med at klubben n\u00e5 er i dialog med en europeisk storklubb om et salg av midtstopperen.<\/p>\n<p>Mandag kveld skriver den belgiske journalisten\u00a0Sacha Tavolieri p\u00e5 <a href=\"https:\/\/x.com\/sachatavolieri\/status\/2010780054259663116\" rel=\"nofollow\">X<\/a> at Sylla selges til fjor\u00e5rets seriemester i Belgia,\u00a0Royale Union Saint-Gilloise for en totalpakke p\u00e5 over 17 millioner norske kroner.<\/p>\n<p class=\"bold m-bold\" data-lab-font_weight=\"bold\">Det skal etter hva TV 2 forst\u00e5r fortsatt gjenst\u00e5 noe f\u00f8r en overgang er klar, men Lyn n\u00e6rmer seg et salg av den talentfulle midtstopperen fra Senegal.<\/p>\n<p>Den belgiske Champions League-klubben har fulgt Sylla over lang tid.<\/p>\n<p>Sportssjef i Lyn Glenn Hartmann hverken bekrefter eller avkrefter at Sylla er p\u00e5 vei til Belgia.<\/p>\n<p>\u2013 Jeg har ingen kommentar, skriver sportssjefen.<\/p>\n<p>Syllas agent har ikke besvart TV 2s henvendelser.<\/p>\n<p>Senegaleseren kom til Lyn fra den franske klubben Pau i 2024.<\/p>\n","protected":false},"excerpt":{"rendered":"Lyns unge midtstopper har hatt mange interessenter etter en veldig god sesong i OBOS-ligaen. Svenske AIK har v\u00e6rt&hellip;\n","protected":false},"author":2,"featured_media":136221,"comment_status":"","ping_status":"","sticky":false,"template":"","format":"standard","meta":{"footnotes":""},"categories":[59],"tags":[30,28,29,83,82],"class_list":{"0":"post-136220","1":"post","2":"type-post","3":"status-publish","4":"format-standard","5":"has-post-thumbnail","7":"category-sport","8":"tag-no","9":"tag-norge","10":"tag-norway","11":"tag-sport","12":"tag-sports"},"share_on_mastodon":{"url":"https:\/\/pubeurope.com\/@no\/115889661920642947","error":""},"_links":{"self":[{"href":"https:\/\/www.europesays.com\/no\/wp-json\/wp\/v2\/posts\/136220","targetHints":{"allow":["GET"]}}],"collection":[{"href":"https:\/\/www.europesays.com\/no\/wp-json\/wp\/v2\/posts"}],"about":[{"href":"https:\/\/www.europesays.com\/no\/wp-json\/wp\/v2\/types\/post"}],"author":[{"embeddable":true,"href":"https:\/\/www.europesays.com\/no\/wp-json\/wp\/v2\/users\/2"}],"replies":[{"embeddable":true,"href":"https:\/\/www.europesays.com\/no\/wp-json\/wp\/v2\/comments?post=136220"}],"version-history":[{"count":0,"href":"https:\/\/www.europesays.com\/no\/wp-json\/wp\/v2\/posts\/136220\/revisions"}],"wp:featuredmedia":[{"embeddable":true,"href":"https:\/\/www.europesays.com\/no\/wp-json\/wp\/v2\/media\/136221"}],"wp:attachment":[{"href":"https:\/\/www.europesays.com\/no\/wp-json\/wp\/v2\/media?parent=136220"}],"wp:term":[{"taxonomy":"category","embeddable":true,"href":"https:\/\/www.europesays.com\/no\/wp-json\/wp\/v2\/categories?post=136220"},{"taxonomy":"post_tag","embeddable":true,"href":"https:\/\/www.europesays.com\/no\/wp-json\/wp\/v2\/tags?post=136220"}],"curies":[{"name":"wp","href":"https:\/\/api.w.org\/{rel}","templated":true}]}}