{"id":136224,"date":"2026-01-13T20:27:08","date_gmt":"2026-01-13T20:27:08","guid":{"rendered":"https:\/\/www.europesays.com\/no\/136224\/"},"modified":"2026-01-13T20:27:08","modified_gmt":"2026-01-13T20:27:08","slug":"elon-musks-starlink-tilbyr-gratis-internett-til-iranere-e24","status":"publish","type":"post","link":"https:\/\/www.europesays.com\/no\/136224\/","title":{"rendered":"Elon Musks Starlink tilbyr gratis internett til iranere \u2013 E24"},"content":{"rendered":"<p class=\"fullWidthDesktop hyperion-css-71ztg2\" data-test-tag=\"lead-text\">Starlink-tjenesten til SpaceX er n\u00e5 tilgjengelig uten avgift. <\/p>\n<p><img decoding=\"async\" class=\"image-asset hyperion-css-1lp9x9g\" data-test-tag=\"image-asset\" src=\"https:\/\/www.europesays.com\/no\/wp-content\/uploads\/2026\/01\/7c0e834a-bb92-4c2b-b887-5d883a5a5ea5.jpeg\"  alt=\"Elon Musk \u00e5pner for gratis Starlink-internett i Iran.\"  loading=\"eager\" fetchpriority=\"high\" style=\"aspect-ratio:1900 \/ 1267\"\/>Elon Musk \u00e5pner for gratis Starlink-internett i Iran. Foto: Evan Vucci \/ AP \/ NTBPublisert: <\/p>\n<p>For mindre enn 40 minutter siden<\/p>\n<p>Oppdatert for mindre enn 20 minutter siden<\/p>\n<p>Kortversjonen<\/p>\n<ul class=\"hyperion-css-pkq1ci\" data-test-tag=\"list\">\n<li class=\"hyperion-css-12h2ush\">SpaceX tilbyr n\u00e5 gratis Starlink-internett i Iran mens d\u00f8delige protester raser.<\/li>\n<li class=\"hyperion-css-12h2ush\">Elon Musks selskap har fjernet abonnementskostnaden for folk med mottagere i landet.<\/li>\n<li class=\"hyperion-css-12h2ush\">Over 50.000 Starlink-enheter ansl\u00e5s \u00e5 v\u00e6re smuglet inn i Iran, selv om de er forbudt.<\/li>\n<\/ul>\n<p class=\"hyperion-css-10lbhat\">Oppsummeringen er laget av AI-verkt\u00f8yet ChatGPT og kvalitetssikret av E24s journalister<\/p>\n<p>Vis mer <\/p>\n<ul class=\"hyperion-css-pte5x0\">\n<li aria-label=\"link\" class=\"narrow-button hyperion-css-1sz7d3n\">Kopier lenke<\/li>\n<li aria-label=\"link\" class=\"wide-button hyperion-css-1sz7d3n\">Kopier lenke<\/li>\n<li aria-label=\"facebook\" class=\"narrow-button hyperion-css-1sz7d3n\">Del p\u00e5 Facebook<\/li>\n<li aria-label=\"facebook\" class=\"wide-button hyperion-css-1sz7d3n\">Del p\u00e5 Facebook<\/li>\n<li aria-label=\"email\" class=\"narrow-button hyperion-css-1sz7d3n\">Del med e-post<\/li>\n<li aria-label=\"email\" class=\"wide-button hyperion-css-1sz7d3n\">Del med e-post<\/li>\n<\/ul>\n<p class=\"hyperion-css-1lemvax\">Elon Musks SpaceX tilbyr n\u00e5 gratis Starlink-internett i Iran mens d\u00f8delige protester raser og landet opplever en dagslang internett-nedetid, melder <a aria-label=\"Bloomberg\" class=\"default hyperion-css-1rezu2g\" href=\"https:\/\/blinks.bloomberg.com\/news\/stories\/T8TDQVT9NJM1\" rel=\"noopener nofollow noreferrer\" data-test-tag=\"external-link\" target=\"_blank\">Bloomberg<\/a>.<\/p>\n<p class=\"hyperion-css-1lemvax\">Selskapet har fjerner abonnementskostnaden for Starlink i Iran, slik at folk med mottagere i landet kan f\u00e5 tilgang til tjenesten uten \u00e5 betale. Dette bekreftes av Ahmad Ahmadian, direkt\u00f8r for den amerikanske gruppen Holisic Resilience, som jobber med iranere for \u00e5 sikre internett-tilgang. <\/p>\n<p><a data-test-tag=\"teaser-small:link-internal\" href=\"https:\/\/e24.no\/boers-og-finans\/i\/43qMMa\/har-bygget-milliardposisjon-i-kongsberg-aksjen\" class=\"imagePosition-top inline hyperion-css-6238vu\" rel=\"nofollow noopener\" target=\"\" aria-label=\"Har bygget milliardposisjon i Kongsberg-aksjen\"><\/p>\n<p>Les p\u00e5 E24+<\/p>\n<p>Har bygget milliardposisjon i Kongsberg-aksjen<\/p>\n<p><\/a><\/p>\n<p class=\"hyperion-css-1lemvax\">En person med kjennskap til Starlinks virksomhet bekrefter overfor Bloomberg at tjenesten n\u00e5 er gratis i Iran. SpaceX har ikke svart p\u00e5 foresp\u00f8rsler om kommentar.<\/p>\n<p>Tidligere brukt i Ukraina<\/p>\n<p class=\"hyperion-css-1lemvax\">Musk har tidligere g\u00e5tt inn i geopolitiske konflikter med gratis Starlink-tjeneste. Starlinks satellitter har gitt internett-kommunikasjon til b\u00e5de ukrainske borgere og milit\u00e6ret siden Russlands invasjon.<\/p>\n<p class=\"hyperion-css-1lemvax\">Urolighetene i Iran har eskalert kraftig den siste uken, og hundretusenvis har g\u00e5tt ut i gatene og krever at \u00f8verste leder ayatolla Ali Khamenei m\u00e5 g\u00e5 av. Aktivistgrupper advarer om at tusenvis kan ha blitt drept i over to uker med voldelige oppt\u00f8yer. <\/p>\n<p class=\"hyperion-css-1lemvax\">Selv om Starlink-mottagere er forbudt i Iran, har flere blitt smuglet over landets grenser. If\u00f8lge Bloomberg ansl\u00e5s det at det finnes over 50.000 enheter i landet. <\/p>\n<p class=\"hyperion-css-1lemvax\">If\u00f8lge menneskerettighetsorganisasjonen Miaan Group fors\u00f8ker iranske myndigheter \u00e5 forstyrre signalene og spore brukere. Statlige iranske medier har denne uken meldt at sikkerhetsstyrker har beslaglagt elektronisk utstyr som i TV-bilder fremsto som Starlink-mottagere.<\/p>\n<p class=\"hyperion-css-1lemvax\"><a aria-label=\"Demonstrasjonene \" class=\"default hyperion-css-1rezu2g\" href=\"https:\/\/www.vg.no\/nyheter\/i\/Rj99kd\/demonstrasjonene-i-iran-en-reell-utfordring-for-regimet\" rel=\"noopener nofollow noreferrer\" data-test-tag=\"external-link\" target=\"_blank\">Demonstrasjonene <\/a>i Iran har sitt utspring i en langvarig \u00f8konomisk krise preget av h\u00f8y inflasjon, svekket valuta og \u00f8kende arbeidsledighet. Protestene startet som uttrykk for \u00f8konomisk misn\u00f8ye, men har raskt utviklet seg til et bredt oppr\u00f8r rettet direkte mot regimet.<\/p>\n<p class=\"hyperion-css-1lemvax\"><a aria-label=\"Iran\" class=\"default hyperion-css-1rezu2g\" href=\"https:\/\/www.vg.no\/tag\/iran?utm_source=vg-article&amp;utm_medium=auto-tagger&amp;utm_campaign=Rj99kd\" rel=\"noopener nofollow noreferrer\" data-test-tag=\"external-link\" target=\"_blank\">Iran<\/a> har v\u00e6rt preget av <a aria-label=\"omfattende protester\" class=\"default hyperion-css-1rezu2g\" href=\"https:\/\/www.vg.no\/nyheter\/i\/5p6G6b\/iranske-sykehus-overveldet-av-skadede-demonstranter\" rel=\"noopener nofollow noreferrer\" data-test-tag=\"external-link\" target=\"_blank\">omfattende protester<\/a> siden slutten av desember. Tirsdag meldes det om <a aria-label=\"2000 drepte\" class=\"default hyperion-css-1rezu2g\" href=\"https:\/\/www.vg.no\/nyheter\/i\/V6qgdV\/protestene-i-iran-kommer-regimet-til-aa-falle\" rel=\"noopener nofollow noreferrer\" data-test-tag=\"external-link\" target=\"_blank\">2000 drepte<\/a> i Iran siden protestene startet 28. desember, melder <a aria-label=\"Reuters\" class=\"default hyperion-css-1rezu2g\" href=\"https:\/\/www.reuters.com\/world\/iran\/iran-live-updates-trump-tells-iranian-protesters-help-is-its-way-2026-01-13\/\" rel=\"noopener nofollow noreferrer\" data-test-tag=\"external-link\" target=\"_blank\">Reuters<\/a>. <\/p>\n","protected":false},"excerpt":{"rendered":"Starlink-tjenesten til SpaceX er n\u00e5 tilgjengelig uten avgift. Elon Musk \u00e5pner for gratis Starlink-internett i Iran. Foto: Evan&hellip;\n","protected":false},"author":2,"featured_media":136225,"comment_status":"","ping_status":"","sticky":false,"template":"","format":"standard","meta":{"footnotes":""},"categories":[12],"tags":[20,21,24,25,15,22,23,13,30,28,29,14,16,26,27,42,43,44,45],"class_list":{"0":"post-136224","1":"post","2":"type-post","3":"status-publish","4":"format-standard","5":"has-post-thumbnail","7":"category-verden","8":"tag-breaking-news","9":"tag-breakingnews","10":"tag-featured-news","11":"tag-featurednews","12":"tag-headlines","13":"tag-latest-news","14":"tag-latestnews","15":"tag-news","16":"tag-no","17":"tag-norge","18":"tag-norway","19":"tag-nyheter","20":"tag-overskrifter","21":"tag-top-stories","22":"tag-topstories","23":"tag-verden","24":"tag-world","25":"tag-world-news","26":"tag-worldnews"},"share_on_mastodon":{"url":"https:\/\/pubeurope.com\/@no\/115889677505015870","error":""},"_links":{"self":[{"href":"https:\/\/www.europesays.com\/no\/wp-json\/wp\/v2\/posts\/136224","targetHints":{"allow":["GET"]}}],"collection":[{"href":"https:\/\/www.europesays.com\/no\/wp-json\/wp\/v2\/posts"}],"about":[{"href":"https:\/\/www.europesays.com\/no\/wp-json\/wp\/v2\/types\/post"}],"author":[{"embeddable":true,"href":"https:\/\/www.europesays.com\/no\/wp-json\/wp\/v2\/users\/2"}],"replies":[{"embeddable":true,"href":"https:\/\/www.europesays.com\/no\/wp-json\/wp\/v2\/comments?post=136224"}],"version-history":[{"count":0,"href":"https:\/\/www.europesays.com\/no\/wp-json\/wp\/v2\/posts\/136224\/revisions"}],"wp:featuredmedia":[{"embeddable":true,"href":"https:\/\/www.europesays.com\/no\/wp-json\/wp\/v2\/media\/136225"}],"wp:attachment":[{"href":"https:\/\/www.europesays.com\/no\/wp-json\/wp\/v2\/media?parent=136224"}],"wp:term":[{"taxonomy":"category","embeddable":true,"href":"https:\/\/www.europesays.com\/no\/wp-json\/wp\/v2\/categories?post=136224"},{"taxonomy":"post_tag","embeddable":true,"href":"https:\/\/www.europesays.com\/no\/wp-json\/wp\/v2\/tags?post=136224"}],"curies":[{"name":"wp","href":"https:\/\/api.w.org\/{rel}","templated":true}]}}