{"id":136237,"date":"2026-01-13T20:37:42","date_gmt":"2026-01-13T20:37:42","guid":{"rendered":"https:\/\/www.europesays.com\/no\/136237\/"},"modified":"2026-01-13T20:37:42","modified_gmt":"2026-01-13T20:37:42","slug":"xabi-alonso-ferdig-som-real-madrid-trener-nrk-sport-sportsnyheter-resultater-og-sendeplan","status":"publish","type":"post","link":"https:\/\/www.europesays.com\/no\/136237\/","title":{"rendered":"Xabi Alonso ferdig som Real Madrid-trener \u2013 NRK Sport \u2013 Sportsnyheter, resultater og sendeplan"},"content":{"rendered":"<p>\u2013 Real Madrid C. F. meddeler at klubben og Xabi Alonso, i gjensidig enighet, har besluttet \u00e5 avslutte hans periode som hovedtrener for f\u00f8rstelaget.<\/p>\n<p>Slik lyder pressemeldingen fra den spanske storklubben mandag ettermiddag.<\/p>\n<p>Klubben bekrefter samtidig at tidligere Real Madrid-spiller \u00c1lvaro Arbeloa overtar ansvaret for f\u00f8rstelaget.<\/p>\n<p><img decoding=\"async\"   src=\"data:image\/gif;base64,R0lGODlhAQABAIAAAAAAAP\/\/\/yH5BAEAAAAALAAAAAABAAEAAAIBRAA7\" loading=\"eager\" alt=\"Alvaro Arbeloa\" title=\"Foto: Vegard Wivestad Gr\u00f8tt \/ NTB\"\/><\/p>\n<p class=\"\">NESTEMANN INN: Alvaro Arbeloa er bekreftet er mannen som skal ta over som ny Real Madrid-trener.<\/p>\n<p>Foto: Vegard Wivestad Gr\u00f8tt \/ NTB<\/p>\n<p>Xabi Alonso ble ansatt som hovedtrener i fjor sommer, etter stor suksess i Bayer Leverkusen, der han blant annet ledet klubben til seriegull. Ogs\u00e5 som spiller har Alonso en fortid i Real Madrid.<\/p>\n<p>Han fikk en sterk start p\u00e5 trenerkarrieren i klubben og ble i august k\u00e5ret til m\u00e5nedens trener i La Liga. Derfra og ut har imidlertid resultatene uteblitt, og presset mot den spanske treneren har \u00f8kt.<\/p>\n<p>Situasjon med spiller trekkes fram<\/p>\n<p>Viaplay-ekspert Petter Veland er klar p\u00e5 at oppholdet i Madrid ikke ble som Alonso selv hadde sett for seg.<\/p>\n<p>\u2013 Det er veldig skuffende. Han hadde nok veldig store forh\u00e5pninger selv. Jeg trodde han hadde b\u00e5de det faglige niv\u00e5et og pondusen som skulle til for \u00e5 lykkes som Real Madrid-trener.<\/p>\n<p><img decoding=\"async\"   src=\"data:image\/gif;base64,R0lGODlhAQABAIAAAAAAAP\/\/\/yH5BAEAAAAALAAAAAABAAEAAAIBRAA7\" loading=\"eager\" alt=\"Petter Veland\" title=\"Foto: Privat\"\/><\/p>\n<p class=\"\">TRODDE P\u00c5 SUKSESS: Viaplay-ekspert Petter Veland trodde Xabi Alonso skulle lede laget til nye bragder da han ble ansatt.<\/p>\n<p>Foto: Privat<\/p>\n<p>Veland understreker at han fortsatt har stor tro p\u00e5 Alonso som trener.<\/p>\n<p>\u2013 Du m\u00e5 v\u00e6re \u00e5penbart faglig sterk for \u00e5 f\u00e5 den jobben, og det er Xabi Alonso. Jeg ser fortsatt p\u00e5 ham som en veldig god fotballtrener, basert p\u00e5 det han fikk til i Bayer Leverkusen.<\/p>\n<p>Samtidig peker han p\u00e5 \u00e9n avgj\u00f8rende svakhet.<\/p>\n<p>\u2013 Men \u00e5penbart traff han ikke helt med tanke p\u00e5 \u00e5 h\u00e5ndtere stjernene p\u00e5 den m\u00e5ten de \u00f8nsker. Situasjonen med Vin\u00edcius J\u00fanior i bakkant av dette er et klassisk eksempel, sier Veland.<\/p>\n<p>Det Veland sikter til er situasjonen som oppsto da Vin\u00edcius J\u00fanior ble byttet ut i seriekampen mot Barcelona i fjor h\u00f8st.<\/p>\n<p>Brasilianeren reagerte med tydelig frustrasjon da Alonso valgte \u00e5 ta ham av banen etter 72 minutter.<\/p>\n<p>\u2013 Der var det mange, meg selv inkludert, som mente at Xabi Alonso burde ha statuert et langt t\u00f8ffere eksempel overfor Vin\u00edcius og gitt ham en klar beskjed om at denne typen oppf\u00f8rsel ikke er greit. Her er det Xabi Alonso som er sjef \u2013 ikke du, sier Veland.<\/p>\n<p><img decoding=\"async\"   src=\"data:image\/gif;base64,R0lGODlhAQABAIAAAAAAAP\/\/\/yH5BAEAAAAALAAAAAABAAEAAAIBRAA7\" loading=\"eager\" alt=\"Vinicius Junior forbannet i El Clasico\" title=\"Foto: OSCAR DEL POZO \/ AFP \/ NTB\"\/><\/p>\n<p class=\"\">KALDT FORHOLD: Vin\u00edcius var tydelig forbannet p\u00e5 Xabi Alonso etter \u00e5 ha blitt byttet ut.<\/p>\n<p>Foto: OSCAR DEL POZO \/ AFP \/ NTB<\/p>\n<p>Han mener situasjonen fikk uheldige f\u00f8lger internt i spillergruppen.<\/p>\n<p>\u2013 I stedet endte det egentlig med at Vin\u00edcius fikk ta regi p\u00e5 hele greia gjennom sin unnskyldning. Gartneren p\u00e5 Bernab\u00e9u fikk en beklagelse, men ikke Xabi Alonso. Der tapte han nok litt anseelse blant de andre spillerne, sier Veland.<\/p>\n<p>Vin\u00edcius <a href=\"https:\/\/www.nrk.no\/sport\/real-madrid-stjerne-legger-seg-flat-etter-el-clasico-1.17631229\" ec-id=\"pp:article:1.17631229\" ec-name=\"la seg senere flat\" rel=\"nofollow noopener\" target=\"_blank\">la seg senere flat <\/a>etter hendelsen.<\/p>\n<p>Overraskende og brutalt<\/p>\n<p>NRK-ekspert Carl-Erik Torp er tydelig p\u00e5 at avgj\u00f8relsen kommer raskt.<\/p>\n<p>\u2013 Det er overraskende, sier Torp.<\/p>\n<p>\u2013 Det viser hvor lite t\u00e5lmodighet de st\u00f8rste klubbene har n\u00e5r resultatene er svake. Det er en brutal verden de gutta der lever i, legger han til.<\/p>\n<p><img decoding=\"async\"   src=\"data:image\/gif;base64,R0lGODlhAQABAIAAAAAAAP\/\/\/yH5BAEAAAAALAAAAAABAAEAAAIBRAA7\" loading=\"eager\" alt=\"Carl-Erik Torp\" title=\"Foto: Eirik Pessl-Kleiven \/ NRK\"\/><\/p>\n<p class=\"\">TYDELIG NRK-EKSPERT: Carl-Erik Torp ser p\u00e5 sparkingen av Xabi Alonso som meget overraskende.<\/p>\n<p>Foto: Eirik Pessl-Kleiven \/ NRK<\/p>\n<p>Torp peker p\u00e5 at Alonso knapt rakk \u00e5 sette sitt preg p\u00e5 laget.<\/p>\n<p>\u2013 Man blir alltid overrasket n\u00e5r trenere som er s\u00e5 ferske i stillingen f\u00e5r sparken. Han ble hentet inn som den de absolutt \u00f8nsket seg, og var helt \u00f8verst p\u00e5 \u00f8nskelista. N\u00e5r man da ser hvor lite t\u00e5lmodighet man har, er det overraskende at prosjektet de startet p\u00e5 ikke f\u00e5r fortsette, sier Torp.<\/p>\n<p>Resultatene snudde<\/p>\n<p>Barcelona har n\u00e5 skaffet seg en luke p\u00e5 fire poeng ned til Real Madrid i serien. Alonso, som er kjent for \u00e5 benytte et system med tre midtstoppere og vingbacker, m\u00e5tte tidlig i sesongen g\u00e5 over til en mer klassisk firer bak.<\/p>\n<p>S\u00f8ndag tapte Real Madrid ogs\u00e5 Supercupfinalen mot erkerivalen Barcelona.<\/p>\n<p><img decoding=\"async\"   src=\"data:image\/gif;base64,R0lGODlhAQABAIAAAAAAAP\/\/\/yH5BAEAAAAALAAAAAABAAEAAAIBRAA7\" loading=\"eager\" alt=\"En spiller i Barcelona-drakt jubler etter \u00e5 ha scoret et m\u00e5l under en fotballkamp. Flere spillere fra motstanderlaget, if\u00f8rt hvite drakter, ser nedsl\u00e5tte ut. Publikum i bakgrunnen viser entusiasme og deltakelse. Kampen finner sted i et stort stadion med synlige reklamebannere. (Bildebeskrivelsen er laget av en KI-tjeneste)\" title=\"Foto: Altaf Qadri \/ AP \/ NTB\"\/><\/p>\n<p class=\"\">TAP I FINALEN: Brasilianske Raphinha ble mannen som til slutt senket Real Madrid i s\u00f8ndagens finale som endte 3\u20132 til Barcelona. <\/p>\n<p>Foto: Altaf Qadri \/ AP \/ NTB<\/p>\n<p>\u2013 Xabi Alonso vil alltid ha hele Madrid-supporternes kj\u00e6rlighet og beundring, fordi han er en legende i Real Madrid og til enhver tid har representert verdiene til v\u00e5r klubb. Real Madrid vil alltid v\u00e6re hans hjem, skriver klubben i pressemeldingen.<\/p>\n<p>Alonso ledet laget i totalt 35 kamper som hovedtrener. Av disse endte 24 med seier.<\/p>\n<p>\u2013 V\u00e5r klubb takker Xabi Alonso og hele hans trenerteam for arbeidet og dedikasjonen de har vist gjennom denne tiden, og \u00f8nsker dem lykke til i den nye fasen av livene sine, avslutter Real Madrid.<\/p>\n<p>Publisert<\/p>\n<p>12.01.2026, kl. 18.15<\/p>\n<p>Oppdatert<\/p>\n<p>12.01.2026, kl. 19.44<\/p>\n","protected":false},"excerpt":{"rendered":"\u2013 Real Madrid C. F. meddeler at klubben og Xabi Alonso, i gjensidig enighet, har besluttet \u00e5 avslutte&hellip;\n","protected":false},"author":2,"featured_media":136238,"comment_status":"","ping_status":"","sticky":false,"template":"","format":"standard","meta":{"footnotes":""},"categories":[59],"tags":[30,28,29,83,82],"class_list":{"0":"post-136237","1":"post","2":"type-post","3":"status-publish","4":"format-standard","5":"has-post-thumbnail","7":"category-sport","8":"tag-no","9":"tag-norge","10":"tag-norway","11":"tag-sport","12":"tag-sports"},"share_on_mastodon":{"url":"https:\/\/pubeurope.com\/@no\/115889716759185485","error":""},"_links":{"self":[{"href":"https:\/\/www.europesays.com\/no\/wp-json\/wp\/v2\/posts\/136237","targetHints":{"allow":["GET"]}}],"collection":[{"href":"https:\/\/www.europesays.com\/no\/wp-json\/wp\/v2\/posts"}],"about":[{"href":"https:\/\/www.europesays.com\/no\/wp-json\/wp\/v2\/types\/post"}],"author":[{"embeddable":true,"href":"https:\/\/www.europesays.com\/no\/wp-json\/wp\/v2\/users\/2"}],"replies":[{"embeddable":true,"href":"https:\/\/www.europesays.com\/no\/wp-json\/wp\/v2\/comments?post=136237"}],"version-history":[{"count":0,"href":"https:\/\/www.europesays.com\/no\/wp-json\/wp\/v2\/posts\/136237\/revisions"}],"wp:featuredmedia":[{"embeddable":true,"href":"https:\/\/www.europesays.com\/no\/wp-json\/wp\/v2\/media\/136238"}],"wp:attachment":[{"href":"https:\/\/www.europesays.com\/no\/wp-json\/wp\/v2\/media?parent=136237"}],"wp:term":[{"taxonomy":"category","embeddable":true,"href":"https:\/\/www.europesays.com\/no\/wp-json\/wp\/v2\/categories?post=136237"},{"taxonomy":"post_tag","embeddable":true,"href":"https:\/\/www.europesays.com\/no\/wp-json\/wp\/v2\/tags?post=136237"}],"curies":[{"name":"wp","href":"https:\/\/api.w.org\/{rel}","templated":true}]}}