{"id":1363,"date":"2025-08-07T08:08:08","date_gmt":"2025-08-07T08:08:08","guid":{"rendered":"https:\/\/www.europesays.com\/no\/1363\/"},"modified":"2025-08-07T08:08:08","modified_gmt":"2025-08-07T08:08:08","slug":"sven-erik-bystrom-klar-for-uno-x","status":"publish","type":"post","link":"https:\/\/www.europesays.com\/no\/1363\/","title":{"rendered":"Sven Erik Bystr\u00f8m klar for Uno-X"},"content":{"rendered":"\n<p class=\"_lead_1bvmi_2 _lead_xtcu6_50 layout-component text-serif-m layout-normal text-serif-l layout-component layout-wide layout-padded _wide_17hqh_1 layout-padded\">Den erfarne rytteren har signert to\u00e5rskontrakt.<\/p>\n<p><img alt=\"Sven Erik Bystr\u00f8m skal sykle for Uno-X fremover. Foto: Fredrik Varfjell \/ NTB\" class=\"_image_qp4xg_65 layout-component layout-wide\" data-fullscreen- data-track-element-type=\"Article image fullscreen\" data-track-name=\"ImageFullscreen\" fetchpriority=\"high\" decoding=\"sync\" loading=\"eager\" height=\"4592\" itemprop=\"image\"  src=\"https:\/\/www.europesays.com\/no\/wp-content\/uploads\/2025\/08\/b74bcbae-529a-4ff7-b443-d5337549a1d0\"  style=\"object-position:0% 0%\" width=\"6888\"\/>Sven Erik Bystr\u00f8m skal sykle for Uno-X fremover. Foto: Fredrik Varfjell \/ NTB<\/p>\n<ul aria-hidden=\"true\" class=\"_images_1y6fe_106\">\n<li><a class=\"_link_1y6fe_111\" href=\"https:\/\/www.vg.no\/forfatter\/eirik-soerenmo-paasche\" style=\"z-index:1\" title=\"Eirik S\u00f8renmo P\u00e5sche\" rel=\"nofollow noopener\" target=\"_blank\"><img alt=\"Bilde av Eirik S\u00f8renmo P\u00e5sche\" class=\"_image_1y6fe_88\" fetchpriority=\"low\" loading=\"lazy\" decoding=\"async\" itemprop=\"image\"  src=\"https:\/\/www.europesays.com\/no\/wp-content\/uploads\/2025\/08\/1754554088_242_cfda420f-d23e-4c6c-b420-faa95e9679ed\"  width=\"480\"\/><\/a><\/li>\n<\/ul>\n<p> Oppdatert torsdag 7. august kl. 09:12     <\/p>\n<p class=\"_paragraph_1bvmi_4 _paragraph_xtcu6_10 layout-component text-serif-m layout-normal text-serif-m layout-padded\"><a href=\"https:\/\/www.vg.no\/tag\/sven-erik-bystroem?utm_source=vg-article&amp;utm_medium=auto-tagger&amp;utm_campaign=lwdVBM\" class=\"_link_1bvmi_39\" rel=\"nofollow noopener\" target=\"_blank\">Sven Erik Bystr\u00f8m<\/a> (33) har skrevet under en to\u00e5rsavtale med det norske sykkellaget Uno-X Mobility Cycling.<\/p>\n<p class=\"_paragraph_1bvmi_4 _paragraph_xtcu6_10 layout-component text-serif-m layout-normal text-serif-m layout-padded\">Kontrakten gjelder fra 2026 til 2027,\u00a0<a href=\"https:\/\/www.unoxteam.com\/news\/svein-erik-bystrm-set-to-join-uno-x-mobility-cycling\" class=\"_link_1bvmi_39\" rel=\"nofollow noopener\" target=\"_blank\">melder laget<\/a>\u00a0p\u00e5 sine nettsider.<\/p>\n<p class=\"_paragraph_1bvmi_4 _paragraph_xtcu6_10 layout-component text-serif-m layout-normal text-serif-m layout-padded\">Bystr\u00f8m har over ti \u00e5rs erfaring fra toppniv\u00e5 i sykkelsport. Han har syklet for store lag som Team Katusha, UAE Team Emirates, Intermarch\u00e9\u2013Wanty og sist Groupama\u2013FDJ. Den tidligere U23-verdensmesteren har deltatt i \u00e5tte Grand Tours.<\/p>\n<p class=\"_paragraph_1bvmi_4 _paragraph_xtcu6_10 layout-component text-serif-m layout-normal text-serif-m layout-padded\">\u2013 Det er ikke en overdrivelse at jeg ser veldig frem til \u00e5 bli med Uno-X de neste to \u00e5rene. Det f\u00f8les som \u00e5 komme hjem, siden jeg kjenner de fleste rytterne og staben, sier Bystr\u00f8m.<\/p>\n<p class=\"_paragraph_1bvmi_4 _paragraph_xtcu6_10 layout-component text-serif-m layout-normal text-serif-m layout-padded\">Sportsdirekt\u00f8r Thor Hushovd mener Bystr\u00f8m vil v\u00e6re en viktig leder p\u00e5 veien for det unge laget.<\/p>\n<p class=\"_paragraph_1bvmi_4 _paragraph_xtcu6_10 layout-component text-serif-m layout-normal text-serif-m layout-padded\">\u2013 Sven Erik er en sterk og allsidig rytter som passer inn i de fleste l\u00f8psscenarier. Vi ser p\u00e5 ham som en klassisk veikapteiner \u2013 en som vil bringe 13 \u00e5rs erfaring inn i en ung Uno-X-tropp, sier Hushovd.<\/p>\n<p class=\"_paragraph_1bvmi_4 _paragraph_xtcu6_10 layout-component text-serif-m layout-normal text-serif-m layout-padded\">Bystr\u00f8m har v\u00e6rt profesjonell siden 2014 og ser frem til \u00e5 utvikle seg videre i det norske milj\u00f8et.<\/p>\n<p class=\"_paragraph_1bvmi_4 _paragraph_xtcu6_10 layout-component text-serif-m layout-normal text-serif-m layout-padded\">\u2013 Jeg har v\u00e6rt veldig imponert over fremgangen laget har gjort, og det f\u00f8les som det beste steget for karrieren min, sier han.<\/p>\n<p class=\"_paragraph_1bvmi_4 _paragraph_xtcu6_10 layout-component text-serif-m layout-normal text-serif-m layout-padded\">Bystr\u00f8m tok VM-gull i U23-klassen i 2014:<\/p>\n","protected":false},"excerpt":{"rendered":"Den erfarne rytteren har signert to\u00e5rskontrakt. Sven Erik Bystr\u00f8m skal sykle for Uno-X fremover. Foto: Fredrik Varfjell \/&hellip;\n","protected":false},"author":2,"featured_media":1364,"comment_status":"","ping_status":"","sticky":false,"template":"","format":"standard","meta":{"footnotes":""},"categories":[59],"tags":[30,28,29,83,82,407,346,348,408,46],"class_list":{"0":"post-1363","1":"post","2":"type-post","3":"status-publish","4":"format-standard","5":"has-post-thumbnail","7":"category-sport","8":"tag-no","9":"tag-norge","10":"tag-norway","11":"tag-sport","12":"tag-sports","13":"tag-sven-erik-bystrom","14":"tag-sykkel","15":"tag-thor-hushovd","16":"tag-uno-x","17":"tag-vgai"},"share_on_mastodon":{"url":"","error":""},"_links":{"self":[{"href":"https:\/\/www.europesays.com\/no\/wp-json\/wp\/v2\/posts\/1363","targetHints":{"allow":["GET"]}}],"collection":[{"href":"https:\/\/www.europesays.com\/no\/wp-json\/wp\/v2\/posts"}],"about":[{"href":"https:\/\/www.europesays.com\/no\/wp-json\/wp\/v2\/types\/post"}],"author":[{"embeddable":true,"href":"https:\/\/www.europesays.com\/no\/wp-json\/wp\/v2\/users\/2"}],"replies":[{"embeddable":true,"href":"https:\/\/www.europesays.com\/no\/wp-json\/wp\/v2\/comments?post=1363"}],"version-history":[{"count":0,"href":"https:\/\/www.europesays.com\/no\/wp-json\/wp\/v2\/posts\/1363\/revisions"}],"wp:featuredmedia":[{"embeddable":true,"href":"https:\/\/www.europesays.com\/no\/wp-json\/wp\/v2\/media\/1364"}],"wp:attachment":[{"href":"https:\/\/www.europesays.com\/no\/wp-json\/wp\/v2\/media?parent=1363"}],"wp:term":[{"taxonomy":"category","embeddable":true,"href":"https:\/\/www.europesays.com\/no\/wp-json\/wp\/v2\/categories?post=1363"},{"taxonomy":"post_tag","embeddable":true,"href":"https:\/\/www.europesays.com\/no\/wp-json\/wp\/v2\/tags?post=1363"}],"curies":[{"name":"wp","href":"https:\/\/api.w.org\/{rel}","templated":true}]}}