{"id":136301,"date":"2026-01-13T21:32:09","date_gmt":"2026-01-13T21:32:09","guid":{"rendered":"https:\/\/www.europesays.com\/no\/136301\/"},"modified":"2026-01-13T21:32:09","modified_gmt":"2026-01-13T21:32:09","slug":"bestselgerforfatter-avslorer-kreftdiagnose-pa-instagram","status":"publish","type":"post","link":"https:\/\/www.europesays.com\/no\/136301\/","title":{"rendered":"Bestselgerforfatter avsl\u00f8rer kreftdiagnose p\u00e5 Instagram"},"content":{"rendered":"\n<p class=\"_lead_o9xde_2 _lead_xtcu6_50 layout-component text-serif-m layout-normal text-serif-l layout-component layout-wide layout-padded _wide_17hqh_1 layout-padded\">Colleen Hoover deler bilde fra nest siste str\u00e5lebehandling.<\/p>\n<p><img alt=\" Colleen Hoover har slitt med kreftsykdom, avsl\u00f8rer hun selv p\u00e5 Instagram Stories. Foto: Caitlin Ochs \/ Reuters \/ NTB\" class=\"_image_qp4xg_65 layout-component layout-wide\" data-fullscreen- data-track-element-type=\"Article image fullscreen\" data-track-name=\"ImageFullscreen\" fetchpriority=\"high\" decoding=\"sync\" loading=\"eager\" height=\"4043\" itemprop=\"image\"  src=\"https:\/\/www.europesays.com\/no\/wp-content\/uploads\/2026\/01\/490d68aa-9958-44fc-a175-340dc9377a92.jpeg\"  style=\"object-position:50.54437479379743% 45.09027949542419%\" width=\"6062\"\/> Colleen Hoover har slitt med kreftsykdom, avsl\u00f8rer hun selv p\u00e5 Instagram Stories. Foto: Caitlin Ochs \/ Reuters \/ NTB<\/p>\n<ul aria-hidden=\"true\" class=\"_images_ntbth_112\">\n<li><a class=\"_link_ntbth_117\" href=\"https:\/\/www.vg.no\/forfatter\/stein-oestboe\" style=\"z-index:1\" title=\"Stein \u00d8stb\u00f8\" rel=\"nofollow noopener\" target=\"_blank\"><img alt=\"Bilde av Stein \u00d8stb\u00f8\" class=\"_image_ntbth_93\" fetchpriority=\"low\" loading=\"lazy\" decoding=\"async\" itemprop=\"image\"  src=\"https:\/\/www.europesays.com\/no\/wp-content\/uploads\/2026\/01\/1768339929_453_22e70fc8-5f6d-446c-8991-a91d598e4754.jpeg\"  width=\"480\"\/><\/a><\/li>\n<\/ul>\n<p> Oppdatert tirsdag 13. januar kl. 21:52     <\/p>\n<p class=\"_paragraph_o9xde_4 _paragraph_xtcu6_10 layout-component text-serif-m layout-normal text-serif-m layout-padded\">Forfatteren bak suksessromanen \u00abIt Ends With Us\u00bb avsl\u00f8rte mandag at hun har gjennomg\u00e5tt kreftbehandling i flere m\u00e5neder.<\/p>\n<p class=\"_paragraph_o9xde_4 _paragraph_xtcu6_10 layout-component text-serif-m layout-normal text-serif-m layout-padded\">Colleen Hoover delte et \u00e5penhjertig bilde p\u00e5 Instagram Stories der hun poserer i sykehuskl\u00e6r under sin nest siste dag med str\u00e5lebehandling, melder <a href=\"https:\/\/www.foxnews.com\/entertainment\/it-ends-us-author-colleen-hoover-cancer-diagnosis-hospital\" class=\"_link_o9xde_39\" rel=\"nofollow noopener\" target=\"_blank\">Fox News<\/a>.<\/p>\n<p class=\"_paragraph_o9xde_4 _paragraph_xtcu6_10 layout-component text-serif-m layout-normal text-serif-m layout-padded\">\u2013 Jeg skulle \u00f8nske jeg kunne skylde p\u00e5 h\u00e5ret og ansiktsuttrykkene mine p\u00e5 Texas Oncology, men de har v\u00e6rt fantastiske, skrev hun.<\/p>\n<p class=\"_paragraph_o9xde_4 _paragraph_xtcu6_10 layout-component text-serif-m layout-normal text-serif-m layout-padded\">\u2013 H\u00e5per dere aldri trenger dem, men anbefaler dem p\u00e5 det sterkeste.<\/p>\n<p class=\"_paragraph_o9xde_4 _paragraph_xtcu6_10 layout-component text-serif-m layout-normal text-serif-m layout-padded\">Hoover har ikke spesifisert hvilken type kreft hun har, men if\u00f8lge <a href=\"https:\/\/www.nbcnews.com\/pop-culture\/books\/-ends-us-author-colleen-hoover-reveals-underwent-cancer-treatment-rcna253775\" class=\"_link_o9xde_39\" rel=\"nofollow noopener\" target=\"_blank\">NBC News<\/a> ga hun f\u00f8rst beskjed om diagnosen i desember p\u00e5 en privat Facebook-side for fans.<\/p>\n<p><img alt=\"Foto: Faksimile\/@colleenhoover p\u00e5 Instagram\" class=\"_image_qp4xg_65 layout-component layout-normal\" data-fullscreen- data-track-element-type=\"Article image fullscreen\" data-track-name=\"ImageFullscreen\" decoding=\"async\" loading=\"lazy\" height=\"1359\" itemprop=\"image\"  src=\"https:\/\/www.europesays.com\/no\/wp-content\/uploads\/2026\/01\/a910325a-d364-4928-a4c1-7e75b9494b62.jpeg\"  style=\"object-position:0% 0%\" width=\"759\"\/>Foto: Faksimile\/@colleenhoover p\u00e5 Instagram<\/p>\n<p class=\"_paragraph_o9xde_4 _paragraph_xtcu6_10 layout-component text-serif-m layout-normal text-serif-m layout-padded\">I et Facebook-innlegg fredag forklarte hun at genetiske tester viste at kreften ikke kom fra famili\u00e6re gener eller de to hoved\u00e5rsakene til denne krefttypen.<\/p>\n<p class=\"_paragraph_o9xde_4 _paragraph_xtcu6_10 layout-component text-serif-m layout-normal text-serif-m layout-padded\">\u2013 Dette betyr at det mest sannsynlig var milj\u00f8messig eller livsstilsrelatert, som mangel p\u00e5 trening, d\u00e5rlig kosthold og stress, skrev hun.<\/p>\n<p class=\"_paragraph_o9xde_4 _paragraph_xtcu6_10 layout-component text-serif-m layout-normal text-serif-m layout-padded\">\u2013 Jeg er glad og takknemlig for \u00e5 v\u00e6re i live, men jeg hater gr\u00f8nnsaker. Jeg hater n\u00e5r jeg m\u00e5 reise meg fra sofaen. Jeg hater \u00e5 svette.<\/p>\n<p class=\"_paragraph_o9xde_4 _paragraph_xtcu6_10 layout-component text-serif-m layout-normal text-serif-m layout-padded\">I oktober kunngjorde Hoover at hun m\u00e5tte avlyse flere arrangementer p\u00e5 grunn av en \u00abuunng\u00e5elig operasjon\u00bb.<\/p>\n<p class=\"_paragraph_o9xde_4 _paragraph_xtcu6_10 layout-component text-serif-m layout-normal text-serif-m layout-padded\">Avsl\u00f8ringen kommer mens rettssaken mellom <a href=\"https:\/\/www.vg.no\/tag\/blake-lively?utm_source=vg-article&amp;utm_medium=auto-tagger&amp;utm_campaign=9pO6yw\" class=\"_link_o9xde_39\" rel=\"nofollow noopener\" target=\"_blank\">Blake Lively<\/a> og Justin Baldoni fortsetter etter filmatiseringen av \u00abIt Ends With Us\u00bb.<\/p>\n","protected":false},"excerpt":{"rendered":"Colleen Hoover deler bilde fra nest siste str\u00e5lebehandling. Colleen Hoover har slitt med kreftsykdom, avsl\u00f8rer hun selv p\u00e5&hellip;\n","protected":false},"author":2,"featured_media":136302,"comment_status":"","ping_status":"","sticky":false,"template":"","format":"standard","meta":{"footnotes":""},"categories":[12],"tags":[10704,20,21,24,25,15,10702,704,22,23,13,30,28,29,14,16,26,27,42,43,44,45],"class_list":{"0":"post-136301","1":"post","2":"type-post","3":"status-publish","4":"format-standard","5":"has-post-thumbnail","7":"category-verden","8":"tag-blake-lively","9":"tag-breaking-news","10":"tag-breakingnews","11":"tag-featured-news","12":"tag-featurednews","13":"tag-headlines","14":"tag-justin-baldoni","15":"tag-kreftbehandling","16":"tag-latest-news","17":"tag-latestnews","18":"tag-news","19":"tag-no","20":"tag-norge","21":"tag-norway","22":"tag-nyheter","23":"tag-overskrifter","24":"tag-top-stories","25":"tag-topstories","26":"tag-verden","27":"tag-world","28":"tag-world-news","29":"tag-worldnews"},"share_on_mastodon":{"url":"https:\/\/pubeurope.com\/@no\/115889933209508462","error":""},"_links":{"self":[{"href":"https:\/\/www.europesays.com\/no\/wp-json\/wp\/v2\/posts\/136301","targetHints":{"allow":["GET"]}}],"collection":[{"href":"https:\/\/www.europesays.com\/no\/wp-json\/wp\/v2\/posts"}],"about":[{"href":"https:\/\/www.europesays.com\/no\/wp-json\/wp\/v2\/types\/post"}],"author":[{"embeddable":true,"href":"https:\/\/www.europesays.com\/no\/wp-json\/wp\/v2\/users\/2"}],"replies":[{"embeddable":true,"href":"https:\/\/www.europesays.com\/no\/wp-json\/wp\/v2\/comments?post=136301"}],"version-history":[{"count":0,"href":"https:\/\/www.europesays.com\/no\/wp-json\/wp\/v2\/posts\/136301\/revisions"}],"wp:featuredmedia":[{"embeddable":true,"href":"https:\/\/www.europesays.com\/no\/wp-json\/wp\/v2\/media\/136302"}],"wp:attachment":[{"href":"https:\/\/www.europesays.com\/no\/wp-json\/wp\/v2\/media?parent=136301"}],"wp:term":[{"taxonomy":"category","embeddable":true,"href":"https:\/\/www.europesays.com\/no\/wp-json\/wp\/v2\/categories?post=136301"},{"taxonomy":"post_tag","embeddable":true,"href":"https:\/\/www.europesays.com\/no\/wp-json\/wp\/v2\/tags?post=136301"}],"curies":[{"name":"wp","href":"https:\/\/api.w.org\/{rel}","templated":true}]}}