{"id":136310,"date":"2026-01-13T21:41:31","date_gmt":"2026-01-13T21:41:31","guid":{"rendered":"https:\/\/www.europesays.com\/no\/136310\/"},"modified":"2026-01-13T21:41:31","modified_gmt":"2026-01-13T21:41:31","slug":"tar-over-dnb-i-trondheim-et-privilegium","status":"publish","type":"post","link":"https:\/\/www.europesays.com\/no\/136310\/","title":{"rendered":"Tar over DNB i Trondheim: &#8211; Et privilegium"},"content":{"rendered":"<p data-testid=\"textWithMarkup-text\" data-v-81d7dc2b=\"\" data-v-62d58f52=\"\">Etter snart ti \u00e5r som finanshusleder for DNB i Trondheim blir det nye oppgaver for Rigmor Br\u00e5then. Hun fortsetter imidlertid i samme virksomhet og blir banksjef for bedriftsmarkedet, opplyser DNB i en pressemelding. <\/p>\n<p data-testid=\"textWithMarkup-text\" data-v-81d7dc2b=\"\" data-v-62d58f52=\"\">Han er regionleder for private Banking i region Midt-Nord, og har lang fartstid b\u00e5de fra DNB og Nordea, samt at han har drevet eget finansforetak i Oslo f\u00f8r dette.<\/p>\n<p data-testid=\"textWithMarkup-text\" data-v-81d7dc2b=\"\" data-v-62d58f52=\"\">\u2013 Det er et stort privilegium \u00e5 bli finanshusleder i Trondheim. Alle DNBs forretningsomr\u00e5der er representert i byen, og vi har en stor bredde i fagomr\u00e5dene vi tilbyr kundene \u2013 kort sagt et ekte finanshus med alt under samme tak, sier Dahl selv.<\/p>\n<p>Private banking<\/p>\n<p data-testid=\"textWithMarkup-text\" data-v-81d7dc2b=\"\" data-v-62d58f52=\"\">Dahl fortsetter samtidig som leder for private Banking og tar med seg gode erfaringer fra dette arbeidet.<\/p>\n<p data-testid=\"textWithMarkup-text\" data-v-81d7dc2b=\"\" data-v-62d58f52=\"\">\u2013 Vi har utrolig mange dyktige folk i n\u00e6ringslivet og spennende tr\u00f8nderske bedrifter som skaper verdier for samfunnet. Jeg gleder meg til \u00e5 ta fatt p\u00e5 den nye rollen, og bist\u00e5 kundene v\u00e5re med relevante tjenester og r\u00e5dgivning i et marked som er i hurtig endring, sier den nye finanshuslederen.<\/p>\n<p>\u2013 Stolt<\/p>\n<p data-testid=\"textWithMarkup-text\" data-v-81d7dc2b=\"\" data-v-62d58f52=\"\">Rigmor Br\u00e5then er forn\u00f8yd med etterf\u00f8lgeren.\u00a0<\/p>\n<p data-testid=\"textWithMarkup-text\" data-v-81d7dc2b=\"\" data-v-62d58f52=\"\">\u2013 Kaare er en kunnskapsrik person med mange gode relasjoner som kjenner byen godt. Hans innsats i Private Banking og den veksten de har hatt p\u00e5 hans omr\u00e5de er imponerende. \u00a0Det er derfor fint \u00e5 kunne gi stafettpinnen videre til ham. Vi har mye \u00e5 v\u00e6re stolte av i Trondheim, og jeg gleder meg til at Kaare bygger videre p\u00e5 det, sier Rigmor.<\/p>\n<p data-testid=\"textWithMarkup-text\" data-v-81d7dc2b=\"\" data-v-62d58f52=\"\">Rigmor Br\u00e5then begynte som finanshusleder i DNB i 2016. Hun ser frem til \u00e5 fortsette som banksjef for bedriftsmarkedet.<\/p>\n<p data-testid=\"textWithMarkup-text\" data-v-81d7dc2b=\"\" data-v-62d58f52=\"\">\u2013 Jeg har hatt snart ti begivenhetsrike \u00e5r, og p\u00e5 veien har vi fulgt kundene v\u00e5re gjennom store omstillinger i samfunnet. DNB Trondheim har ogs\u00e5 vokst betydelig, vi har tatt markedsandeler p\u00e5 n\u00e6ringsliv og ogs\u00e5 hatt god vekst p\u00e5 privatmarkedet. \u00a0For meg har det v\u00e6rt viktig at vi oppleves som en bank som heier p\u00e5 det som skjer i Trondheim. N\u00e5 gleder jeg meg til fortsatt \u00e5 f\u00f8lge n\u00e6ringslivet i Tr\u00f8ndelag tett som banksjef for bedriftsmarkedet,\u00a0uttaler Rigmor.<\/p>\n","protected":false},"excerpt":{"rendered":"Etter snart ti \u00e5r som finanshusleder for DNB i Trondheim blir det nye oppgaver for Rigmor Br\u00e5then. Hun&hellip;\n","protected":false},"author":2,"featured_media":136311,"comment_status":"","ping_status":"","sticky":false,"template":"","format":"standard","meta":{"footnotes":""},"categories":[56],"tags":[60,61,62,30,28,29],"class_list":{"0":"post-136310","1":"post","2":"type-post","3":"status-publish","4":"format-standard","5":"has-post-thumbnail","7":"category-naeringsliv","8":"tag-business","9":"tag-economy","10":"tag-naeringsliv","11":"tag-no","12":"tag-norge","13":"tag-norway"},"share_on_mastodon":{"url":"https:\/\/pubeurope.com\/@no\/115889968624844777","error":""},"_links":{"self":[{"href":"https:\/\/www.europesays.com\/no\/wp-json\/wp\/v2\/posts\/136310","targetHints":{"allow":["GET"]}}],"collection":[{"href":"https:\/\/www.europesays.com\/no\/wp-json\/wp\/v2\/posts"}],"about":[{"href":"https:\/\/www.europesays.com\/no\/wp-json\/wp\/v2\/types\/post"}],"author":[{"embeddable":true,"href":"https:\/\/www.europesays.com\/no\/wp-json\/wp\/v2\/users\/2"}],"replies":[{"embeddable":true,"href":"https:\/\/www.europesays.com\/no\/wp-json\/wp\/v2\/comments?post=136310"}],"version-history":[{"count":0,"href":"https:\/\/www.europesays.com\/no\/wp-json\/wp\/v2\/posts\/136310\/revisions"}],"wp:featuredmedia":[{"embeddable":true,"href":"https:\/\/www.europesays.com\/no\/wp-json\/wp\/v2\/media\/136311"}],"wp:attachment":[{"href":"https:\/\/www.europesays.com\/no\/wp-json\/wp\/v2\/media?parent=136310"}],"wp:term":[{"taxonomy":"category","embeddable":true,"href":"https:\/\/www.europesays.com\/no\/wp-json\/wp\/v2\/categories?post=136310"},{"taxonomy":"post_tag","embeddable":true,"href":"https:\/\/www.europesays.com\/no\/wp-json\/wp\/v2\/tags?post=136310"}],"curies":[{"name":"wp","href":"https:\/\/api.w.org\/{rel}","templated":true}]}}