{"id":136312,"date":"2026-01-13T21:42:06","date_gmt":"2026-01-13T21:42:06","guid":{"rendered":"https:\/\/www.europesays.com\/no\/136312\/"},"modified":"2026-01-13T21:42:06","modified_gmt":"2026-01-13T21:42:06","slug":"financial-times-krigserklaering","status":"publish","type":"post","link":"https:\/\/www.europesays.com\/no\/136312\/","title":{"rendered":"Financial Times: \u2013 Krigserkl\u00e6ring"},"content":{"rendered":"<p>    Selv etter sjokkene det siste \u00e5ret er dette et alvorlig \u00f8yeblikk, skriver Financial Times.<\/p>\n<p>\n        FEIDE: USAs sentralbanksjef Jay Powell (t.h.) trues med straffeforf\u00f8lgelse. Dette er et dumdristig angrep og en krigserkl\u00e6ring mot Federal Reserve fra Donald Trump, skriver Financial Times.<br \/>\n        NTB\n    <\/p>\n<p class=\"italic m-italic\" data-lab-italic=\"italic\"><a href=\"https:\/\/www.finansavisen.no\/samfunn\/2026\/01\/13\/8320273\/financial-times-krigserklaering-mot-fed-fra-donald-trump\" target=\"_blank\" rel=\"nofollow noopener\">Denne artikkelen<\/a>\u00a0ble f\u00f8rst publisert av <a href=\"https:\/\/www.finansavisen.no\" target=\"_blank\" rel=\"nofollow noopener\">Finansavisen.no<\/a><\/p>\n<p>Dette skriver utenlandske aviser p\u00e5 lederplass<\/p>\n<p><a href=\"https:\/\/www.ft.com\/content\/fefa9450-08ac-41da-8524-42b6ddfc2c85\" target=\"_blank\" rel=\"nofollow noopener\">Financial Times<\/a><\/p>\n<p>USAs sentralbanksjef Jay Powell trues med straffeforf\u00f8lgelse. Dette er et dumdristig angrep og en krigserkl\u00e6ring mot Federal Reserve fra Donald Trump. Uavhengigheten til USAs sentralbank er et avgj\u00f8rende anker for det globale finanssystemet. Selv etter sjokkene det siste \u00e5ret er dette et alvorlig \u00f8yeblikk.<\/p>\n<p>I m\u00e5nedsvis har Fed-sjef Jay Powell holdt hodet kaldt og fortsatt arbeidet sitt, til tross for intense provokasjoner fra Donald Trump for \u00e5 f\u00e5 kuttet rentene raskere.\u00a0<\/p>\n<p>S\u00f8ndag innledet amerikanske p\u00e5talemyndigheter en strafferettslig etterforskning av sentralbanksjefen i Federal Reserve knyttet til en oppussing av bankens hovedkvarter til 2,5 milliarder dollar.\u00a0<\/p>\n<p>Etter det rettet Powell endelig en direkte anklage mot USAs president. Trusselen om straffeforf\u00f8lgelse mot ham, sa han, handlet i bunn og grunn om hvorvidt Fed fortsatt kan fastsette renter basert p\u00e5 bevis, eller p\u00e5 politisk press eller intimidering.\u00a0<\/p>\n<p>Det er mulig at p\u00e5talemyndighetene har funnet uoverensstemmelser i byggekostnadene.\u00a0<\/p>\n<p>Men inntil noe annet blir bevist, vil store deler av USAs finansielle og politiske establishment anta at Det hvite hus bruker rettsvesen og p\u00e5talemyndighet til \u00e5 undergrave Feds uavhengighet.<\/p>\n<p>Selv etter sjokkene det siste \u00e5ret og Trumps gjentatte trakassering av Fed, er dette et alvorlig \u00f8yeblikk.\u00a0<\/p>\n<p>Powell, som enhver sentralbanksjef, kan kritiseres for \u00e5 ha tatt feil i enkelte pengepolitiske beslutninger. Men det rettferdiggj\u00f8r ikke at USAs president tar i bruk autorit\u00e6re metoder ved \u00e5 gj\u00f8re strafferettssystemet til et politisk v\u00e5pen.\u00a0<\/p>\n<p>Feds uavhengighet er ikke bare en avgj\u00f8rende b\u00e6rebjelke i USAs \u00f8konomiske styring, men et anker for hele det globale finansielle systemet.<\/p>\n<p><a href=\"https:\/\/www.wsj.com\/opinion\/jerome-powell-subpoena-federal-reserve-department-of-justice-donald-trump-bill-pulte-jeanine-pirro-b6913599?mod=opinion_lead_pos1\" target=\"_blank\" rel=\"nofollow noopener\">The Wall Street Journal<\/a><\/p>\n<p>Amerikanerne valgte Donald Trump for \u00e5 f\u00e5 ned inflasjonen. Han og republikanerne har ti m\u00e5neder p\u00e5 seg f\u00f8r valget til \u00e5 vise resultater. \u00c5 starte krig med b\u00e5de Fed og obligasjonsmarkedet er en selvdestruktiv fiasko og et grunnkurs i juridisk krigf\u00f8ring for nybegynnere.<\/p>\n<p><a href=\"https:\/\/www.welt.de\/debatte\/plus6964b1e013c828c66af68704\/antisemitismus-in-der-afd-die-wahrheit-ueber-den-untergang-der-titanic.html\" target=\"_blank\" rel=\"nofollow noopener\">Die Welt<\/a><\/p>\n<p>Natten mellom 14. og 15. april 1912 kolliderte luksusdamperen Titanic p\u00e5 sin jomfrutur med et isfjell. N\u00e5 hevder parlamentarikeren Manuel Krauthausen fra Alternativ for Tyskland at j\u00f8dene st\u00e5r bak. Det gjenspeiler et forstyrret blikk p\u00e5 verden, dominert av \u00e9n tanke.<\/p>\n<p><a href=\"https:\/\/www.di.se\/ledare\/fed-braket-bor-aven-oroa-i-sverige\/\" target=\"_blank\" rel=\"nofollow noopener\">Dagens Industri<\/a><\/p>\n<p>Den langvarige konflikten mellom Det hvite hus og landets uavhengige sentralbank har tatt en ny og ubehagelig vending. Skadene dette kan p\u00e5f\u00f8re USA, og kanskje hele verdens\u00f8konomien, b\u00f8r ikke undervurderes. Hvis renten skrus ned til for eksempel 2 prosent, hva skjer da med inflasjonen?<\/p>\n","protected":false},"excerpt":{"rendered":"Selv etter sjokkene det siste \u00e5ret er dette et alvorlig \u00f8yeblikk, skriver Financial Times. FEIDE: USAs sentralbanksjef Jay&hellip;\n","protected":false},"author":2,"featured_media":136313,"comment_status":"","ping_status":"","sticky":false,"template":"","format":"standard","meta":{"footnotes":""},"categories":[12],"tags":[20,21,24,25,15,22,23,13,30,28,29,14,16,26,27,42,43,44,45],"class_list":{"0":"post-136312","1":"post","2":"type-post","3":"status-publish","4":"format-standard","5":"has-post-thumbnail","7":"category-verden","8":"tag-breaking-news","9":"tag-breakingnews","10":"tag-featured-news","11":"tag-featurednews","12":"tag-headlines","13":"tag-latest-news","14":"tag-latestnews","15":"tag-news","16":"tag-no","17":"tag-norge","18":"tag-norway","19":"tag-nyheter","20":"tag-overskrifter","21":"tag-top-stories","22":"tag-topstories","23":"tag-verden","24":"tag-world","25":"tag-world-news","26":"tag-worldnews"},"share_on_mastodon":{"url":"https:\/\/pubeurope.com\/@no\/115889972459036427","error":""},"_links":{"self":[{"href":"https:\/\/www.europesays.com\/no\/wp-json\/wp\/v2\/posts\/136312","targetHints":{"allow":["GET"]}}],"collection":[{"href":"https:\/\/www.europesays.com\/no\/wp-json\/wp\/v2\/posts"}],"about":[{"href":"https:\/\/www.europesays.com\/no\/wp-json\/wp\/v2\/types\/post"}],"author":[{"embeddable":true,"href":"https:\/\/www.europesays.com\/no\/wp-json\/wp\/v2\/users\/2"}],"replies":[{"embeddable":true,"href":"https:\/\/www.europesays.com\/no\/wp-json\/wp\/v2\/comments?post=136312"}],"version-history":[{"count":0,"href":"https:\/\/www.europesays.com\/no\/wp-json\/wp\/v2\/posts\/136312\/revisions"}],"wp:featuredmedia":[{"embeddable":true,"href":"https:\/\/www.europesays.com\/no\/wp-json\/wp\/v2\/media\/136313"}],"wp:attachment":[{"href":"https:\/\/www.europesays.com\/no\/wp-json\/wp\/v2\/media?parent=136312"}],"wp:term":[{"taxonomy":"category","embeddable":true,"href":"https:\/\/www.europesays.com\/no\/wp-json\/wp\/v2\/categories?post=136312"},{"taxonomy":"post_tag","embeddable":true,"href":"https:\/\/www.europesays.com\/no\/wp-json\/wp\/v2\/tags?post=136312"}],"curies":[{"name":"wp","href":"https:\/\/api.w.org\/{rel}","templated":true}]}}