{"id":136316,"date":"2026-01-13T21:44:09","date_gmt":"2026-01-13T21:44:09","guid":{"rendered":"https:\/\/www.europesays.com\/no\/136316\/"},"modified":"2026-01-13T21:44:09","modified_gmt":"2026-01-13T21:44:09","slug":"okt-uro-over-hoye-matvarepriser","status":"publish","type":"post","link":"https:\/\/www.europesays.com\/no\/136316\/","title":{"rendered":"\u00d8kt uro over h\u00f8ye matvarepriser"},"content":{"rendered":"<p class=\"kicker bg-blue color_mobile_bg-blue hasTextPadding mobile-hasTextPadding\" style=\"\">\u00d8konomi<\/p>\n<p>    Flere nordmenn uttrykker \u00f8kt bekymring rundt matvareprisene.<\/p>\n<p>\n    Oslo 20240926.<br \/>\nMagne Gundersen er forbruker\u00f8konom i SpareBank 1 og ekspert i TV3-programmet Luksusfellen.<br \/>\nFoto: Ole Berg-Rusten \/ NTB\n  <\/p>\n<p>    Kort fortalt<\/p>\n<p lang=\"nb-NO\">Konsumprisindeksen steg med 3,2 % i desember 2025, hovedsakelig p\u00e5 grunn av \u00f8kte matvarepriser.<\/p>\n<p lang=\"nb-NO\">Nordmenn er mest bekymret for matprisene, med 46 % som uttrykker uro if\u00f8lge en unders\u00f8kelse fra SpareBank 1.<\/p>\n<p lang=\"nb-NO\">Forbruker\u00f8konom Magne Gundersen gir r\u00e5d om \u00e5 sjekke kilo- og literpriser, handle ukentlig, og bli medlem av kundeklubber for \u00e5 spare penger.<\/p>\n<p lang=\"nb-NO\">Bekymringen for str\u00f8mpriser har derimot falt, med flere som velger statens fastprisavtale, noe som har spart mange for betydelige bel\u00f8p.<\/p>\n<p class=\"italic ai-disclaimer\" data-lab-italic=\"italic\">Sammendraget er laget av ChatGPT og godkjent av DinSide.<\/p>\n<p>      Vis mer<br \/>\n      Vis mindre<\/p>\n<p>Ferske tall fra SSB viser at konsumprisindeksen var 3,2 prosent h\u00f8yere i desember 2025 enn desember \u00e5ret f\u00f8r, der en \u00abbetydelig prisvekst\u00bb p\u00e5 mat bidrar sterkt til \u00e5 trekke opp KPI-veksten.<\/p>\n<p>&#8211;\u00a0Vi er vant til \u00e5 se at matvareprisene faller fra november til desember som f\u00f8lge av diverse tilbud og kampanjer p\u00e5 julevarer. Dette s\u00e5 vi i \u00e5r ogs\u00e5. Vi s\u00e5 imidlertid at prisene falt mindre i 2025 enn \u00e5ret f\u00f8r, uttalte Espen Kristiansen, seksjonssjef i Statistisk sentralbyr\u00e5, i forbindelse med\u00a0<a href=\"https:\/\/www.ssb.no\/priser-og-prisindekser\/konsumpriser\/statistikk\/konsumprisindeksen\/artikler\/noe-%C3%B8kt-prisvekst-i-desember\" rel=\"nofollow noopener\" target=\"_blank\">framlegging av tallene<\/a>. <\/p>\n<p>&#8211; Dette trakk tolvm\u00e5nedersveksten for b\u00e5de matprisene og KPI opp, la han til.<\/p>\n<p>        SPARETIPS: Linda Wedding Reitan deler videoer p\u00e5 Tiktok og Instagram om hvordan man kan spare mest p\u00e5 mathandelen. Video: Agusta Magnusdottir. Foto: Lars Eivind Bones \/ Dagbladet<\/p>\n<p>Mest uro\t<\/p>\n<p>De \u00f8kte matvareprisene er ogs\u00e5 det nordmenn frykter mest i sin privat\u00f8konomi dette \u00e5ret. Det viser en sp\u00f8rreunders\u00f8kelse utf\u00f8rt av Respons Analyse p\u00e5 oppdrag fra SpareBank 1.<\/p>\n<p>Hele 46 prosent av de spurte sier at de er bekymret over \u00f8kte matpriser. Det tilsvarer rundt to millioner personer.<\/p>\n<p>Forbruker\u00f8konom i SpareBank 1, Magne Gundersen, forteller til DinSide at nordmenn har v\u00e6rt bekymret for \u00f8kte matvarepriser i lang tid, og at det n\u00e5 er den st\u00f8rste bekymringen.<\/p>\n<p>&#8211; Vi ser en \u00f8kende uro for matpriser, og det er det all grunn til, ettersom prisene stiger ganske mye. Faktisk betydelig mer enn den generelle prisstigningen. Det folk merker mest, er prisene p\u00e5 mat,\u00a0sier han.<\/p>\n<p>        Tips oss<\/p>\n<p class=\"subtitle\">Har du innspill til saker om dagligvarepriser, sparing eller skatt? Send oss et tips! \ud83d\udcb0<\/p>\n<p>For i tillegg til bo- og leieutgifter, er matvarer en ganske stor utgiftspost i folks hverdag.<\/p>\n<p>&#8211; Men det er absolutt penger \u00e5 spare, forteller Gundersen.<\/p>\n<p>Enkle sparer\u00e5d\t<\/p>\n<p>Han skryter blant annet av nordmenn som er blitt flinke til \u00e5 sjekke kilo- og literprisene.<\/p>\n<p>&#8211; Sjekk alltid den prisen, for den sier hvor mye mat eller drikke du f\u00e5r for pengene. Kjedens egne merkevarer har ofte lavere kilopriser, men det er ikke alltid.<\/p>\n<p>    <a itemprop=\"url\" href=\"https:\/\/dinside.dagbladet.no\/okonomi\/nye-skatteregler-betydelige-belop\/84035702\" rel=\"nofollow noopener\" target=\"_blank\"><\/p>\n<p>        <img loading=\"lazy\" decoding=\"async\" src=\"https:\/\/www.europesays.com\/no\/wp-content\/uploads\/2026\/01\/84040859.webp.webp\" width=\"980\" height=\"441\" title=\"Nye skatteregler: - Betydelige bel\u00f8p\" alt=\"\" class=\"lazyload\" style=\"--aspect-ratio-image: 2.22; \"\/><\/p>\n<p>        Nye skatteregler: &#8211; Betydelige bel\u00f8p<\/p>\n<p>    <\/a><\/p>\n<p>Gundersen anbefaler ogs\u00e5 \u00e5 gj\u00f8re det til en vane \u00e5 g\u00e5 innom datohyllene.<\/p>\n<p>&#8211; Plutselig er det 40-50 prosent avslag p\u00e5 varer du pleier \u00e5 bruke. De har kanskje best f\u00f8r-dato om et par dager, men er helt greit \u00e5 ta med seg.<\/p>\n<p>        <img loading=\"lazy\" decoding=\"async\" itemprop=\"image\" src=\"https:\/\/www.europesays.com\/no\/wp-content\/uploads\/2026\/01\/84092980.webp.webp\" width=\"180\" height=\"180\" alt=\"&lt;br&gt;Magne Gundersen\"\/><\/p>\n<p>Magne Gundersen<br \/>\n            <br \/>Magne<br \/>\n            Gundersen        <\/p>\n<p>Forbruker\u00f8konom i SpareBank 1<\/p>\n<p>Et annet tips som ofte g\u00e5r igjen, er \u00e5 ukeshandle. Det er forbruk\u00f8konomen stor tilhenger av.<\/p>\n<p>&#8211; Her er det flere fordeler. F\u00f8rst og fremst at du g\u00e5r gjennom skap og skuffer og ser hva du trenger \u00e5 kj\u00f8pe, og da ser du faktisk hva du har og kaster f\u00e6rre varer. Du g\u00e5r ogs\u00e5 sjeldnere i butikken, og f\u00e6rre bes\u00f8k gj\u00f8r at du kj\u00f8per mindre. Flere butikkturer gj\u00f8r at du kj\u00f8per mat du ikke trenger, og da forsvinner pengene.<\/p>\n<p>En annen ting Gundersen er veldig for, er \u00e5 v\u00e6re medlem av kjedenes kundeklubber. Som han tidligere har <a href=\"https:\/\/dinside.dagbladet.no\/okonomi\/slik-blir-handleturen-billigere\/81823507\" rel=\"nofollow noopener\" target=\"_blank\">avsl\u00f8rt til DinSide, er han medlem i samtlige<\/a>.<\/p>\n<p>&#8211; Det er ofte gode rabatter p\u00e5 frukt og gr\u00f8nt, og s\u00e5 er det diverse bonuser her og der. Er du ikke medlem, s\u00e5 betaler du for naboens rabatter, s\u00e5 min anbefaling er \u00e5 bli medlem.<\/p>\n<p>    <a itemprop=\"url\" href=\"https:\/\/dinside.dagbladet.no\/okonomi\/klar-oppfordring-rydd-opp\/84060108\" rel=\"nofollow noopener\" target=\"_blank\"><\/p>\n<p>        <img loading=\"lazy\" decoding=\"async\" src=\"https:\/\/www.europesays.com\/no\/wp-content\/uploads\/2026\/01\/84046499.webp.webp\" width=\"980\" height=\"441\" title=\"- Rydd opp\" alt=\"\" class=\"lazyload\" style=\"--aspect-ratio-image: 2.22; \"\/><\/p>\n<p>        &#8211; Rydd opp<\/p>\n<p>    <\/a><\/p>\n<p>F\u00e6rre er bekymret for str\u00f8mprisen\t<\/p>\n<p>Mens nordmenns bekymring for matvareprisene \u00f8ker, faller uroen rundt str\u00f8mpriser. I unders\u00f8kelsen sier 24 prosent av de spurte at de frykter \u00f8kte str\u00f8mpriser &#8211; det er en nedgang fra 38 prosent \u00e5ret tidligere.<\/p>\n<p>Det er Gundersen glad for.<\/p>\n<p>&#8211; Nedgangen er ganske betydelig, og det ser ut som at mange har skj\u00f8nt det med Norgespris. Du vet hva str\u00f8mmen koster.<\/p>\n<p>For forbruker\u00f8konomen legger ikke skjul p\u00e5 at han er tilhenger av statens fastprisavtale.<\/p>\n<p>&#8211; Det er helt klart \u00e5 anbefale. Vi er mange som har gitt r\u00e5d og anbefalt Norgespris, men jeg trodde at enda flere hadde f\u00e5tt det med seg.<\/p>\n<p>    Fakta om Norgespris<\/p>\n<p>Norgespris er en frivillig statlig ordning som gir private husholdninger (inkludert fritidsboliger) mulighet til \u00e5 betale en fast str\u00f8mpris p\u00e5 0,50 kr\/kWh (inkl. mva) for forbruk opp til en viss grense.<\/p>\n<ul>\n<li>\n<p>Gjelder fra og med 1. oktober 2025.<\/p>\n<\/li>\n<li>\n<p>Bindingstid til 31. desember 2026.<\/p>\n<\/li>\n<li>\n<p>Maks forbruk per m\u00e5ned: 5 000 kWh. for bolig, og 1 000 kWh. for fritidsbolig.<\/p>\n<\/li>\n<li>\n<p>Du m\u00e5 aktivt bestille denne ordningen via Elhub eller ditt nettselskap &#8211; den skjer ikke automatisk.<\/p>\n<\/li>\n<li>\n<p>Hvis du ikke velger Norgespris, beholder du den eksisterende st\u00f8tteordningen for h\u00f8ye str\u00f8mpriser (str\u00f8mst\u00f8tte).\u00a0<\/p>\n<\/li>\n<li>\n<p>Selv om du betaler fast pris per kWh, m\u00e5 du fortsatt betale nettleie, avgifter og eventuelt andre tilleggspriser hos str\u00f8mleverand\u00f8ren.<\/p>\n<\/li>\n<\/ul>\n<p>Form\u00e5let med ordningen er \u00e5 gi forutsigbare og stabile str\u00f8mpriser for husholdninger, slik at man ikke f\u00e5r kraftige pris\u00f8kninger ved h\u00f8y spotpris.<\/p>\n<p>Om det er l\u00f8nnsomt for deg vil avhenge av hvor du bor (hvilken prisregion), ditt forbruk og hva spotprisen ellers blir.<\/p>\n<p>Kilder: <a href=\"https:\/\/www.nve.no\/reguleringsmyndigheten\/kunde\/stroem\/dette-er-norgespris\/?utm_source=chatgpt.com\" target=\"_blank\" rel=\"nofollow noopener\">NVE<\/a> og <a href=\"https:\/\/elhub.no\/stromkunde\/norgespris?utm_source=chatgpt.com\" target=\"_blank\" rel=\"nofollow noopener\">Elhub<\/a><\/p>\n<p>      Vis mer<br \/>\n      Vis mindre<\/p>\n<p>Tall fra str\u00f8mportalen\u00a0<a href=\"https:\/\/www.strompriser.no\/\" rel=\"nofollow noopener\" target=\"_blank\">strompriser.no<\/a>\u00a0viser at 70 prosent i S\u00f8r-Norge, som har landets h\u00f8yeste priser, har valgt Norgespris.<\/p>\n<p>I S\u00f8r\u00f8st-Norge og Vest-Norge, som ogs\u00e5 har opplevd h\u00f8yere str\u00f8mpriser de siste \u00e5ra, er det rundt 55 prosent som har valgt fastprisavtalen.<\/p>\n<p>&#8211; Bare i h\u00f8st har disse spart over tusen kroner i str\u00f8mutgifter, og det er et veldig smart trekk.<\/p>\n<p>    Om unders\u00f8kelsen<\/p>\n<p>Hva frykter du mest i din privat\u00f8konomi i 2026?\u00a0<\/p>\n<p>Det er mange forhold og hendelser som kan sl\u00e5 ut negativt i privat\u00f8konomien. Det som flest oppgir at de frykter\u00a0i sin privat\u00f8konomi\u00a0i 2026\u00a0er (fjor\u00e5rets tall i parentes):\u00a0<\/p>\n<ul class=\"italic m-italic\" data-lab-italic=\"italic\">\n<li>46\u00a0%\u00a0(43\u00a0%)\u00a0&#8211;\u00a0\u00d8kte matpriser<\/li>\n<li>38\u00a0%\u00a0(38\u00a0%)\u00a0&#8211;\u00a0Uforutsette utgifter\u00a0<\/li>\n<li>28 % (IM) \u2013 Geopolitisk uro\u00a0<\/li>\n<li>25\u00a0%\u00a0(23\u00a0%)\u00a0&#8211;\u00a0Skatte- og avgifts\u00f8kninger\u00a0<\/li>\n<li>24%\u00a0(18\u00a0%)\u00a0\u2013\u00a0Sykdom\/uf\u00f8rhet\u00a0<\/li>\n<li>24\u00a0% (38\u00a0%) &#8211; \u00d8kte str\u00f8mpriser<\/li>\n<\/ul>\n<p class=\"italic m-italic\" data-lab-italic=\"italic\"> Om unders\u00f8kelsen:\u00a0Den elektroniske sp\u00f8rreunders\u00f8kelsen er gjennomf\u00f8rt av Respons Analyse i perioden\u00a011.-16. desember 2025\u00a0med et landsrepresentativt utvalg p\u00e5 1000\u00a0personer over 18 \u00e5r. <\/p>\n<p>      Vis mer<br \/>\n      Vis mindre<\/p>\n","protected":false},"excerpt":{"rendered":"\u00d8konomi Flere nordmenn uttrykker \u00f8kt bekymring rundt matvareprisene. Oslo 20240926. Magne Gundersen er forbruker\u00f8konom i SpareBank 1 og&hellip;\n","protected":false},"author":2,"featured_media":136317,"comment_status":"","ping_status":"","sticky":false,"template":"","format":"standard","meta":{"footnotes":""},"categories":[5],"tags":[20,21,24,25,15,19,22,23,17,18,737,1229,13,30,28,29,14,16,572,26,27],"class_list":{"0":"post-136316","1":"post","2":"type-post","3":"status-publish","4":"format-standard","5":"has-post-thumbnail","7":"category-overskrifter","8":"tag-breaking-news","9":"tag-breakingnews","10":"tag-featured-news","11":"tag-featurednews","12":"tag-headlines","13":"tag-hovedoppslag","14":"tag-latest-news","15":"tag-latestnews","16":"tag-main-news","17":"tag-mainnews","18":"tag-mat","19":"tag-matpriser","20":"tag-news","21":"tag-no","22":"tag-norge","23":"tag-norway","24":"tag-nyheter","25":"tag-overskrifter","26":"tag-okonomi","27":"tag-top-stories","28":"tag-topstories"},"share_on_mastodon":{"url":"https:\/\/pubeurope.com\/@no\/115889980353413169","error":""},"_links":{"self":[{"href":"https:\/\/www.europesays.com\/no\/wp-json\/wp\/v2\/posts\/136316","targetHints":{"allow":["GET"]}}],"collection":[{"href":"https:\/\/www.europesays.com\/no\/wp-json\/wp\/v2\/posts"}],"about":[{"href":"https:\/\/www.europesays.com\/no\/wp-json\/wp\/v2\/types\/post"}],"author":[{"embeddable":true,"href":"https:\/\/www.europesays.com\/no\/wp-json\/wp\/v2\/users\/2"}],"replies":[{"embeddable":true,"href":"https:\/\/www.europesays.com\/no\/wp-json\/wp\/v2\/comments?post=136316"}],"version-history":[{"count":0,"href":"https:\/\/www.europesays.com\/no\/wp-json\/wp\/v2\/posts\/136316\/revisions"}],"wp:featuredmedia":[{"embeddable":true,"href":"https:\/\/www.europesays.com\/no\/wp-json\/wp\/v2\/media\/136317"}],"wp:attachment":[{"href":"https:\/\/www.europesays.com\/no\/wp-json\/wp\/v2\/media?parent=136316"}],"wp:term":[{"taxonomy":"category","embeddable":true,"href":"https:\/\/www.europesays.com\/no\/wp-json\/wp\/v2\/categories?post=136316"},{"taxonomy":"post_tag","embeddable":true,"href":"https:\/\/www.europesays.com\/no\/wp-json\/wp\/v2\/tags?post=136316"}],"curies":[{"name":"wp","href":"https:\/\/api.w.org\/{rel}","templated":true}]}}