{"id":136322,"date":"2026-01-13T21:53:11","date_gmt":"2026-01-13T21:53:11","guid":{"rendered":"https:\/\/www.europesays.com\/no\/136322\/"},"modified":"2026-01-13T21:53:11","modified_gmt":"2026-01-13T21:53:11","slug":"iran-usa-amerikanske-myndigheter-forlat-iran-na","status":"publish","type":"post","link":"https:\/\/www.europesays.com\/no\/136322\/","title":{"rendered":"Iran, USA | Amerikanske myndigheter: \u2013 Forlat Iran n\u00e5"},"content":{"rendered":"\n<p>De som ikke kan flykte bes om \u00e5 finne et trygt sted og fylle opp lagrene med mat, vann, medisin og andre n\u00f8dvendighetsartikler.<\/p>\n<p>Amerikanske myndigheter oppfordrer alle amerikanske borgere som befinner seg i Iran til \u00e5 forlate landet, eller planlegge en utreise, uten \u00e5 forvente hjelp fra myndighetene. <\/p>\n<p><b>Les ogs\u00e5: <a href=\"https:\/\/www.nettavisen.no\/ud-til-irans-ambassador-stans-volden\/s\/5-95-2823219\" rel=\"nofollow noopener\" target=\"_blank\">UD til Irans ambassad\u00f8r: \u2013 Stans volden<\/a><\/b><\/p>\n<p>Bes om \u00e5 holde en lav profil<\/p>\n<p>\u00abUnng\u00e5 demonstrasjoner, hold en lav profil og v\u00e6r oppmerksom p\u00e5 omgivelsene dine\u00bb, skriver det amerikanske utenriksdepartementet i en <a href=\"https:\/\/ir.usembassy.gov\/iran-security-alert-land-border-crossings-january-12-2026\/\" rel=\"Follow nofollow noopener\" target=\"_blank\">sikkerhetsmelding <\/a>tirsdag 13. januar. <\/p>\n<p>De advarer om at protestene over hele Iran eskalerer.<\/p>\n<p>\u00d8kte sikkerhetstiltak, vegstenginger, forstyrrelser i kollektivtrafikken og blokkering av internett p\u00e5g\u00e5r fortl\u00f8pende, samtidig som iranske myndigheter har begrenset tilgangen til mobilnett, fasttelefon og det nasjonale internettverket. <\/p>\n<p>Det forventes fortsatte brudd p\u00e5 internettforbindelsen fremover. Amerikanere i Iran bes derfor om \u00e5 bruke alternative kommunikasjonsm\u00e5ter. <\/p>\n<p>Flyselskapene i Iran begrenser og kansellerer stadig flere flyvninger inn og ut av landet.<\/p>\n<p>Amerikanske borgere bes om \u00e5 planlegge utreise p\u00e5 eget ansvar og dersom det vurderes som trygt \u2013 vurdere \u00e5 forlate Iran over land til Armenia eller Tyrkia.<\/p>\n<p>Amerikanske myndigheter har ingen diplomatiske eller konsul\u00e6re forbindelser med Den islamske republikken Iran. Den sveitsiske regjeringen fungerer som beskyttelsesmakt overfor amerikanske interesser i Iran gjennom sin ambassade i Teheran.<\/p>\n<p><b>Les ogs\u00e5: <a href=\"https:\/\/www.nettavisen.no\/nyheter\/trump-med-ny-iran-melding-hjelp-er-pa-vei\/s\/5-95-2823120\" rel=\"Follow nofollow noopener\" target=\"_blank\">Trump med ny Iran-melding: \u2013\u2060 Hjelp er p\u00e5 vei<\/a><\/b><\/p>\n<p>Rundt 50 nordmenn i Iran<\/p>\n<p>Om lag 50 norske statsborgere har gitt beskjed om at de oppholder seg i Iran, men tallet kan v\u00e6re h\u00f8yere, opplyser Utenriksdepartementet.<\/p>\n<p>\u2013 Siden det er frivillig \u00e5 registrere en utenlandsreise, har vi ikke fullstendig oversikt over hvor mange nordmenn som er i et bestemt land p\u00e5 et gitt tidspunkt, skriver seniorr\u00e5dgiver Mathias Rongved i en epost til <a rel=\"noopener nofollow\" href=\"https:\/\/www.abcnyheter.no\/nyheter\/utenriksdepartementet-rundt-50-nordmenn-befinner-seg-i-iran\/1373241\" target=\"_blank\">ABC Nyheter<\/a>.<\/p>\n<p>Utenriksdepartementet har frar\u00e5det alle reiser til Iran siden februar i fjor. Nordmenn som likevel reiser til Iran, har et stort ansvar for egen sikkerhet, p\u00e5peker UD.<\/p>\n<p><b>Les ogs\u00e5: <a href=\"https:\/\/www.nettavisen.no\/nyheter\/svensker-oppfordres-til-a-forlate-iran\/s\/5-95-2821393\" rel=\"Follow nofollow noopener\" target=\"_blank\">Svensker oppfordres til \u00e5 forlate Iran<\/a><\/b><\/p>\n<p>Svensker bes ogs\u00e5 om \u00e5 holde seg unna Iran<\/p>\n<p>Svensk UD har ogs\u00e5 oppfordret alle landets borgere til \u00e5 forlate Iran grunnet sikkerhetssituasjonen i landet.<\/p>\n<p>De frar\u00e5der ogs\u00e5 alle reiser til landet.<\/p>\n<p>Bakgrunnen er de omfattende protestene mot det iranske regimet som har rystet landet de siste ukene.<\/p>\n<p>If\u00f8lge Sveriges utenriksminister befinner det seg rundt 1500 svensker i Iran. Med telefoni og internett stengt ned, er det vanskelig \u00e5 n\u00e5 fram med informasjon begge veier.<\/p>\n<p><b>Les ogs\u00e5: <a href=\"https:\/\/www.nettavisen.no\/nyheter\/amerikansk-senator-tenner-sigarett-med-bilde-av-ali-khamenei\/s\/5-95-2820120\" rel=\"Follow nofollow noopener\" target=\"_blank\">Tenner sigarett med bilde av Irans \u00f8verste leder<\/a><\/b><\/p>\n<p>Ber iranere om \u00e5 fortsette med demonstrasjonene<\/p>\n<p>Over 2000 antas n\u00e5 \u00e5 ha mistet livet under demonstrasjoner i Iran, if\u00f8lge den USA-baserte menneskerettighetsorganisasjonen Human Rights Activists News Agency (HRANA).<\/p>\n<p>Mens d\u00f8dstallene stiger har USAs president Donald Trump kommet med en oppfordring til iranere om \u00e5 fortsette med demonstrasjonene og ta over institusjonene i landet.<\/p>\n<p>\u2013 Ta vare p\u00e5 navnene til morderne og mishandlerne. De vil betale en h\u00f8y pris.<\/p>\n<p>Det skriver Trump p\u00e5 hans egne sosiale medium, Truth Social tirsdag.<\/p>\n<p>\u2013 Iranske patrioter, fortsett \u00e5 protestere &#8211; ta over institusjonene!!!, skriver Trump i innlegget.<\/p>\n<p>Trump skriver ogs\u00e5 at han har kansellert alle m\u00f8ter med iranske representanter og at \u00abhjelpen kommer\u00bb.<\/p>\n<p><b>Les ogs\u00e5: <a href=\"https:\/\/www.nettavisen.no\/nyheter\/trump-om-kryptisk-iran-melding-ber-pressen-finne-ut-av-det-selv\/s\/5-95-2823345\" rel=\"Follow nofollow noopener\" target=\"_blank\">Trump nekter \u00e5 forklare Iran-melding: \u2013 Finn ut av det selv<\/a><\/b><\/p>\n","protected":false},"excerpt":{"rendered":"De som ikke kan flykte bes om \u00e5 finne et trygt sted og fylle opp lagrene med mat,&hellip;\n","protected":false},"author":2,"featured_media":136323,"comment_status":"","ping_status":"","sticky":false,"template":"","format":"standard","meta":{"footnotes":""},"categories":[12],"tags":[20,21,24,25,15,22,23,13,30,28,29,14,16,26,27,42,43,44,45],"class_list":{"0":"post-136322","1":"post","2":"type-post","3":"status-publish","4":"format-standard","5":"has-post-thumbnail","7":"category-verden","8":"tag-breaking-news","9":"tag-breakingnews","10":"tag-featured-news","11":"tag-featurednews","12":"tag-headlines","13":"tag-latest-news","14":"tag-latestnews","15":"tag-news","16":"tag-no","17":"tag-norge","18":"tag-norway","19":"tag-nyheter","20":"tag-overskrifter","21":"tag-top-stories","22":"tag-topstories","23":"tag-verden","24":"tag-world","25":"tag-world-news","26":"tag-worldnews"},"share_on_mastodon":{"url":"https:\/\/pubeurope.com\/@no\/115890015696805153","error":""},"_links":{"self":[{"href":"https:\/\/www.europesays.com\/no\/wp-json\/wp\/v2\/posts\/136322","targetHints":{"allow":["GET"]}}],"collection":[{"href":"https:\/\/www.europesays.com\/no\/wp-json\/wp\/v2\/posts"}],"about":[{"href":"https:\/\/www.europesays.com\/no\/wp-json\/wp\/v2\/types\/post"}],"author":[{"embeddable":true,"href":"https:\/\/www.europesays.com\/no\/wp-json\/wp\/v2\/users\/2"}],"replies":[{"embeddable":true,"href":"https:\/\/www.europesays.com\/no\/wp-json\/wp\/v2\/comments?post=136322"}],"version-history":[{"count":0,"href":"https:\/\/www.europesays.com\/no\/wp-json\/wp\/v2\/posts\/136322\/revisions"}],"wp:featuredmedia":[{"embeddable":true,"href":"https:\/\/www.europesays.com\/no\/wp-json\/wp\/v2\/media\/136323"}],"wp:attachment":[{"href":"https:\/\/www.europesays.com\/no\/wp-json\/wp\/v2\/media?parent=136322"}],"wp:term":[{"taxonomy":"category","embeddable":true,"href":"https:\/\/www.europesays.com\/no\/wp-json\/wp\/v2\/categories?post=136322"},{"taxonomy":"post_tag","embeddable":true,"href":"https:\/\/www.europesays.com\/no\/wp-json\/wp\/v2\/tags?post=136322"}],"curies":[{"name":"wp","href":"https:\/\/api.w.org\/{rel}","templated":true}]}}