{"id":136324,"date":"2026-01-13T21:54:07","date_gmt":"2026-01-13T21:54:07","guid":{"rendered":"https:\/\/www.europesays.com\/no\/136324\/"},"modified":"2026-01-13T21:54:07","modified_gmt":"2026-01-13T21:54:07","slug":"vaer-vind-na-blir-det-plussgrader-for-kulda-biter-tak-igjen-kan-bli-glatt","status":"publish","type":"post","link":"https:\/\/www.europesays.com\/no\/136324\/","title":{"rendered":"V\u00e6r, Vind | N\u00e5 blir det plussgrader \u2013 f\u00f8r kulda biter tak igjen: \u2013 Kan bli glatt"},"content":{"rendered":"\n<p><b>V\u00c6RET:<\/b> \u2013 Det er s\u00f8r\u00f8sten som st\u00e5r p\u00e5.<\/p>\n<p>Vakthavende meteorolog Siri Viberg forteller at det tirsdag kveld fortsatt bl\u00e5ser godt p\u00e5 Innherred, og at vinden vil holde seg i omr\u00e5det utover onsdagen.<\/p>\n<p>\u2013 Den kan v\u00e6re ganske sterk p\u00e5 utsatte steder.<\/p>\n<p>Samtidig som vinden l\u00f8yer, melder Viberg om noe nedb\u00f8r onsdag.<\/p>\n<p>\u2013 Det vil antakelig komme som sludd eller sn\u00f8. Det er ikke ventet store mengder. Nedb\u00f8ren gir seg tidlig torsdag morgen. Torsdag vil det igjen bli s\u00f8r, s\u00f8r\u00f8stlig vind som tar godt.<\/p>\n<p>Kaldt \u2013 mildt \u2013 kaldt<\/p>\n<p>If\u00f8lge meteorologen vil det inn mot helgen bli mildere i v\u00e6ret.<\/p>\n<p>\u2013 Det vil antakelig bli plussgrader, spesielt l\u00f8rdag, f\u00f8r det roer seg med vinden og gradene kryper nedover igjen.<\/p>\n<p><b>\u2013 Hvor kald vil det bli?<\/b><\/p>\n<p>\u2013 Et h\u00f8ytrykk n\u00e6rmer seg, s\u00e5 med lite skyer og vind er vi godt nede p\u00e5 minusgradene. Og blir det lite skyer kan vi absolutt g\u00e5 ned mot 20 minus igjen. Men f\u00e5r du litt trekk i vinden og ikke s\u00e5 klart v\u00e6r, Blir det ikke s\u00e5 kaldt. Per n\u00e5 er det antydet mellom et par til seks sju minusgrader. Likevel kan det fort bli kaldere enn det.<\/p>\n<p>Tirsdag kveld har ikke Viberg noen farevarsler \u00e5 melde om, men hun har en advarsel \u00e5 komme med:<\/p>\n<p>\u2013 N\u00e5 som det har v\u00e6rt kaldt, mildere luft er p\u00e5 tur inn, det blir plussgrader, det kommer sn\u00f8, det vil fryse p\u00e5 \u2013 da kan det bli glatt p\u00e5 veiene.<\/p>\n<p>  <a data-static=\"\" href=\"#skip-\" class=\"brick-c-fgNmNC\">Hopp over karusellen.<\/a><\/p>\n<p data-static=\"\" class=\"brick-c-fgNmNC\" id=\"carousel-title-\">Innholdskarusell med 5 artikler.<\/p>\n","protected":false},"excerpt":{"rendered":"V\u00c6RET: \u2013 Det er s\u00f8r\u00f8sten som st\u00e5r p\u00e5. Vakthavende meteorolog Siri Viberg forteller at det tirsdag kveld fortsatt&hellip;\n","protected":false},"author":2,"featured_media":136325,"comment_status":"","ping_status":"","sticky":false,"template":"","format":"standard","meta":{"footnotes":""},"categories":[10],"tags":[36,20,21,24,25,15,22,23,13,30,28,29,14,16,6527,1510,26,27,553,7585],"class_list":{"0":"post-136324","1":"post","2":"type-post","3":"status-publish","4":"format-standard","5":"has-post-thumbnail","7":"category-norge","8":"tag-art","9":"tag-breaking-news","10":"tag-breakingnews","11":"tag-featured-news","12":"tag-featurednews","13":"tag-headlines","14":"tag-latest-news","15":"tag-latestnews","16":"tag-news","17":"tag-no","18":"tag-norge","19":"tag-norway","20":"tag-nyheter","21":"tag-overskrifter","22":"tag-sno","23":"tag-story","24":"tag-top-stories","25":"tag-topstories","26":"tag-vaer","27":"tag-vind"},"share_on_mastodon":{"url":"https:\/\/pubeurope.com\/@no\/115890019630751104","error":""},"_links":{"self":[{"href":"https:\/\/www.europesays.com\/no\/wp-json\/wp\/v2\/posts\/136324","targetHints":{"allow":["GET"]}}],"collection":[{"href":"https:\/\/www.europesays.com\/no\/wp-json\/wp\/v2\/posts"}],"about":[{"href":"https:\/\/www.europesays.com\/no\/wp-json\/wp\/v2\/types\/post"}],"author":[{"embeddable":true,"href":"https:\/\/www.europesays.com\/no\/wp-json\/wp\/v2\/users\/2"}],"replies":[{"embeddable":true,"href":"https:\/\/www.europesays.com\/no\/wp-json\/wp\/v2\/comments?post=136324"}],"version-history":[{"count":0,"href":"https:\/\/www.europesays.com\/no\/wp-json\/wp\/v2\/posts\/136324\/revisions"}],"wp:featuredmedia":[{"embeddable":true,"href":"https:\/\/www.europesays.com\/no\/wp-json\/wp\/v2\/media\/136325"}],"wp:attachment":[{"href":"https:\/\/www.europesays.com\/no\/wp-json\/wp\/v2\/media?parent=136324"}],"wp:term":[{"taxonomy":"category","embeddable":true,"href":"https:\/\/www.europesays.com\/no\/wp-json\/wp\/v2\/categories?post=136324"},{"taxonomy":"post_tag","embeddable":true,"href":"https:\/\/www.europesays.com\/no\/wp-json\/wp\/v2\/tags?post=136324"}],"curies":[{"name":"wp","href":"https:\/\/api.w.org\/{rel}","templated":true}]}}