{"id":136326,"date":"2026-01-13T21:55:12","date_gmt":"2026-01-13T21:55:12","guid":{"rendered":"https:\/\/www.europesays.com\/no\/136326\/"},"modified":"2026-01-13T21:55:12","modified_gmt":"2026-01-13T21:55:12","slug":"mobilen-nodvarsling-onsdag-kommer-det-til-a-ule","status":"publish","type":"post","link":"https:\/\/www.europesays.com\/no\/136326\/","title":{"rendered":"Mobilen, N\u00f8dvarsling | Onsdag kommer det til \u00e5 ule"},"content":{"rendered":"\n<p>14. januar klokken 12 kommer det igjen til \u00e5 ule i tyfoner og mobiltelefoner over hele landet. Lydsignalet betyr \u00abViktig melding \u2013 s\u00f8k informasjon\u00bb, skriver Sivilforsvaret i en <a href=\"https:\/\/www.sivilforsvaret.no\/aktuelt\/varslingsprove-14.-januar\" rel=\"nofollow noopener\" target=\"_blank\">pressemelding<\/a>.<\/p>\n<p>\u2013 \u00c5 beskytte sivilbefolkningen er en kjerneoppgave for myndighetene i krise og krig. Varslingspr\u00f8ver er en kritisk del av det \u00e5 teste den nasjonale beredskapen for \u00e5 kunne beskytte sivilbefolkningen ogs\u00e5 i krig, sier Elisabeth Aars\u00e6ther, direkt\u00f8r i Direktoratet for samfunnssikkerhet og beredskap.<\/p>\n<p>Sjette test<\/p>\n<p>Systemet testes to ganger i \u00e5ret, og testene er alltid p\u00e5 en onsdag klokken 12. Tyfonene n\u00e5r omtrent halve av det bebodde arealet i Norge, mens N\u00f8dvarsel skal n\u00e5 de aller fleste mobiler.<\/p>\n<p>Det er sjette gangen at varslingstesten gjennomf\u00f8res p\u00e5 denne m\u00e5ten, med bruk av n\u00f8dvarsel p\u00e5 mobil.<\/p>\n<p>\u2013 De halv\u00e5rlige varslingspr\u00f8vene sendes til befolkningen over hele landet. Gjennom denne \u00f8velsen blir alle innbyggere kjent med hvordan varslingssystemene fungerer og hvordan de reagerer, sier Aars\u00e6ther.<\/p>\n<p>I tillegg har politiet flere ganger brukt funksjoner ved reelle hendelser. Det var blant annet ved granateksplosjonen i Pilestredet i Oslo 23. september.<\/p>\n<p>Sl\u00e5 av for \u00e5 unng\u00e5 varsel<\/p>\n<p>N\u00f8dvarslingen som sendes fra politiet uler med h\u00f8y lyd p\u00e5 alle moderne mobiltelefoner s\u00e5 lenge de har dekning.<\/p>\n<p>Varselet overstyrer lydl\u00f8s-moduser og andre innstillinger for \u00e5 dempe lyd p\u00e5 mobilen.<\/p>\n<p>Den eneste muligheten for \u00e5 unng\u00e5 varselet p\u00e5 en mobiltelefon er dermed \u00e5 sl\u00e5 den helt av eller sette den i flymodus fra klokken 11.55 til 12.15 onsdag 14. januar, if\u00f8lge Sivilforsvaret.<\/p>\n","protected":false},"excerpt":{"rendered":"14. januar klokken 12 kommer det igjen til \u00e5 ule i tyfoner og mobiltelefoner over hele landet. Lydsignalet&hellip;\n","protected":false},"author":2,"featured_media":136327,"comment_status":"","ping_status":"","sticky":false,"template":"","format":"standard","meta":{"footnotes":""},"categories":[5],"tags":[36,20,21,24,25,15,19,22,23,17,18,15634,13,30,28,29,15635,14,16,9857,1510,26,27],"class_list":{"0":"post-136326","1":"post","2":"type-post","3":"status-publish","4":"format-standard","5":"has-post-thumbnail","7":"category-overskrifter","8":"tag-art","9":"tag-breaking-news","10":"tag-breakingnews","11":"tag-featured-news","12":"tag-featurednews","13":"tag-headlines","14":"tag-hovedoppslag","15":"tag-latest-news","16":"tag-latestnews","17":"tag-main-news","18":"tag-mainnews","19":"tag-mobilen","20":"tag-news","21":"tag-no","22":"tag-norge","23":"tag-norway","24":"tag-nodvarsling","25":"tag-nyheter","26":"tag-overskrifter","27":"tag-sivilforsvaret","28":"tag-story","29":"tag-top-stories","30":"tag-topstories"},"share_on_mastodon":{"url":"https:\/\/pubeurope.com\/@no\/115890023591327663","error":""},"_links":{"self":[{"href":"https:\/\/www.europesays.com\/no\/wp-json\/wp\/v2\/posts\/136326","targetHints":{"allow":["GET"]}}],"collection":[{"href":"https:\/\/www.europesays.com\/no\/wp-json\/wp\/v2\/posts"}],"about":[{"href":"https:\/\/www.europesays.com\/no\/wp-json\/wp\/v2\/types\/post"}],"author":[{"embeddable":true,"href":"https:\/\/www.europesays.com\/no\/wp-json\/wp\/v2\/users\/2"}],"replies":[{"embeddable":true,"href":"https:\/\/www.europesays.com\/no\/wp-json\/wp\/v2\/comments?post=136326"}],"version-history":[{"count":0,"href":"https:\/\/www.europesays.com\/no\/wp-json\/wp\/v2\/posts\/136326\/revisions"}],"wp:featuredmedia":[{"embeddable":true,"href":"https:\/\/www.europesays.com\/no\/wp-json\/wp\/v2\/media\/136327"}],"wp:attachment":[{"href":"https:\/\/www.europesays.com\/no\/wp-json\/wp\/v2\/media?parent=136326"}],"wp:term":[{"taxonomy":"category","embeddable":true,"href":"https:\/\/www.europesays.com\/no\/wp-json\/wp\/v2\/categories?post=136326"},{"taxonomy":"post_tag","embeddable":true,"href":"https:\/\/www.europesays.com\/no\/wp-json\/wp\/v2\/tags?post=136326"}],"curies":[{"name":"wp","href":"https:\/\/api.w.org\/{rel}","templated":true}]}}