{"id":136344,"date":"2026-01-13T22:09:07","date_gmt":"2026-01-13T22:09:07","guid":{"rendered":"https:\/\/www.europesays.com\/no\/136344\/"},"modified":"2026-01-13T22:09:07","modified_gmt":"2026-01-13T22:09:07","slug":"hvem-bestemmer-egentlig-i-en-redaksjon","status":"publish","type":"post","link":"https:\/\/www.europesays.com\/no\/136344\/","title":{"rendered":"Hvem bestemmer egentlig i en redaksjon?"},"content":{"rendered":"\n<p>Kirsti Husby  Sjefredakt\u00f8r<\/p>\n<p class=\"lead\">Styreverv endrer ikke hvem som bestemmer over journalistikken.<\/p>\n<p>Publisert:<br \/>\n  13. januar 2026 kl. 21:17<br \/>\n  Oppdatert:<br \/>\n  13. januar 2026 kl. 21:24\n <\/p>\n<p>Du leser n\u00e5 en kommentarartikkel. Den uttrykker skribentens mening.<\/p>\n<p><strong>Styreleder i Adresseavisen <\/strong>og konsernsjef i Polaris Media, <a href=\"https:\/\/www.adressa.no\/nyheter\/trondelag\/i\/L4nnMQ\/dette-er-den-nye-styrelederen-for-helse-midt\" rel=\"noopener nofollow\" target=\"_blank\">Per Axel Koch,\u00a0har takket ja til vervet som styreleder i\u00a0Helse Midt-Norge<\/a>. Det\u00a0stiller krav til \u00e5penhet og ryddighet i v\u00e5r journalistikk.<\/p>\n<p>Noen\u00a0lesere\u00a0har\u00a0spurt hvordan vi kan\u00a0ha en uavhengig dekning av helsesektoren\u00a0n\u00e5r styrelederen i mediehuset ogs\u00e5 har et verv i regionens helseforetak.\u00a0Andre lurer p\u00e5 om\u00a0Adresseavisen fortsatt vil drive\u00a0kritisk journalistikk\u00a0p\u00e5 helsetilbudet i regionen,\u00a0Helseplattformen og\u00a0sykehusene v\u00e5re.\u00a0Og klarer journalistene v\u00e5re\u00a0\u00e5 v\u00e6re like harde i klypa\u00a0med person vi kjenner og som er v\u00e5r egen styreleder og konsernsjef?\u00a0Det er legitime\u00a0sp\u00f8rsm\u00e5l.<\/p>\n<p>Det korte svaret p\u00e5 alle disse sp\u00f8rsm\u00e5lene er:\u00a0ja.\u00a0Det handler om\u00a0hvordan en\u00a0redaksjon faktisk fungerer \u2013 og hvem som tar\u00a0de redaksjonelle\u00a0beslutningene\u00a0i et mediehus.<\/p>\n<p><a href=\"https:\/\/www.adressa.no\/debatt\/i\/vrAryL\/naar-rollene-flyter-sammen-i-midt-norge\" rel=\"nofollow noopener\" target=\"_blank\"> <img decoding=\"async\" src=\"data:image\/gif;base64,R0lGODlhEAAJAIAAAP\/\/\/wAAACH5BAEAAAAALAAAAAAQAAkAAAIKhI+py+0Po5yUFQA7\" alt=\"\"\/>   N\u00e5r rollene flyter sammen i Midt-Norge  <\/a> <\/p>\n<p><strong>I Norge er redaksjonell uavhengighet<\/strong> ikke bare en tradisjon eller et ideal. Den er lovfestet. Etter medieansvarsloven er det \u00e9n person som har det fulle ansvaret for alt redaksjonelt innhold:\u00a0sjefredakt\u00f8ren\/ansvarlig redakt\u00f8r. Det betyr at det er redakt\u00f8ren \u2013 og bare redakt\u00f8ren \u2013 som avgj\u00f8r hvilke saker vi dekker, hvordan vi vinkler dem og hva vi publiserer.<\/p>\n<p>Dette ansvaret kan ikke deles, delegeres eller overpr\u00f8ves av eiere, styre eller styreleder. Styret har ansvar for \u00f8konomi og overordnede rammer. Redaksjonen har ansvar for journalistikken. Skillet mellom disse rollene er grunnleggende for en fri presse.<\/p>\n<p>Styreleder\/konsernsjef\u202fhar ingen rolle i redaksjonelle vurderinger.\u00a0Han deltar ikke i m\u00f8ter der saker diskuteres\u00a0og prioriteres, han leser ikke saker f\u00f8r publisering. Han kan verken instruere eller p\u00e5virke journalistikken \u2013 verken direkte eller indirekte. Det gjelder ogs\u00e5 saker som handler om helsesektoren og helseforetaket han leder.<\/p>\n<p>Dette er ikke en s\u00e6rordning eller en tilpasning. Det er slik norske redaksjoner er ment \u00e5 fungere.<\/p>\n<p><strong>Samtidig forst\u00e5r jeg<\/strong> at dette kan v\u00e6re\u00a0vanskelig \u00e5 forst\u00e5\u00a0for mange lesere.\u00a0Et mediehus\u00a0fremst\u00e5r ofte som \u00e9n samlet institusjon, og det er ikke n\u00f8dvendigvis synlig hvor tydelige rollene internt faktisk er. Derfor har vi valgt \u00e5 v\u00e6re \u00e5pne om styrelederens eksterne verv og samtidig tydelige p\u00e5 hvordan redaksjonelt ansvar er plassert.<\/p>\n<p>Min oppgave som sjefredakt\u00f8r er \u00e5 sikre at journalistikken er uavhengig, etterrettelig og kritisk \u2013 ogs\u00e5 n\u00e5r det er krevende. Det inneb\u00e6rer \u00e5 stille sp\u00f8rsm\u00e5l ved makt, forvaltning og beslutninger i helsesektoren p\u00e5 samme m\u00e5te som ellers i samfunnet. Hvis det finnes forhold som fortjener kritisk s\u00f8kelys, skal de behandles journalistisk, med dokumentasjon\u00a0og\u00a0kildebredde.\u00a0Helse er noe som ang\u00e5r alle innbyggerne i Tr\u00f8ndelag.\u00a0Det har alltid v\u00e6rt,\u00a0og kommer alltid til \u00e5 v\u00e6re,\u00a0et omr\u00e5de som Adresseavisen f\u00f8lger\u00a0tett og med et kritisk blikk.<\/p>\n<p>Den viktigste garantien for redaksjonell uavhengighet er ikke enkeltpersoner, men systemet vi jobber innenfor. Et system der ansvaret er samlet hos redakt\u00f8ren, og der journalistikken vurderes etter faglige og etiske kriterier \u2013 ikke etter hvem som m\u00e5tte ha hvilke verv.<\/p>\n<p>Til syvende og sist m\u00e5 tillit bygges gjennom det vi publiserer\u00a0hver eneste dag. Det er journalistikken\u00a0vi lager, som skal vise hvordan vi forvalter dette ansvaret.<\/p>\n<p><strong>Hva mener du? Send inn din tekst til\u00a0<a href=\"https:\/\/www.adressa.no\/debatt\/i\/zOg4zK\/mailto:debatt@adresseavisen.no\" rel=\"noopener nofollow\" target=\"_blank\">debatt@adresseavisen.no<\/a>\u00a0<\/strong>eller delta i debatten i kommentarfeltet nederst \u2013 og husk fullt navn!<\/p>\n","protected":false},"excerpt":{"rendered":"Kirsti Husby Sjefredakt\u00f8r Styreverv endrer ikke hvem som bestemmer over journalistikken. Publisert: 13. januar 2026 kl. 21:17 Oppdatert:&hellip;\n","protected":false},"author":2,"featured_media":136345,"comment_status":"","ping_status":"","sticky":false,"template":"","format":"standard","meta":{"footnotes":""},"categories":[5],"tags":[3030,20,21,24,25,15640,15,2082,19,7727,266,760,22,23,17,18,2898,13,30,28,29,14,16,15641,7980,26,27],"class_list":{"0":"post-136344","1":"post","2":"type-post","3":"status-publish","4":"format-standard","5":"has-post-thumbnail","7":"category-overskrifter","8":"tag-adresseavisen","9":"tag-breaking-news","10":"tag-breakingnews","11":"tag-featured-news","12":"tag-featurednews","13":"tag-habilitet","14":"tag-headlines","15":"tag-helse-midt-norge","16":"tag-hovedoppslag","17":"tag-journalistikk","18":"tag-kommentar","19":"tag-kommentarer","20":"tag-latest-news","21":"tag-latestnews","22":"tag-main-news","23":"tag-mainnews","24":"tag-media","25":"tag-news","26":"tag-no","27":"tag-norge","28":"tag-norway","29":"tag-nyheter","30":"tag-overskrifter","31":"tag-per-axel-koch","32":"tag-polaris-media","33":"tag-top-stories","34":"tag-topstories"},"share_on_mastodon":{"url":"https:\/\/pubeurope.com\/@no\/115890078576174993","error":""},"_links":{"self":[{"href":"https:\/\/www.europesays.com\/no\/wp-json\/wp\/v2\/posts\/136344","targetHints":{"allow":["GET"]}}],"collection":[{"href":"https:\/\/www.europesays.com\/no\/wp-json\/wp\/v2\/posts"}],"about":[{"href":"https:\/\/www.europesays.com\/no\/wp-json\/wp\/v2\/types\/post"}],"author":[{"embeddable":true,"href":"https:\/\/www.europesays.com\/no\/wp-json\/wp\/v2\/users\/2"}],"replies":[{"embeddable":true,"href":"https:\/\/www.europesays.com\/no\/wp-json\/wp\/v2\/comments?post=136344"}],"version-history":[{"count":0,"href":"https:\/\/www.europesays.com\/no\/wp-json\/wp\/v2\/posts\/136344\/revisions"}],"wp:featuredmedia":[{"embeddable":true,"href":"https:\/\/www.europesays.com\/no\/wp-json\/wp\/v2\/media\/136345"}],"wp:attachment":[{"href":"https:\/\/www.europesays.com\/no\/wp-json\/wp\/v2\/media?parent=136344"}],"wp:term":[{"taxonomy":"category","embeddable":true,"href":"https:\/\/www.europesays.com\/no\/wp-json\/wp\/v2\/categories?post=136344"},{"taxonomy":"post_tag","embeddable":true,"href":"https:\/\/www.europesays.com\/no\/wp-json\/wp\/v2\/tags?post=136344"}],"curies":[{"name":"wp","href":"https:\/\/api.w.org\/{rel}","templated":true}]}}