{"id":136350,"date":"2026-01-13T22:14:25","date_gmt":"2026-01-13T22:14:25","guid":{"rendered":"https:\/\/www.europesays.com\/no\/136350\/"},"modified":"2026-01-13T22:14:25","modified_gmt":"2026-01-13T22:14:25","slug":"trump-innforer-toll-pa-25-prosent-for-alle-som-handler-med-iran-nrk-urix-utenriksnyheter-og-dokumentarer","status":"publish","type":"post","link":"https:\/\/www.europesays.com\/no\/136350\/","title":{"rendered":"Trump innf\u00f8rer toll p\u00e5 25 prosent for alle som handler med Iran \u2013 NRK Urix \u2013 Utenriksnyheter og -dokumentarer"},"content":{"rendered":"<p>\u2013 Alle land som handler med Iran f\u00e5r med umiddelbar virkning innf\u00f8rt en toll p\u00e5 25 prosent med all handel landet gj\u00f8r med USA. Det skrev president Trump p\u00e5 <a href=\"https:\/\/truthsocial.com\/@realDonaldTrump\/115884319075881590\" ec-id=\"https:\/\/truthsocial.com\/@realDonaldTrump\/115884319075881590\" ec-name=\"Truth Social\" rel=\"nofollow noopener\" target=\"_blank\">Truth Social<\/a> i natt.<\/p>\n<p>Denne orden er endelig, fortsatte presidenten.<\/p>\n<p>Nyhetsbyr\u00e5et Reuters skriver at det ikke er offentliggjort noen detaljer om hvordan den nye tollen skal virke. Nettsiden til Det hvite hus har ingen informasjon om ordren.<\/p>\n<p><strong><a href=\"https:\/\/www.washingtonpost.com\/world\/2026\/01\/12\/iran-protests-trump-talks\/\" ec-id=\"https:\/\/www.washingtonpost.com\/world\/2026\/01\/12\/iran-protests-trump-talks\/\" ec-name=\"Washington Post\" rel=\"nofollow noopener\" target=\"_blank\">Washington Post<\/a> skriver at det ikke er klart om de 25 prosentene kommer i tillegg til toll som USA har allerede har innf\u00f8rt p\u00e5 land.<\/strong><\/p>\n<p>    Iran og USA: 67 \u00e5r med hat og mistenksomhet<\/p>\n<p class=\"dhtl__timeline-ingress\">President Donald Trump har sagt at han vurderer flere alternativer for \u00e5 gripe inn for \u00e5 st\u00f8tte demonstrantene i Iran, ogs\u00e5 milit\u00e6re. Forholdet mellom de to landene har i generasjoner v\u00e6rt preget av hat og mistenksomhet.<\/p>\n<ul aria-hidden=\"true\">\n<li>\n<p>William Knox D\u2019Arcy fant 26. mai 1908 olje i Maidan-i-Naftun i Iran. Det var det f\u00f8rste oljefunnet i Midt\u00f8sten og f\u00f8rte til at Persia (senere Iran) skulle f\u00e5 en sentral plass i storpolitikken.<\/p>\n<\/li>\n<li>\n<p>Irans demokratisk valgte statsminister Mohammed Mossadegh ble styrtet i et milit\u00e6rkupp som var organisert av USA og Storbritannia. Kuppet ble satt i gang etter at Mossadegh to \u00e5r tidligere hadde nasjonalisert Irans oljeforekomster.<\/p>\n<p><img decoding=\"async\"   src=\"data:image\/gif;base64,R0lGODlhAQABAIAAAAAAAP\/\/\/yH5BAEAAAAALAAAAAABAAEAAAIBRAA7\" loading=\"eager\" alt=\"Mohammed Mossadegh i 1951\" title=\"Foto: UNCREDITED \/ AP\"\/><\/p>\n<p>Foto: UNCREDITED \/ AP<\/p>\n<\/li>\n<li>\n<p>Sjahen feriret Det persiske keiserd\u00f8mmets 2500-\u00e5rsdag med en ekstravagant fest i ruinene av Persepolis. Fra USA kom visepresident Spiro Agnew for \u00e5 markere de to landenes n\u00e6re forhold.<\/p>\n<\/li>\n<li>\n<p>Sjahen flyktet fra landet etter at det i flere m\u00e5neder hadde v\u00e6rt stadig st\u00f8rre demonstrasjoner mot regimet. Dr\u00f8yt to uker senere vendte ayatollah Khomeini tilbake til Iran etter 15 \u00e5r i eksil.<\/p>\n<p><img decoding=\"async\"   src=\"data:image\/gif;base64,R0lGODlhAQABAIAAAAAAAP\/\/\/yH5BAEAAAAALAAAAAABAAEAAAIBRAA7\" loading=\"eager\" alt=\"1. februar 1979 landet Ayatollah Khomeini p\u00e5 flyplassen i Teheran fra eksil i Frankrike.\" title=\"Foto: GABRIEL DUVAL \/ AFP\"\/><\/p>\n<p>Foto: GABRIEL DUVAL \/ AFP<\/p>\n<\/li>\n<li>\n<p>En gruppe studenter okkuperer Den amerikanske ambassaden i Teheran. 66 amerikanske diplomater ble tatt til fange og holdt som gisler. F\u00f8rst etter 444 dager og etter at Ronald Reagan hadde erstattet Jimmy Carter, ble gislene satt fri.<\/p>\n<\/li>\n<li>\n<p>Styrker fra Irak under Saddam Hussein til angrep p\u00e5 Iran. Krigen varer i \u00e5tte \u00e5r og var en av de blodigste i det 20. \u00e5rhundre. Under krigen brukte irakiske styrker nervegass. Nedgraderte dokumenter har vist at USA hjalp Irak med gassangrepene.<\/p>\n<p><img decoding=\"async\"   src=\"data:image\/gif;base64,R0lGODlhAQABAIAAAAAAAP\/\/\/yH5BAEAAAAALAAAAAABAAEAAAIBRAA7\" loading=\"eager\" alt=\"Iransk kvinne med bilde av sin d\u00f8de s\u00f8nn\" title=\"Foto: Hasan Sarbakhshian \/ AP\"\/><\/p>\n<p>Foto: Hasan Sarbakhshian \/ AP<\/p>\n<\/li>\n<li>\n<p>En Airbus A300 fra Iran Air ble skutt over Persiabukta av den amerikanske krysseren \u00abVincennes\u00bb. Alle de 290 om bord mistet livet.<\/p>\n<p><img decoding=\"async\"   src=\"data:image\/gif;base64,R0lGODlhAQABAIAAAAAAAP\/\/\/yH5BAEAAAAALAAAAAABAAEAAAIBRAA7\" loading=\"eager\" alt=\"S\u00f8rgende bar kister gjennom gatene i Teheran 7. juli 1988\" title=\"Foto: Ap\"\/><\/p>\n<p>Foto: Ap<\/p>\n<\/li>\n<li>\n<p>Ayatolla Khomeini utstedte en fatwa med en d\u00f8dsdom mot forfatteren av \u00abSataniske vers\u00bb, Salman Rushdie. Khomeini mente at boken inneholdt deler som forn\u00e6rmet profeten Muhammed fordi den portretterte ham som en bordelleier.<\/p>\n<\/li>\n<li>\n<p>Et j\u00f8disk foreningslokale (AMIA) i Buenos Aires blir angrepet med en bombe. 85 mennesker ble drept og flere hundre s\u00e5ret. Det er aldri fastsl\u00e5tt hvem som sto bak bombingen, men Iran og libanesiske Hizbollah er blant dem som er utpekt. <\/p>\n<p><img decoding=\"async\"   src=\"data:image\/gif;base64,R0lGODlhAQABAIAAAAAAAP\/\/\/yH5BAEAAAAALAAAAAABAAEAAAIBRAA7\" loading=\"eager\" alt=\"Redningspersonell i Buenos Aires s\u00f8ker etter overlevende\" title=\"Foto: ALI BURAFI \/ Afp\"\/><\/p>\n<p>Foto: ALI BURAFI \/ Afp<\/p>\n<\/li>\n<li>\n<p>President George W. Bush kaller Iran for en del av \u00abOndskapens akse\u00bb under sin tale om Rikets tilstand.<\/p>\n<p><img decoding=\"async\"   src=\"data:image\/gif;base64,R0lGODlhAQABAIAAAAAAAP\/\/\/yH5BAEAAAAALAAAAAABAAEAAAIBRAA7\" loading=\"eager\" alt=\"Mann p\u00e5 talerstolen\" title=\"Foto: JIM YOUNG \/ Reuters \/ NTB\"\/><\/p>\n<p>Foto: JIM YOUNG \/ Reuters \/ NTB<\/p>\n<\/li>\n<li>\n<p>Bilen til den iranske atomforskeren Masoud Alimohammadi ble sprengt utenfor hans hjem i Teheran. I l\u00f8pet av de neste to \u00e5rene ble ytterligere tre iranske atomforskere drept<\/p>\n<\/li>\n<li>\n<p>Iran inng\u00e5r en avtale med USA, Kina, Russland, Frankrike, Storbritannia og Tyskland om landets atomprogram.<\/p>\n<\/li>\n<li>\n<p>President Donald Trump kunngj\u00f8r at USA trekker seg fra atomavtalen. En snau m\u00e5ned senere sier Irans \u00f8verste leder, ayatolla Ali Khamenei, at landet vil trappe opp sin kapasitet til anriking av uran.<\/p>\n<\/li>\n<li>\n<p>USA gjeninnf\u00f8rer sanksjoner mot Irans oljeeksport, skipsfart og finansn\u00e6ring. <\/p>\n<\/li>\n<li>\n<p>Den iranske generalen Qasem Soleimani blir drept i et amerikansk attentat mens han er p\u00e5 bes\u00f8k i Irak. Qasem Soleimani var sjef for den iranske Quds-styrken, og ble omtalt som en av mektigste menn i Midt\u00f8sten.<\/p>\n<p><img decoding=\"async\"   src=\"data:image\/gif;base64,R0lGODlhAQABAIAAAAAAAP\/\/\/yH5BAEAAAAALAAAAAABAAEAAAIBRAA7\" loading=\"eager\" alt=\"General Qasem Soleimani fotografert i september 2016.\" title=\"Foto: AP\"\/><\/p>\n<p>Foto: AP<\/p>\n<\/li>\n<li>\n<p>Israel startet 13. juni en serie med st\u00f8rre luftangrep mot Iran. \u00c5tte dager etter starten p\u00e5 de israelske angrepene, bombet amerikanske fly tre iranske atomanlegg. Det er uklart hvor skadet anleggene ble.<\/p>\n<p><img decoding=\"async\"   src=\"data:image\/gif;base64,R0lGODlhAQABAIAAAAAAAP\/\/\/yH5BAEAAAAALAAAAAABAAEAAAIBRAA7\" loading=\"eager\" alt=\"Kart\" title=\"Foto: U.S. Department of Defense\"\/><\/p>\n<p>Foto: U.S. Department of Defense<\/p>\n<\/li>\n<\/ul>\n<p>Vis mer<\/p>\n<p>Kina reagerer<\/p>\n<p>Kina er Irans klart st\u00f8rste handelspartner. If\u00f8lge <a href=\"https:\/\/oec.world\/en\/profile\/country\/irn\" ec-id=\"https:\/\/oec.world\/en\/profile\/country\/irn\" ec-name=\"OEC\" rel=\"nofollow noopener\" target=\"_blank\">OEC<\/a> st\u00e5r Kina for rundt en tredel av Irans eksport.<\/p>\n<p>\u2013 Kina posisjon mot vilk\u00e5rlige p\u00e5legg av toll er konsistent og klar. Tollkriger og handelskriger har ingen vinnere og tvang og press kan ikke l\u00f8se problemer, skrev en talsperson for den kinesiske ambassaden i Washington p\u00e5 X.<\/p>\n<p>Kina og USA er midt i vanskelige forhandlinger om handel og toll. Det er uklart hvordan en toll mot Kina p\u00e5 grunn av Iran kan p\u00e5virke forhandlingene.<\/p>\n<p><strong>Tirsdag morgen sa det kinesiske utenriksdepartementet i en uttalelse at landet \u00abvil beskytte sine interesser\u00bb n\u00e5r det gjelder Iran.<\/strong><\/p>\n<p>Lite handel med Norge<\/p>\n<p>Norge har lite handel med Iran. If\u00f8lge SSB importerte Norge varer for 66 millioner kroner fra Iran i 2024. Eksporten til Iran var p\u00e5 20 millioner kroner.<\/p>\n<p>Norge har ingen handelsavtale med Iran. Iran er ikke medlem av WTO og Norges frihandelsavtaler baserer seg p\u00e5 WTO-avtalene.<\/p>\n<p><strong>Det er s\u00e5 langt ikke klart hvordan Trumps uttalelse om toll vil p\u00e5virke Norge.<\/strong><\/p>\n<p>\u00abInne sine siste dager\u00bb<\/p>\n<p>Tysklands forbundskansler Friedrich Merz mener at regimet i Iran er inne i \u00absine siste dager\u00bb.<\/p>\n<p><strong>\u2013 N\u00e5r et regime bare kan holde seg ved makten ved hjelp av vold, er det i praksis ferdig. sa Merz tirsdag morgen til reportere under et bes\u00f8k i India.<\/strong><\/p>\n<p>\u2013 Jeg tror at vi n\u00e5 opplever de siste dagene og ukene til regimet, sa Merz.<\/p>\n<p>B\u00e5de finsk og spansk UD har kalt ambassad\u00f8rer fra Iran inn p\u00e5 teppet for \u00e5 protestere mot den brutale volden som regimet bruker for \u00e5 stanse demonstrasjonene.<\/p>\n<p>Uklare d\u00f8dstall<\/p>\n<p>Det er stor uklarhet om hvor mange som er drept under demonstrasjonene.<\/p>\n<p>En representant for regimet sa tirsdag til Reuters at rundt 2000 var drept. Representanten la skylden p\u00e5 det hen kalte terrorister.<\/p>\n<p>FNs h\u00f8ykommiss\u00e6r for menneskerettigheter Volker T\u00fcrk sa tirsdag at var snakk om flere hundre d\u00f8de.<\/p>\n<p>Mandag sa den Oslo-baserte menneskerettsgruppa Iran Human Rights (IHR) at Minst 648 demonstranter er drept i iranske myndigheters aksjoner mot protestene.<\/p>\n<p><strong>Direkt\u00f8r Mahmood Amiry-Moghaddam advarer om at det reelle tallet kan v\u00e6re mye h\u00f8yere.<\/strong><\/p>\n<p>St\u00f8ttedemonstrasjoner<\/p>\n<p>Mandag arrangerte regimet <a href=\"https:\/\/www.nrk.no\/urix\/trump-sier-iran-har-ringt-og-bedt-om-forhandlinger-1.17723380\" ec-id=\"pp:article:1.17723380\" ec-name=\"store st\u00f8ttedemonstrasjoner\" rel=\"nofollow noopener\" target=\"_blank\">store st\u00f8ttedemonstrasjoner<\/a> i Teheran.<\/p>\n<p>Bilder av flere ti tusen demonstranter, som heier p\u00e5 landets \u00f8verste leder Ayatollah Ali Khamenei, str\u00f8mmet mandag ut p\u00e5 iranske fjernsynsskjermer.<\/p>\n<p>\u2013 Disse massive demonstrasjonene, som er fulle av besluttsomhet, har forpurret planen til utenlandske fiender, sier Khamenei, p\u00e5 iransk statlig TV. Det melder nyhetsbyr\u00e5et AFP.<\/p>\n<p><img decoding=\"async\"   src=\"data:image\/gif;base64,R0lGODlhAQABAIAAAAAAAP\/\/\/yH5BAEAAAAALAAAAAABAAEAAAIBRAA7\" loading=\"eager\" alt=\"Politi utenfor ambassade\" title=\"Foto: ATTA KENARE \/ AFP \/ NTB\"\/><\/p>\n<p class=\"\">Sikkerhetsstyrker tok mandag opp stilling utenfor den franske ambassaden i Teheran.<\/p>\n<p>Foto: ATTA KENARE \/ AFP \/ NTB<\/p>\n<p>Luftangrep<\/p>\n<p><strong>Trumps pressesekret\u00e6r Karoline Leavitt.sa mandag at luftangrep fortsatt er et av grepene USA vurderer \u00e5 foreta seg overfor Iran.<\/strong><\/p>\n<p>\u2013 Er det en ting Trump er veldig god p\u00e5, s\u00e5 er det \u00e5 holde alle sine alternativer \u00e5pne. Og luftangrep er et av mange, mange alternativer som er p\u00e5 bordet, sa Leavitt p\u00e5 et pressem\u00f8te mandag kveld.<\/p>\n<p>USA angrep i fjor tre av Irans atomanlegg i et luftangrep.<\/p>\n<p>Tror regimet f\u00f8ler seg truet<\/p>\n<p>Midt\u00f8sten-forsker Eirik Kvinnesland tror at regimet i Iran f\u00f8ler seg truet. Han sier at i motsetning til under tidligere demonstrasjoner i Iran er den utenrikspolitiske situasjonen n\u00e5 annerledes.<\/p>\n<p>Likevel vil han ikke sp\u00e5 regimets undergang. \u2013 Regimet f\u00f8ler seg nok truet, men det skal fortsatt en god del til for at dette regimet faller, sier Kvinnesland.<\/p>\n<p>    Dette m\u00e5 du vite om protestene i Iran<\/p>\n<ul aria-labelledby=\"49445ce5-acdc-4c5f-a7fc-569eec529b6b\" role=\"list\">\n<li>Hvorfor demonstrerer iranerne?\n<p>Det er flere grunner til at iranere n\u00e5 demonstrerer. <\/p>\n<p>Den utl\u00f8sende faktoren i denne omgang var inflasjon og svak nasjonal valuta. Protestene br\u00f8t ut p\u00e5 markedene i hovedstaden Teheran, der kj\u00f8pmenn stengte bodene sine og tok til gatene.<\/p>\n<p>Iran har store \u00f8konomiske problemer, med lite h\u00e5p om vekst det kommende \u00e5ret.<\/p>\n<p>I tillegg har flere iranere en dyp mistillit til regimet. En rekke korrupsjonsskandaler blant innflytelsesrike familier og statsansatte har skapt stor misn\u00f8ye blant befolkningen. <\/p>\n<\/li>\n<li>Hvordan svarer iranske myndigheter?\n<p>I begynnelsen av januar ba ayatolla Ali Khamenei regjeringen om \u00e5 g\u00e5 i samtale med demonstrantene og kue oppr\u00f8ret.<\/p>\n<p>Som svar p\u00e5 protestene har regimet blant annet avlyst flyvninger, stengt telefonlinjene og sperret internett-tilgangen i landet.<\/p>\n<p>Hundrevis av demonstranter skal v\u00e6re drept og tusenvis er fengslet av regimet.<\/p>\n<p>I en uttalelse p\u00e5 nasjonal TV 9. januar hevder Khamenei at demonstrantene handler p\u00e5 vegne av Trump og USA.<\/p>\n<\/li>\n<li>Hvorfor har myndighetene blokkert tilgangen p\u00e5 internett?\n<p>Iranske myndigheter har gjentatte ganger gjennom historien kuttet internett i fors\u00f8k p\u00e5 \u00e5 kvele demonstrasjoner og uro. De gjorde det under demonstrasjonene i b\u00e5de 2019, 2022 og n\u00e5 i 2026. <\/p>\n<p>Form\u00e5let er blant annet \u00e5 hindre organisering av protester og kontrollere informasjonsflyten. Flere frykter ogs\u00e5 at det er for \u00e5 hindre at overgrep blir dokumentert, da mange har blitt drept mens internett har v\u00e6rt nede f\u00f8r.<\/p>\n<\/li>\n<li>Er dette f\u00f8rste gang iranerne demonstrerer mot myndighetene?\n<p>Nei.<\/p>\n<p>Iran har de siste \u00e5rene hatt flere omfattende protester hvor folk har uttrykt dyp misn\u00f8ye med myndighetene og krevd at regimet g\u00e5r av.<\/p>\n<p>Dette er de st\u00f8rste demonstrasjonene i landet siden Mahsa Amini d\u00f8de i moralpolitiets varetekt i 2022, et d\u00f8dsfall som utl\u00f8ste den landsomfattende \u00abKvinne, liv, frihet\u00bb- bevegelsen, uro og protester. <\/p>\n<\/li>\n<li>Hva skjer framover?\n<p>Irans utenrikspolitiske posisjon er svekket, noe som gj\u00f8r den \u00f8konomiske situasjonen i landet ustabil. <\/p>\n<p>Ultrakonservative Khamenei (86) er landets \u00f8verste leder. Det er fremdeles uvisst hvem som blir hans arvtaker.<\/p>\n<p>Iran har mistet n\u00e6re allierte etter avsettelsen av Nicol\u00e1s Maduro i Venezuela og Bashar Al-Assad i Syria i fjor. Andre Iran-st\u00f8ttede grupper i Midt\u00f8sten som Hamas og Hizbollah er ogs\u00e5 kraftig svekket. <\/p>\n<p>Med f\u00e6rre venner i resten av verden kan det bli vanskeligere for Iran \u00e5 eksportere olje til andre land, som igjen p\u00e5virker landets allerede svake \u00f8konomi.<\/p>\n<\/li>\n<\/ul>\n<p>Publisert<\/p>\n<p>13.01.2026, kl. 07.31<\/p>\n<p>Oppdatert<\/p>\n<p>13.01.2026, kl. 11.51<\/p>\n","protected":false},"excerpt":{"rendered":"\u2013 Alle land som handler med Iran f\u00e5r med umiddelbar virkning innf\u00f8rt en toll p\u00e5 25 prosent med&hellip;\n","protected":false},"author":2,"featured_media":136351,"comment_status":"","ping_status":"","sticky":false,"template":"","format":"standard","meta":{"footnotes":""},"categories":[12],"tags":[20,21,24,25,15,22,23,13,30,28,29,14,16,26,27,42,43,44,45],"class_list":{"0":"post-136350","1":"post","2":"type-post","3":"status-publish","4":"format-standard","5":"has-post-thumbnail","7":"category-verden","8":"tag-breaking-news","9":"tag-breakingnews","10":"tag-featured-news","11":"tag-featurednews","12":"tag-headlines","13":"tag-latest-news","14":"tag-latestnews","15":"tag-news","16":"tag-no","17":"tag-norge","18":"tag-norway","19":"tag-nyheter","20":"tag-overskrifter","21":"tag-top-stories","22":"tag-topstories","23":"tag-verden","24":"tag-world","25":"tag-world-news","26":"tag-worldnews"},"share_on_mastodon":{"url":"https:\/\/pubeurope.com\/@no\/115890098333607812","error":""},"_links":{"self":[{"href":"https:\/\/www.europesays.com\/no\/wp-json\/wp\/v2\/posts\/136350","targetHints":{"allow":["GET"]}}],"collection":[{"href":"https:\/\/www.europesays.com\/no\/wp-json\/wp\/v2\/posts"}],"about":[{"href":"https:\/\/www.europesays.com\/no\/wp-json\/wp\/v2\/types\/post"}],"author":[{"embeddable":true,"href":"https:\/\/www.europesays.com\/no\/wp-json\/wp\/v2\/users\/2"}],"replies":[{"embeddable":true,"href":"https:\/\/www.europesays.com\/no\/wp-json\/wp\/v2\/comments?post=136350"}],"version-history":[{"count":0,"href":"https:\/\/www.europesays.com\/no\/wp-json\/wp\/v2\/posts\/136350\/revisions"}],"wp:featuredmedia":[{"embeddable":true,"href":"https:\/\/www.europesays.com\/no\/wp-json\/wp\/v2\/media\/136351"}],"wp:attachment":[{"href":"https:\/\/www.europesays.com\/no\/wp-json\/wp\/v2\/media?parent=136350"}],"wp:term":[{"taxonomy":"category","embeddable":true,"href":"https:\/\/www.europesays.com\/no\/wp-json\/wp\/v2\/categories?post=136350"},{"taxonomy":"post_tag","embeddable":true,"href":"https:\/\/www.europesays.com\/no\/wp-json\/wp\/v2\/tags?post=136350"}],"curies":[{"name":"wp","href":"https:\/\/api.w.org\/{rel}","templated":true}]}}