{"id":136360,"date":"2026-01-13T22:21:09","date_gmt":"2026-01-13T22:21:09","guid":{"rendered":"https:\/\/www.europesays.com\/no\/136360\/"},"modified":"2026-01-13T22:21:09","modified_gmt":"2026-01-13T22:21:09","slug":"vi-kan-redde-liv","status":"publish","type":"post","link":"https:\/\/www.europesays.com\/no\/136360\/","title":{"rendered":"\u2013 Vi kan redde liv"},"content":{"rendered":"\n<ul class=\"_list_o9xde_3 _list_64s2r_85 _unordered_o9xde_106 text-sans-m\">\n<li class=\"_item_o9xde_30\">Israel nekter Leger Uten Grenser og 36 andre organisasjoner innreise til Gaza og Vestbredden.<\/li>\n<li class=\"_item_o9xde_30\">Kravet er \u00e5 dele detaljerte personopplysninger om palestinske ansatte, noe MSF avviser.<\/li>\n<li class=\"_item_o9xde_30\">Organisasjonen anklager Israel for desinformasjonskampanje og brudd p\u00e5 folkeretten.<\/li>\n<li class=\"_item_o9xde_30\">Generalsekret\u00e6r Lindis Hurum etterlyser konkrete konsekvenser fra det internasjonale samfunnet.<\/li>\n<\/ul>\n<p>Vis mer <\/p>\n<p class=\"_paragraph_o9xde_4 _paragraph_xtcu6_10 layout-component text-serif-m layout-normal text-serif-m layout-padded\">Israel har nektet internasjonale hjelpearbeidere fra Leger Uten Grenser (MSF) og 36 andre organisasjoner innreise til <a href=\"https:\/\/www.vg.no\/tag\/gaza?utm_source=vg-article&amp;utm_medium=auto-tagger&amp;utm_campaign=aJPJld\" class=\"_link_o9xde_39\" rel=\"nofollow noopener\" target=\"_blank\">Gaza<\/a> og Vestbredden. \u00c5rsaken er et krav om \u00e5 dele detaljerte personopplysninger om alle palestinske ansatte.<\/p>\n<p class=\"_paragraph_o9xde_4 _paragraph_xtcu6_10 layout-component text-serif-m layout-normal text-serif-m layout-padded\">Flere, inkludert Norge, <a href=\"https:\/\/www.regjeringen.no\/no\/whats-new\/joint-statement-on-support-to-unrwa-and-ngos\/id3145426\/\" class=\"_link_o9xde_39\" rel=\"nofollow noopener\" target=\"_blank\">ford\u00f8mte Israel<\/a>s nye retningslinje. Den amerikanske senatoren Bernie Sanders <a href=\"https:\/\/x.com\/SenSanders\/status\/2010401491224252461?s=20\" class=\"_link_o9xde_39\" rel=\"nofollow\">kalte<\/a> utestengelsen for nok et \u00abgrusomt og umenneskelig skritt fra den ekstremistiske israelske regjeringen\u00bb<\/p>\n<p class=\"_paragraph_o9xde_4 _paragraph_xtcu6_10 layout-component text-serif-m layout-normal text-serif-m layout-padded\">Tirsdag forrige uke ble innreiseforbudet likevel iverksatt, og MSF-personellet som etter planen skulle v\u00e6rt i Gaza n\u00e5, ble stanset. Per mandag er 45 av organisasjonens lastebiler stanset p\u00e5 grensen.<\/p>\n<p class=\"_paragraph_o9xde_4 _paragraph_xtcu6_10 layout-component text-serif-m layout-normal text-serif-m layout-padded\"><strong class=\"_strong_o9xde_25\">\u2013 Skulle dette vedvare med full kraft, s\u00e5 ville jo det f\u00f8re til at vi ikke kan hjelpe alle de menneskene som vi per n\u00e5 hjelper, med medisinsk n\u00f8dhjelp, sier Lindis Hurum, generalsekret\u00e6r i Leger Uten Grenser.<\/strong><\/p>\n<p><img decoding=\"async\" alt=\"Bilde av Lindis Hurum\" class=\"_image_ygndg_42\" height=\"27\" itemprop=\"image\" loading=\"lazy\"  src=\"https:\/\/www.europesays.com\/no\/wp-content\/uploads\/2026\/01\/65cadef9-862e-49a7-8b1e-af4b25dce830.jpeg\"  width=\"40\"\/><strong class=\"_name_ygndg_51 title-serif-xs\">Lindis Hurum<\/strong><\/p>\n<p class=\"_paragraph_o9xde_4 text-sans-m _description_ygndg_56\">Generalsekret\u00e6r i Leger Uten Grenser<\/p>\n<p class=\"_paragraph_o9xde_4 _paragraph_xtcu6_10 layout-component text-serif-m layout-normal text-serif-m layout-padded\">Organisasjonen har over 1200 palestinske ansatte som fortsatt kan arbeide i Gaza.<\/p>\n<p class=\"_paragraph_o9xde_4 _paragraph_xtcu6_10 layout-component text-serif-m layout-normal text-serif-m layout-padded\">\u2013 Vi ga i fjor 700 millioner liter rent vann, behandlet 100 000 skader. Vi har hjulpet like mange mennesker som det bor i Oslo, forteller Hurum.<\/p>\n<p>Nekter \u00e5 dele personopplysninger<\/p>\n<p class=\"_paragraph_o9xde_4 _paragraph_xtcu6_10 layout-component text-serif-m layout-normal text-serif-m layout-padded\">Det nye kravet fra israelske myndigheter inneb\u00e6rer at organisasjonene m\u00e5 dele detaljerte personopplysninger om alle sine palestinske ansatte. Dette avviser Leger Uten Grenser, som allerede deler GPS-koordinaterGPS-koordinaterKoordinater deles somen del av organisasjonens forpliktelse av \u00abdeconfliction hht folkeretten\u00bb til de ansatte i Gaza til enhver tid, kategorisk.<\/p>\n<p class=\"_paragraph_o9xde_4 _paragraph_xtcu6_10 layout-component text-serif-m layout-normal text-serif-m layout-padded\">\u2013 Det er b\u00e5de brudd p\u00e5 personvernlovgivning, og det er jo etisk problematisk fordi det kan sette v\u00e5re ansatte i fare, og vi er ikke villige til \u00e5 kompromisse p\u00e5 deres sikkerhet, sier Hurum.<\/p>\n<p class=\"_paragraph_o9xde_4 _paragraph_xtcu6_10 layout-component text-serif-m layout-normal text-serif-m layout-padded\">Hun p\u00e5peker at dette skjer i en kontekst hvor 15 av organisasjonens ansatte har blitt drept \u2013 alle palestinere.<\/p>\n<p><img alt=\"Foto: OMAR AL-QATTAA \/ AFP \/ NTB\" class=\"_image_qp4xg_65 layout-component layout-normal\" data-fullscreen- data-track-element-type=\"Article image fullscreen\" data-track-name=\"ImageFullscreen\" decoding=\"async\" loading=\"lazy\" height=\"2628\" itemprop=\"image\"  src=\"https:\/\/www.europesays.com\/no\/wp-content\/uploads\/2026\/01\/b8751eb3-43e5-4de8-95df-09db9224ca73.jpeg\"  style=\"object-position:0% 0%\" width=\"3941\"\/>Foto: OMAR AL-QATTAA \/ AFP \/ NTB<\/p>\n<p class=\"_paragraph_o9xde_4 _paragraph_xtcu6_10 layout-component text-serif-m layout-normal text-serif-m layout-padded\">Leger Uten Grenser har akseptert alle andre krav fra israelske myndigheter og har v\u00e6rt i dialog med det nye departementet siden juli for \u00e5 finne alternative l\u00f8sninger.<\/p>\n<p class=\"_paragraph_o9xde_4 _paragraph_xtcu6_10 layout-component text-serif-m layout-normal text-serif-m layout-padded\">\u2013 Vi har s\u00f8kt \u00e5 komme i dialog om \u00e5 finne andre l\u00f8sninger. Et kompromiss, men de har s\u00e5 langt valgt \u00e5 ikke m\u00f8te oss, men da heller komme med usanne og udokumenterte p\u00e5stander i diverse medier, sier Hurum.<\/p>\n<p>Anklager om desinformasjonskampanje<\/p>\n<p class=\"_paragraph_o9xde_4 _paragraph_xtcu6_10 layout-component text-serif-m layout-normal text-serif-m layout-padded\">Parallelt med forhandlingene beskriver Hurum det hun kaller en m\u00e5lrettet israelsk desinformasjonskampanje mot organisasjonen.<\/p>\n<p class=\"_paragraph_o9xde_4 _paragraph_xtcu6_10 layout-component text-serif-m layout-normal text-serif-m layout-padded\">\u2013 De sprer jo bevisst og aktivt, ogs\u00e5 ved hjelp av Google ads og sosiale medier, udokumenterte p\u00e5stander om at vi samarbeider med Hamas. At vi ansetter terrorister, sier hun.<\/p>\n<p><img alt=\"Foto: \u2013 \/ AFP \/ NTB\" class=\"_image_qp4xg_65 layout-component layout-normal\" data-fullscreen- data-track-element-type=\"Article image fullscreen\" data-track-name=\"ImageFullscreen\" decoding=\"async\" loading=\"lazy\" height=\"5464\" itemprop=\"image\"  src=\"https:\/\/www.europesays.com\/no\/wp-content\/uploads\/2026\/01\/8a352da2-ea25-47ce-9934-104bed87038f.jpeg\"  style=\"object-position:0% 0%\" width=\"8192\"\/>Foto: \u2013 \/ AFP \/ NTB<\/p>\n<p class=\"_paragraph_o9xde_4 _paragraph_xtcu6_10 layout-component text-serif-m layout-normal text-serif-m layout-padded\">Organisasjonen avviser p\u00e5standene kategorisk og ber om dokumentasjon dersom Israel sitter p\u00e5 informasjon om at noen av deres ansatte er aktive Hamas-terrorister.<\/p>\n<p class=\"_paragraph_o9xde_4 _paragraph_xtcu6_10 layout-component text-serif-m layout-normal text-serif-m layout-padded\">\u2013 Vi gj\u00f8r s\u00e5 godt vi kan \u00e5 ansette folk som ikke er en del av noen av de krigf\u00f8rende partene. Vi har bakgrunnssjekk p\u00e5 alle. Vi \u00f8nsker at alle skal f\u00f8lge v\u00e5re prinsipper, forklarer Hurum.<\/p>\n<p>Frykter for sivilbefolkningen<\/p>\n<p class=\"_paragraph_o9xde_4 _paragraph_xtcu6_10 layout-component text-serif-m layout-normal text-serif-m layout-padded\">Hurum sier hun er bekymret for konsekvensene dersom blokaden fortsetter.<\/p>\n<p class=\"_paragraph_o9xde_4 _paragraph_xtcu6_10 layout-component text-serif-m layout-normal text-serif-m layout-padded\">\u2013 Min st\u00f8rste bekymring da er at sivilbefolkningen blir p\u00e5f\u00f8rt ytterligere lidelse. De vil f\u00e5 mindre tilgang p\u00e5 medisiner, p\u00e5 rent vann, p\u00e5 mat, sier hun.<\/p>\n<p class=\"_paragraph_o9xde_4 _paragraph_xtcu6_10 layout-component text-serif-m layout-normal text-serif-m layout-padded\">Hun p\u00e5peker at internasjonale hjelpearbeidere ofte gir ekstra beskyttelse til lokale ansatte, da det er en h\u00f8yere terskel for \u00e5 angripe dem.<\/p>\n<p><img alt=\"Foto: MOHAMMED SABER \/ EPA \/ NTB\" class=\"_image_qp4xg_65 layout-component layout-normal\" data-fullscreen- data-track-element-type=\"Article image fullscreen\" data-track-name=\"ImageFullscreen\" decoding=\"async\" loading=\"lazy\" height=\"4168\" itemprop=\"image\"  src=\"https:\/\/www.europesays.com\/no\/wp-content\/uploads\/2026\/01\/cd8f0f18-7c8d-4c72-a618-27ee48cc9dbe.jpeg\"  style=\"object-position:0% 0%\" width=\"6253\"\/>Foto: MOHAMMED SABER \/ EPA \/ NTB<\/p>\n<p class=\"_paragraph_o9xde_4 _paragraph_xtcu6_10 layout-component text-serif-m layout-normal text-serif-m layout-padded\">\u2013 Det sier palestinerne \u00f2g, at vi f\u00f8ler oss tryggere n\u00e5r flere er p\u00e5 sykehus eller p\u00e5 klinikken, forteller Hurum.<\/p>\n<p class=\"_paragraph_o9xde_4 _paragraph_xtcu6_10 layout-component text-serif-m layout-normal text-serif-m layout-padded\">Organisasjonen hjelper hver tredje kvinne som f\u00f8der og behandler direkte eller indirekte \u00e9n av fem sykehuspasienter i Gaza og Hurum understreker at deres innsats har betydning for enkeltmennesker i det krigsherjede omr\u00e5det. <\/p>\n<p class=\"font-weight-semi-bold color-accent label-medium _label_16v91_20\">Gaza<\/p>\n<p> S\u00e5 mange hjalp Leger Uten Grenser i 2025<\/p>\n<ul class=\"_list_o9xde_3 _list_xtcu6_9 _list_16v91_9 _unordered_o9xde_106 layout-component text-serif-m layout-normal text-sans-m layout-padded\">\n<li class=\"_item_o9xde_30\">Over <strong class=\"_strong_o9xde_25\">100.000 traumepasienter<\/strong> behandlet.<\/li>\n<li class=\"_item_o9xde_30\">Nesten <strong class=\"_strong_o9xde_25\">23.000 operasjoner<\/strong> utf\u00f8rt.<\/li>\n<li class=\"_item_o9xde_30\">Assistanse ved <strong class=\"_strong_o9xde_25\">over 10.000 f\u00f8dsler.<\/strong><\/li>\n<li class=\"_item_o9xde_30\">Rundt <strong class=\"_strong_o9xde_25\">800.000 polikliniske konsultasjoner.<\/strong><\/li>\n<li class=\"_item_o9xde_30\">Over <strong class=\"_strong_o9xde_25\">40.000 psykologiske konsultasjoner<\/strong> gitt.<\/li>\n<li class=\"_item_o9xde_30\"><strong class=\"_strong_o9xde_25\">22,3 millioner liter drikkevann<\/strong> distribuert i desember 2025. Det var nok vann til ca. <strong class=\"_strong_o9xde_25\">133.000 mennesker<\/strong> (6 liter per dag).<\/li>\n<li class=\"_item_o9xde_30\">I \u00e5r har organisasjonen produsert nesten <strong class=\"_strong_o9xde_25\">100 millioner liter rent vann<\/strong> til mennesker i Gaza.<\/li>\n<\/ul>\n<p>Vis merKrever konsekvenser<\/p>\n<p class=\"_paragraph_o9xde_4 _paragraph_xtcu6_10 layout-component text-serif-m layout-normal text-serif-m layout-padded\">Dette er ikke f\u00f8rste gangen Leger Uten Grenser har blitt kastet ut fra konfliktomr\u00e5der. Hurum viser blant annet til at deres personell ble utestengt fra Darfur i Sudan i 2009 og Myanmar i 2014.<\/p>\n<p class=\"_paragraph_o9xde_4 _paragraph_xtcu6_10 layout-component text-serif-m layout-normal text-serif-m layout-padded\">\u2013 Dette er jo regimer som er autorit\u00e6re, og som gjerne bruker dette som en del av sin strategi. For det er klart at det de anser som fienden, ikke f\u00e5r tilgang p\u00e5 hjelp, sier hun.<\/p>\n<p class=\"_paragraph_o9xde_4 _paragraph_xtcu6_10 layout-component text-serif-m layout-normal text-serif-m layout-padded\">Hun sier \u00e5rsaken til at Israel s\u00e6rlig har pekt ut Leger Uten Grenser, er blant organisasjonens rolle som sannhetsvitne til det som skjer.<\/p>\n<p><img alt=\"Foto: OMAR AL-QATTAA \/ AFP \/ NTB\" class=\"_image_qp4xg_65 layout-component layout-normal\" data-fullscreen- data-track-element-type=\"Article image fullscreen\" data-track-name=\"ImageFullscreen\" decoding=\"async\" loading=\"lazy\" height=\"3648\" itemprop=\"image\"  src=\"https:\/\/www.europesays.com\/no\/wp-content\/uploads\/2026\/01\/be62f4fb-562e-4b58-ae6f-6239a422ab9d.jpeg\"  style=\"object-position:0% 0%\" width=\"5472\"\/>Foto: OMAR AL-QATTAA \/ AFP \/ NTB<\/p>\n<p class=\"_paragraph_o9xde_4 _paragraph_xtcu6_10 layout-component text-serif-m layout-normal text-serif-m layout-padded\">\u2013 Vi kan redde liv, men vi kan ikke stoppe et folkemord. Vi kan ikke stanse bomber, og da m\u00e5 vi si fra om det er en urett som beg\u00e5s. Det er ubehagelig for Israel, men det er ikke vi som har ansvaret for at det er ubehagelig, sier Hurum.<\/p>\n<p class=\"_paragraph_o9xde_4 _paragraph_xtcu6_10 layout-component text-serif-m layout-normal text-serif-m layout-padded\">Hun etterlyser konkrete konsekvenser fra det internasjonale samfunnet.<\/p>\n<p class=\"_paragraph_o9xde_4 _paragraph_xtcu6_10 layout-component text-serif-m layout-normal text-serif-m layout-padded\">\u2013 \u00c5 ford\u00f8mme folkerettsbrudd som den norske regjeringen har gjort i over to \u00e5r, har ikke f\u00f8rt til at Israel gj\u00f8r f\u00e6rre folkerettsbrudd. S\u00e5 s\u00e5 lenge det ikke f\u00e5r konsekvenser, s\u00e5 vil de fortsette, avslutter Hurum.<\/p>\n","protected":false},"excerpt":{"rendered":"Israel nekter Leger Uten Grenser og 36 andre organisasjoner innreise til Gaza og Vestbredden. Kravet er \u00e5 dele&hellip;\n","protected":false},"author":2,"featured_media":136361,"comment_status":"","ping_status":"","sticky":false,"template":"","format":"standard","meta":{"footnotes":""},"categories":[12],"tags":[20,21,24,25,53,15,52,22,23,6063,13,30,28,29,14,16,26,27,42,43,44,45],"class_list":{"0":"post-136360","1":"post","2":"type-post","3":"status-publish","4":"format-standard","5":"has-post-thumbnail","7":"category-verden","8":"tag-breaking-news","9":"tag-breakingnews","10":"tag-featured-news","11":"tag-featurednews","12":"tag-gaza","13":"tag-headlines","14":"tag-israel","15":"tag-latest-news","16":"tag-latestnews","17":"tag-leger-uten-grenser","18":"tag-news","19":"tag-no","20":"tag-norge","21":"tag-norway","22":"tag-nyheter","23":"tag-overskrifter","24":"tag-top-stories","25":"tag-topstories","26":"tag-verden","27":"tag-world","28":"tag-world-news","29":"tag-worldnews"},"share_on_mastodon":{"url":"https:\/\/pubeurope.com\/@no\/115890125846395460","error":""},"_links":{"self":[{"href":"https:\/\/www.europesays.com\/no\/wp-json\/wp\/v2\/posts\/136360","targetHints":{"allow":["GET"]}}],"collection":[{"href":"https:\/\/www.europesays.com\/no\/wp-json\/wp\/v2\/posts"}],"about":[{"href":"https:\/\/www.europesays.com\/no\/wp-json\/wp\/v2\/types\/post"}],"author":[{"embeddable":true,"href":"https:\/\/www.europesays.com\/no\/wp-json\/wp\/v2\/users\/2"}],"replies":[{"embeddable":true,"href":"https:\/\/www.europesays.com\/no\/wp-json\/wp\/v2\/comments?post=136360"}],"version-history":[{"count":0,"href":"https:\/\/www.europesays.com\/no\/wp-json\/wp\/v2\/posts\/136360\/revisions"}],"wp:featuredmedia":[{"embeddable":true,"href":"https:\/\/www.europesays.com\/no\/wp-json\/wp\/v2\/media\/136361"}],"wp:attachment":[{"href":"https:\/\/www.europesays.com\/no\/wp-json\/wp\/v2\/media?parent=136360"}],"wp:term":[{"taxonomy":"category","embeddable":true,"href":"https:\/\/www.europesays.com\/no\/wp-json\/wp\/v2\/categories?post=136360"},{"taxonomy":"post_tag","embeddable":true,"href":"https:\/\/www.europesays.com\/no\/wp-json\/wp\/v2\/tags?post=136360"}],"curies":[{"name":"wp","href":"https:\/\/api.w.org\/{rel}","templated":true}]}}