{"id":136364,"date":"2026-01-13T22:23:09","date_gmt":"2026-01-13T22:23:09","guid":{"rendered":"https:\/\/www.europesays.com\/no\/136364\/"},"modified":"2026-01-13T22:23:09","modified_gmt":"2026-01-13T22:23:09","slug":"manchester-city-newcastle-2-0-antoine-semenyos-drommestart-fortsetter-haaland-involvert-i-var-kontrovers","status":"publish","type":"post","link":"https:\/\/www.europesays.com\/no\/136364\/","title":{"rendered":"Manchester City \u2013 Newcastle 2\u20130 \u2013 Antoine Semenyos dr\u00f8mmestart fortsetter, Haaland involvert i VAR-kontrovers"},"content":{"rendered":"\n<p class=\"_lead_o9xde_2 _lead_xtcu6_50 layout-component text-serif-m layout-normal text-serif-l layout-component layout-wide layout-padded _wide_17hqh_1 layout-padded\">Antoine Semenyo (25) har virkelig funnet seg til rette i City-drakten. <\/p>\n<p> <img class=\"_image_qp4xg_65 layout-component layout-wide\" data-fullscreen- data-track-element-type=\"Article image fullscreen\" data-track-name=\"ImageFullscreen\" fetchpriority=\"high\" decoding=\"sync\" loading=\"eager\" height=\"102\" itemprop=\"image\"  src=\"https:\/\/www.europesays.com\/no\/wp-content\/uploads\/2026\/01\/83ae3b7f9b0d67c9f4d32bf851bfd8ab.jpg\"  style=\"object-position:50% 50%;aspect-ratio:1.75;height:auto;object-fit:cover;width:100%\" width=\"102\"\/>  <\/p>\n<ul aria-hidden=\"true\" class=\"_images_ntbth_112\">\n<li><a class=\"_link_ntbth_117\" href=\"https:\/\/www.vg.no\/forfatter\/sindre-espe\" style=\"z-index:1\" title=\"Sindre Espe\" rel=\"nofollow noopener\" target=\"_blank\"><img alt=\"Bilde av Sindre Espe\" class=\"_image_ntbth_93\" fetchpriority=\"low\" loading=\"lazy\" decoding=\"async\" itemprop=\"image\"  src=\"https:\/\/www.europesays.com\/no\/wp-content\/uploads\/2026\/01\/1768342989_698_5d41d29b-af5f-421d-80e6-42e6d80fe76e.png\"  width=\"480\"\/><\/a><\/li>\n<\/ul>\n<p> Oppdatert tirsdag 13. januar kl. 23:22     <\/p>\n<p class=\"_paragraph_o9xde_4 _paragraph_xtcu6_10 layout-component text-serif-m layout-normal text-serif-m layout-padded\">25-\u00e5ringen scoret kampens f\u00f8rste da <a href=\"https:\/\/www.vg.no\/tag\/manchester-city?utm_source=vg-article&amp;utm_medium=auto-tagger&amp;utm_campaign=d4lk91\" class=\"_link_o9xde_39\" rel=\"nofollow noopener\" target=\"_blank\">Manchester City<\/a> tok sikret et dr\u00f8mmeutgangspunkt i det f\u00f8rste av to semifinaleoppgj\u00f8r i ligacupen. City vant kampen 2\u20130.<\/p>\n<p class=\"_paragraph_o9xde_4 _paragraph_xtcu6_10 layout-component text-serif-m layout-normal text-serif-m layout-padded\">Returoppgj\u00f8ret spilles 4. februar. Vinneren over to kamper m\u00f8ter Arsenal eller ChelseaArsenal eller ChelseaSpiller f\u00f8rste semifinale i morgen, onsdag, og returoppgj\u00f8ret 3. februar.  i finalen 22. mars p\u00e5 Wembley. <\/p>\n<p><img decoding=\"async\" alt=\"Bilde av Antoine Semenyo\" class=\"_image_ygndg_42\" height=\"27\" itemprop=\"image\" loading=\"lazy\"  src=\"https:\/\/www.europesays.com\/no\/wp-content\/uploads\/2026\/01\/7651d209-1e02-485e-83be-62c7644c0e26.jpeg\"  width=\"40\"\/><strong class=\"_name_ygndg_51 title-serif-xs\">Antoine Semenyo<\/strong><\/p>\n<p class=\"_paragraph_o9xde_4 _paragraph_xtcu6_10 layout-component text-serif-m layout-normal text-serif-m layout-padded\">Etter en tam og sjansefattig f\u00f8rste omgang, fikk de fremm\u00f8tte p\u00e5 St. James\u2019 Park mer valuta for pengene i de siste 45 minuttene. <\/p>\n<p class=\"_paragraph_o9xde_4 _paragraph_xtcu6_10 layout-component text-serif-m layout-normal text-serif-m layout-padded\">\u2013 Antoine Semenyo gjorde det alle gode vinger b\u00f8r gj\u00f8re \u2013 og hvis du gj\u00f8r det, f\u00e5r du de enkle scoringene dine, sa tidligere Chelsea-spiller Pat Nevin p\u00e5 radiosendingen til BBC da ghaneseren satte inn kampens f\u00f8rste. <\/p>\n<p class=\"_paragraph_o9xde_4 _paragraph_xtcu6_10 layout-component text-serif-m layout-normal text-serif-m layout-padded\">Fredag ble Semenyo klar for City etter <a href=\"https:\/\/www.vg.no\/sport\/i\/8pm3xQ\/bournemouth-stjernen-antoine-semenyo-klar-for-manchester-city\" data-track-element-type=\"Link\" data-track-id=\"link:8pm3xQ\" class=\"_link_o9xde_39\" rel=\"nofollow noopener\" target=\"_blank\">overgangen fra Bournemouth<\/a>. Ghaneseren har signert en kontrakt p\u00e5 fem og et halvt \u00e5r, og overgangssummen skal ligge p\u00e5 rundt 846 millioner kroner.<\/p>\n<p class=\"_paragraph_o9xde_4 _paragraph_xtcu6_10 layout-component text-serif-m layout-normal text-serif-m layout-padded\">\u2013 Hele milj\u00f8et her er perfekt. Alle er fulle av selvtillit og \u00f8nsker bare \u00e5 oppn\u00e5 det beste. Jeg har kommet inn i det og f\u00e5tt masse st\u00f8tte \u2013 de har virkelig hjulpet meg med selvtilliten og f\u00e5tt meg til \u00e5 f\u00f8le meg velkommen, sier Semenyo til Sky Sports. <\/p>\n<p class=\"_paragraph_o9xde_4 _paragraph_xtcu6_10 layout-component text-serif-m layout-normal text-serif-m layout-padded\">I debuten sin l\u00f8rdag markerte han seg umiddelbart med b\u00e5de scoring og m\u00e5lgivende da Manchester City ydmyket League One-laget Exeter med 10\u20131-seier i FA-cupen.<\/p>\n<p class=\"_paragraph_o9xde_4 _paragraph_xtcu6_10 layout-component text-serif-m layout-normal text-serif-m layout-padded\">Kort tid etter 0\u20131-scoringen trodde han at han ogs\u00e5 hadde sikret seg sitt fjerde m\u00e5lpoeng i City-drakten \u2013 denne gangen med kneet. <\/p>\n<p class=\"_paragraph_o9xde_4 _paragraph_xtcu6_10 layout-component text-serif-m layout-normal text-serif-m layout-padded\">Men etter en over fem minutter lang VAR-sjekk konkluderte dommer Chris Kavanagh med at Erling Braut Haaland \u2013 som var involvert i spillet \u2013 var h\u00e5rfint i offside.<\/p>\n<p class=\"_paragraph_o9xde_4 _paragraph_xtcu6_10 layout-component text-serif-m layout-normal text-serif-m layout-padded\"><strong class=\"_strong_o9xde_25\">Den lange tidsbruken har skapt reaksjoner.<\/strong><\/p>\n<p class=\"_paragraph_o9xde_4 _paragraph_xtcu6_10 layout-component text-serif-m layout-normal text-serif-m layout-padded\">\u2013 Jeg vet ikke helt hva jeg skal si, og jeg vil heller ikke si for mye \u2013 vi vet hvordan dette fungerer, innleder City-spiller Bernardo Silva til ITV Sport. <\/p>\n<p><img alt=\"Foto: OLI SCARFF \/ AFP \/ NTB\" class=\"_image_qp4xg_65 layout-component layout-normal\" data-fullscreen- data-track-element-type=\"Article image fullscreen\" data-track-name=\"ImageFullscreen\" decoding=\"async\" loading=\"lazy\" height=\"2244\" itemprop=\"image\"  src=\"https:\/\/www.europesays.com\/no\/wp-content\/uploads\/2026\/01\/de8dd68d-0e1e-4240-96a1-45e445689237.png\"  style=\"object-position:0% 0%\" width=\"3365\"\/>Foto: OLI SCARFF \/ AFP \/ NTB<\/p>\n<p class=\"_paragraph_o9xde_4 _paragraph_xtcu6_10 layout-component text-serif-m layout-normal text-serif-m layout-padded\">Han lar seg likevel rive med:<\/p>\n<p class=\"_paragraph_o9xde_4 _paragraph_xtcu6_10 layout-component text-serif-m layout-normal text-serif-m layout-padded\">\u2013 Jeg s\u00e5 situasjonen, og det s\u00e5 veldig jevnt ut for meg, men s\u00e5nn er det. Det er utrolig frustrerende, spesielt fordi vi ogs\u00e5 forrige gang vi spilte her, fikk en rekke avgj\u00f8relser mot oss. Selv om vi vant, var det bare frustrerende, for \u00e5 v\u00e6re \u00e6rlig, fortsetter han.<\/p>\n<p class=\"_paragraph_o9xde_4 _paragraph_xtcu6_10 layout-component text-serif-m layout-normal text-serif-m layout-padded\">\u2013 VAR m\u00e5 bli raskere. Det kan ikke v\u00e6re s\u00e5 grundig og tidkrevende som dette. Et avbrudd p\u00e5 fire minutter \u2013 det kan umulig v\u00e6re en \u00abklar og \u00e5penbar feil\u00bb n\u00e5r begge holder, skriver fotballskribent Henry Winter p\u00e5 <a href=\"https:\/\/x.com\/henrywinter\/status\/2011189834409525320?s=20\" class=\"_link_o9xde_39\" rel=\"nofollow\">X<\/a>. <\/p>\n<p class=\"_paragraph_o9xde_4 _paragraph_xtcu6_10 layout-component text-serif-m layout-normal text-serif-m layout-padded\">\u2013 Sett en grense p\u00e5 90 sekunder for avgj\u00f8relsene, takk, fortsetter Winter. <\/p>\n<p class=\"_paragraph_o9xde_4 _paragraph_xtcu6_10 layout-component text-serif-m layout-normal text-serif-m layout-padded\">\u2013 Jeg m\u00e5 bare si det: Fotballen er ikke til \u00e5 kjenne igjen lenger. Thiaw kunne ikke gjort noe i den situasjonen \u2013 det der er bare en ren gjetning fra dommeren, mener Sky Sports\u2019 Chris Sutton. <\/p>\n<p class=\"_paragraph_o9xde_4 _paragraph_xtcu6_10 layout-component text-serif-m layout-normal text-serif-m layout-padded\">\u2013 Jeg har ikke peiling. Det er sannheten, sier Nevin om den h\u00e5rfine offsiden. <\/p>\n<p class=\"_paragraph_o9xde_4 _paragraph_xtcu6_10 layout-component text-serif-m layout-normal text-serif-m layout-padded\">Ni minutter p\u00e5 overtid satte Rayan Cherki inn Citys andre \u2013 og kampens siste. <\/p>\n<p class=\"_paragraph_o9xde_4 _paragraph_xtcu6_10 layout-component text-serif-m layout-normal text-serif-m layout-padded\">L\u00f8rdag kl. 13.30 er det klart for Manchester-derby p\u00e5 Old Trafford. S\u00f8ndag reiser Newcastle til Wolverhampton for \u00e5 m\u00f8te J\u00f8rgen Strand Larsen og David M\u00f8ller Wolfe.<\/p>\n<p>Semifinalene i ligacupen<\/p>\n<ul class=\"_list_o9xde_3 _list_xtcu6_9 _list_16v91_9 _unordered_o9xde_106 layout-component text-serif-m layout-normal text-sans-m layout-padded\">\n<li class=\"_item_o9xde_30\">13. januar: Newcastle \u2013 Manchester City<\/li>\n<li class=\"_item_o9xde_30\">14. januar: Chelsea \u2013 Arsenal<\/li>\n<li class=\"_item_o9xde_30\">3. februar: Arsenal \u2013 Chelsea<\/li>\n<li class=\"_item_o9xde_30\">4. februar: Manchester City \u2013 Newcastle<\/li>\n<\/ul>\n<p>Vis mer     <\/p>\n","protected":false},"excerpt":{"rendered":"Antoine Semenyo (25) har virkelig funnet seg til rette i City-drakten. Oppdatert tirsdag 13. januar kl. 23:22 25-\u00e5ringen&hellip;\n","protected":false},"author":2,"featured_media":136365,"comment_status":"","ping_status":"","sticky":false,"template":"","format":"standard","meta":{"footnotes":""},"categories":[5],"tags":[20,21,810,24,25,15,19,22,23,3975,17,18,671,159,13,30,28,29,14,16,26,27],"class_list":{"0":"post-136364","1":"post","2":"type-post","3":"status-publish","4":"format-standard","5":"has-post-thumbnail","7":"category-overskrifter","8":"tag-breaking-news","9":"tag-breakingnews","10":"tag-erling-braut-haaland","11":"tag-featured-news","12":"tag-featurednews","13":"tag-headlines","14":"tag-hovedoppslag","15":"tag-latest-news","16":"tag-latestnews","17":"tag-ligacupen","18":"tag-main-news","19":"tag-mainnews","20":"tag-manchester-city","21":"tag-newcastle-united-fc","22":"tag-news","23":"tag-no","24":"tag-norge","25":"tag-norway","26":"tag-nyheter","27":"tag-overskrifter","28":"tag-top-stories","29":"tag-topstories"},"share_on_mastodon":{"url":"https:\/\/pubeurope.com\/@no\/115890133739254785","error":""},"_links":{"self":[{"href":"https:\/\/www.europesays.com\/no\/wp-json\/wp\/v2\/posts\/136364","targetHints":{"allow":["GET"]}}],"collection":[{"href":"https:\/\/www.europesays.com\/no\/wp-json\/wp\/v2\/posts"}],"about":[{"href":"https:\/\/www.europesays.com\/no\/wp-json\/wp\/v2\/types\/post"}],"author":[{"embeddable":true,"href":"https:\/\/www.europesays.com\/no\/wp-json\/wp\/v2\/users\/2"}],"replies":[{"embeddable":true,"href":"https:\/\/www.europesays.com\/no\/wp-json\/wp\/v2\/comments?post=136364"}],"version-history":[{"count":0,"href":"https:\/\/www.europesays.com\/no\/wp-json\/wp\/v2\/posts\/136364\/revisions"}],"wp:featuredmedia":[{"embeddable":true,"href":"https:\/\/www.europesays.com\/no\/wp-json\/wp\/v2\/media\/136365"}],"wp:attachment":[{"href":"https:\/\/www.europesays.com\/no\/wp-json\/wp\/v2\/media?parent=136364"}],"wp:term":[{"taxonomy":"category","embeddable":true,"href":"https:\/\/www.europesays.com\/no\/wp-json\/wp\/v2\/categories?post=136364"},{"taxonomy":"post_tag","embeddable":true,"href":"https:\/\/www.europesays.com\/no\/wp-json\/wp\/v2\/tags?post=136364"}],"curies":[{"name":"wp","href":"https:\/\/api.w.org\/{rel}","templated":true}]}}