{"id":136370,"date":"2026-01-13T22:28:49","date_gmt":"2026-01-13T22:28:49","guid":{"rendered":"https:\/\/www.europesays.com\/no\/136370\/"},"modified":"2026-01-13T22:28:49","modified_gmt":"2026-01-13T22:28:49","slug":"skaper-store-bekymringer","status":"publish","type":"post","link":"https:\/\/www.europesays.com\/no\/136370\/","title":{"rendered":"&#8211; Skaper store bekymringer"},"content":{"rendered":"<p class=\"kicker \" style=\"\">Trump advarer mot hengninger:<\/p>\n<p>    &#8211; USA vil reagere sv\u00e6rt kraftig dersom iranske myndigheter begynner \u00e5 henge demonstranter, sier president Donald Trump.<\/p>\n<p>\n    ADVARER: USAs president Donald Trump kommer med en ny advarsel til det iranske regimet tirsdag. Foto: Evelyn Hockstein \/ Reuters \/ NTB\n  <\/p>\n<p>I et intervju med <a href=\"https:\/\/www.cbsnews.com\/news\/trump-warns-us-action-if-iran-hangs-protesters\/\" rel=\"nofollow noopener\" target=\"_blank\">CBS News<\/a> tirsdag kveld norsk tid sa Trump at USA vil ta \u00absv\u00e6rt sterke grep\u00bb dersom Iran g\u00e5r til hengning av demonstranter.<\/p>\n<p class=\"font-weight-bold m-font-weight-bold\" data-lab-font_weight=\"font-weight-bold\">&#8211; Jeg har ikke h\u00f8rt om hengninger. Men hvis de henger dem, kommer dere til \u00e5 se noen ting&#8230; Vi vil ta sv\u00e6rt sterke grep hvis de gj\u00f8r noe slikt, sa Trump.<\/p>\n<p>Presidenten utdypet ikke hvilke tiltak USA eventuelt vil iverksette.<\/p>\n<p data-lab-font_weight=\"font-weight-bold\" class=\"font-weight-bold m-font-weight-bold\">Iran\u00a0h\u00e5ndhever d\u00f8dsstraff for en rekke forbrytelser og rangeres som verdens nest mest aktive bruker av henrettelser etter Kina, if\u00f8lge menneskerettighetsgrupper, deriblant Amnesty International.<\/p>\n<p>Henrettelser i\u00a0Iran\u00a0utf\u00f8res vanligvis ved henging ved daggry.<\/p>\n<p>        IRAN: Uroen som har preget Iran siden 28. desember har f\u00e5tt dramatiske konsekvenser. Video: X. Reporter: Trond Markus Gravdal \/ Dagbladet TV<\/p>\n<p>Store d\u00f8dstall  <\/p>\n<p>Det er alts\u00e5 forel\u00f8pig ikke meldt at Iran har hengt demonstranter, men Trump la til at han er klar over at et \u00abganske betydelig antall\u00bb er drept i landet, etter at protestende br\u00f8t ut for to uker siden.\u00a0<\/p>\n<p class=\"font-weight-bold m-font-weight-bold\" data-lab-font_weight=\"font-weight-bold\"> If\u00f8lge USA-baserte HRANA er 1850 protesterende og 135 myndighetspersoner, samt ni under 18 \u00e5r og ni sivile, drept hittil.<\/p>\n<p class=\"font-weight-normal m-font-weight-normal\" data-lab-font_weight=\"font-weight-normal\"> Iransk statlig fjernsyn kom ogs\u00e5 i dag med den f\u00f8rste offisielle erkjennelsen av det h\u00f8ye d\u00f8dstallet. I uttalelsen kom det fram at landet har \u00abmange martyrer\u00bb som f\u00f8lge av \u00abv\u00e6pnede grupper og terrorister\u00bb.<\/p>\n<p>\u00a0Tidligere har iranske myndigheter ansl\u00e5tt at 500 er drept. <\/p>\n<ul>\n<li class=\"lab-bodytext-line italic m-italic\" data-lab-italic=\"italic\">Eksperter har tidligere sagt til Dagbladet at demonstranter risikerer d\u00f8dsstraff:<\/li>\n<\/ul>\n<p>    <a itemprop=\"url\" href=\"https:\/\/www.dagbladet.no\/nyheter\/alt-er-under-press\/84045009\" rel=\"nofollow noopener\" target=\"_blank\"><\/p>\n<p>        <img loading=\"lazy\" decoding=\"async\" src=\"https:\/\/www.europesays.com\/no\/wp-content\/uploads\/2026\/01\/1768343328_61_84045263.webp.webp\" width=\"980\" height=\"441\" title=\"- Alt er under press\" alt=\"\" class=\"lazyload\" style=\"--aspect-ratio-image: 2.22; \"\/><\/p>\n<p>        &#8211; Alt er under press<\/p>\n<p>    <\/a><\/p>\n<p>Blusset opp  <\/p>\n<p>Demonstrasjonene har p\u00e5g\u00e5tt siden 28. desember. Da falt valutaen rijal til rekordlav verdi, samtidig som\u00a0Iran\u00a0var rammet av skyh\u00f8y inflasjon og myndighetene nettopp hadde kuttet bensinsubsidiene.\u00a0<\/p>\n<p class=\"font-weight-bold m-font-weight-bold\" data-lab-font_weight=\"font-weight-bold\">De vokste raskt i omfang og begynte snart \u00e5 rette seg mot landets regime &#8211; s\u00e6rlig den 86 \u00e5r gamle \u00f8verste lederen ayatolla Ali Khamenei.<\/p>\n<p>Det meldes om sterkt \u00f8kt tilstedev\u00e6relse fra sikkerhetsstyrkene i hovedstaden Teheran de siste dagene. Regimet koblet fra internett sist torsdag, og fjernet ogs\u00e5 tilgangen til internasjonale telefonsamtaler.\u00a0<\/p>\n<p>De anklager USA og Israel for \u00e5 st\u00e5 bak demonstrasjonene.<\/p>\n<p>    <a itemprop=\"url\" href=\"https:\/\/www.dagbladet.no\/nyheter\/frykter-blodbad\/84087862\" rel=\"nofollow noopener\" target=\"_blank\"><\/p>\n<p>        <img loading=\"lazy\" decoding=\"async\" src=\"https:\/\/www.europesays.com\/no\/wp-content\/uploads\/2026\/01\/84094772.webp.webp\" width=\"980\" height=\"441\" title=\"Frykter blodbad\" alt=\"\" class=\"lazyload\" style=\"--aspect-ratio-image: 2.22; \"\/><\/p>\n<p>        Frykter blodbad<\/p>\n<p>    <\/a><\/p>\n","protected":false},"excerpt":{"rendered":"Trump advarer mot hengninger: &#8211; USA vil reagere sv\u00e6rt kraftig dersom iranske myndigheter begynner \u00e5 henge demonstranter, sier&hellip;\n","protected":false},"author":2,"featured_media":136371,"comment_status":"","ping_status":"","sticky":false,"template":"","format":"standard","meta":{"footnotes":""},"categories":[12],"tags":[20,21,24,25,15,977,1242,22,23,4869,13,30,28,29,14,526,16,83,26,27,42,43,44,45],"class_list":{"0":"post-136370","1":"post","2":"type-post","3":"status-publish","4":"format-standard","5":"has-post-thumbnail","7":"category-verden","8":"tag-breaking-news","9":"tag-breakingnews","10":"tag-featured-news","11":"tag-featurednews","12":"tag-headlines","13":"tag-ishockey","14":"tag-italia","15":"tag-latest-news","16":"tag-latestnews","17":"tag-milano","18":"tag-news","19":"tag-no","20":"tag-norge","21":"tag-norway","22":"tag-nyheter","23":"tag-ol","24":"tag-overskrifter","25":"tag-sport","26":"tag-top-stories","27":"tag-topstories","28":"tag-verden","29":"tag-world","30":"tag-world-news","31":"tag-worldnews"},"share_on_mastodon":{"url":"https:\/\/pubeurope.com\/@no\/115890157309954377","error":""},"_links":{"self":[{"href":"https:\/\/www.europesays.com\/no\/wp-json\/wp\/v2\/posts\/136370","targetHints":{"allow":["GET"]}}],"collection":[{"href":"https:\/\/www.europesays.com\/no\/wp-json\/wp\/v2\/posts"}],"about":[{"href":"https:\/\/www.europesays.com\/no\/wp-json\/wp\/v2\/types\/post"}],"author":[{"embeddable":true,"href":"https:\/\/www.europesays.com\/no\/wp-json\/wp\/v2\/users\/2"}],"replies":[{"embeddable":true,"href":"https:\/\/www.europesays.com\/no\/wp-json\/wp\/v2\/comments?post=136370"}],"version-history":[{"count":0,"href":"https:\/\/www.europesays.com\/no\/wp-json\/wp\/v2\/posts\/136370\/revisions"}],"wp:featuredmedia":[{"embeddable":true,"href":"https:\/\/www.europesays.com\/no\/wp-json\/wp\/v2\/media\/136371"}],"wp:attachment":[{"href":"https:\/\/www.europesays.com\/no\/wp-json\/wp\/v2\/media?parent=136370"}],"wp:term":[{"taxonomy":"category","embeddable":true,"href":"https:\/\/www.europesays.com\/no\/wp-json\/wp\/v2\/categories?post=136370"},{"taxonomy":"post_tag","embeddable":true,"href":"https:\/\/www.europesays.com\/no\/wp-json\/wp\/v2\/tags?post=136370"}],"curies":[{"name":"wp","href":"https:\/\/api.w.org\/{rel}","templated":true}]}}