{"id":136380,"date":"2026-01-13T22:35:08","date_gmt":"2026-01-13T22:35:08","guid":{"rendered":"https:\/\/www.europesays.com\/no\/136380\/"},"modified":"2026-01-13T22:35:08","modified_gmt":"2026-01-13T22:35:08","slug":"trump-svindel-trump-vil-frata-innvandrere-domt-for-svindel-statsborgerskapet","status":"publish","type":"post","link":"https:\/\/www.europesays.com\/no\/136380\/","title":{"rendered":"Trump, Svindel | Trump vil frata innvandrere d\u00f8mt for svindel statsborgerskapet"},"content":{"rendered":"\n<p>Uttalelsen kom i forbindelse med at Trump talte p\u00e5 et arrangement i Detroit tirsdag. Presidenten brukte innvandrere fra Somalia som eksempel p\u00e5 hvem det kan v\u00e6re aktuelt \u00e5 frata statsborgerskapet.<\/p>\n<p>Trump har ogs\u00e5 tidligere g\u00e5tt hardt ut mot somaliske innvandrere og bedt dem forlate USA. <\/p>\n<p> \u2013 Landet deres er ikke bra av en grunn. Vi g\u00e5r feil vei hvis vi fortsetter \u00e5 ta inn s\u00f8ppel til landet v\u00e5rt, sa han under et regjeringsm\u00f8te i desember, if\u00f8lge <a href=\"https:\/\/www.nytimes.com\/live\/2025\/12\/02\/us\/trump-ukraine-putin-news\/036a79a9-d29a-5e56-a713-9ecec3e0aec9?smid=url-share\" rel=\"nofollow noopener\" target=\"_blank\">New York Times<\/a>. <\/p>\n<p>Samme m\u00e5ned sendte Trump-administrasjonen agenter fra immigrasjonspolitiet Ice til Minnesota for \u00e5 p\u00e5gripe og deportere somaliske innvandrere uten lovlig opphold. Delstaten har USAs st\u00f8rste somaliske lokalsamfunn.<\/p>\n<p>Som innvandrer i USA er det mulig \u00e5 miste statsborgerskapet, men ikke hvis man d\u00f8mmes for svindel eller andre kriminelle handlinger. Trump-administrasjonen m\u00e5 derfor endre loven for \u00e5 f\u00e5 gjennom politikken sin.<\/p>\n","protected":false},"excerpt":{"rendered":"Uttalelsen kom i forbindelse med at Trump talte p\u00e5 et arrangement i Detroit tirsdag. Presidenten brukte innvandrere fra&hellip;\n","protected":false},"author":2,"featured_media":136381,"comment_status":"","ping_status":"","sticky":false,"template":"","format":"standard","meta":{"footnotes":""},"categories":[12],"tags":[20,21,24,25,15,22,23,13,30,28,29,14,16,26,27,42,43,44,45],"class_list":{"0":"post-136380","1":"post","2":"type-post","3":"status-publish","4":"format-standard","5":"has-post-thumbnail","7":"category-verden","8":"tag-breaking-news","9":"tag-breakingnews","10":"tag-featured-news","11":"tag-featurednews","12":"tag-headlines","13":"tag-latest-news","14":"tag-latestnews","15":"tag-news","16":"tag-no","17":"tag-norge","18":"tag-norway","19":"tag-nyheter","20":"tag-overskrifter","21":"tag-top-stories","22":"tag-topstories","23":"tag-verden","24":"tag-world","25":"tag-world-news","26":"tag-worldnews"},"share_on_mastodon":{"url":"https:\/\/pubeurope.com\/@no\/115890180815396535","error":""},"_links":{"self":[{"href":"https:\/\/www.europesays.com\/no\/wp-json\/wp\/v2\/posts\/136380","targetHints":{"allow":["GET"]}}],"collection":[{"href":"https:\/\/www.europesays.com\/no\/wp-json\/wp\/v2\/posts"}],"about":[{"href":"https:\/\/www.europesays.com\/no\/wp-json\/wp\/v2\/types\/post"}],"author":[{"embeddable":true,"href":"https:\/\/www.europesays.com\/no\/wp-json\/wp\/v2\/users\/2"}],"replies":[{"embeddable":true,"href":"https:\/\/www.europesays.com\/no\/wp-json\/wp\/v2\/comments?post=136380"}],"version-history":[{"count":0,"href":"https:\/\/www.europesays.com\/no\/wp-json\/wp\/v2\/posts\/136380\/revisions"}],"wp:featuredmedia":[{"embeddable":true,"href":"https:\/\/www.europesays.com\/no\/wp-json\/wp\/v2\/media\/136381"}],"wp:attachment":[{"href":"https:\/\/www.europesays.com\/no\/wp-json\/wp\/v2\/media?parent=136380"}],"wp:term":[{"taxonomy":"category","embeddable":true,"href":"https:\/\/www.europesays.com\/no\/wp-json\/wp\/v2\/categories?post=136380"},{"taxonomy":"post_tag","embeddable":true,"href":"https:\/\/www.europesays.com\/no\/wp-json\/wp\/v2\/tags?post=136380"}],"curies":[{"name":"wp","href":"https:\/\/api.w.org\/{rel}","templated":true}]}}