{"id":136398,"date":"2026-01-13T22:54:17","date_gmt":"2026-01-13T22:54:17","guid":{"rendered":"https:\/\/www.europesays.com\/no\/136398\/"},"modified":"2026-01-13T22:54:17","modified_gmt":"2026-01-13T22:54:17","slug":"trafikk-finnmark-sennalandet-er-stengt","status":"publish","type":"post","link":"https:\/\/www.europesays.com\/no\/136398\/","title":{"rendered":"Trafikk, Finnmark | Sennalandet er stengt"},"content":{"rendered":"\n<p>Tirsdag kveld er det s\u00f8rlig liten til full storm i deler av Finnmark. Uv\u00e6ret som er venter \u00e5 vare fram til ut onsdagen, gir stedvis redusert sikt og sn\u00f8 som pakker seg i veibanen.<\/p>\n<p>  <a href=\"https:\/\/www.ifinnmark.no\/5-81-2378580\" class=\"related-teaser has-image default-story-teaser article--c-eRUmMG article--c-eRUmMG-jKCPdD-design-default\" wp_automatic_readability=\"1\" rel=\"nofollow noopener\" target=\"_blank\"><\/p>\n<p>    <img decoding=\"async\" loading=\"lazy\"  src=\"https:\/\/www.europesays.com\/no\/wp-content\/uploads\/2026\/01\/33b030cae35aa8186d5814fb3453c7f94c896378-1200x675.jpg\" alt=\"\" class=\"brick-c-cFOWSL\" style=\"\"\/><\/p>\n<p>\n            Les ogs\u00e5<\/p>\n<p>  Farevarsel for sn\u00f8fokk <\/p>\n<p>  <\/a><br \/>\n  Sennalandet er stengt<\/p>\n<p>Trafikkoperat\u00f8r hos Veitrafikksentralen nord, Arne S\u00e6termo, bekrefter at det er utfordrende flere steder tirsdag kveld.<\/p>\n<p>\u2013 Det er sn\u00f8fokk det g\u00e5r p\u00e5. Det er enn\u00e5 \u00e5pent over Sennalandet, men lenger nord er det mer problemer \u2013 opp til Mager\u00f8ya og den veien, og likedan p\u00e5 Ifjordfjellet og p\u00e5 Nordkyn er det stengt eller kolonnekj\u00f8rt, sa han 18-tiden.<\/p>\n<p><b>Like f\u00f8r klokken 23 ble Sennalandet stengt. <\/b><\/p>\n<p>Veitrafikksentralen har satt beregnet sluttid til onsdag morgen klokken seks.<\/p>\n<p>Flere veier rammet<\/p>\n<p>En del stengte veier har ukjent tid for vei\u00e5pning, mens eksempelvis fylkesvei 894 mellom Mehamnelv bru og Kifjord krysset har ny vurdering f\u00f8rst onsdag klokken 14.<\/p>\n<p>Ifjordfjellet holder stengt i f\u00f8rste omgang gjennom natten, og har ny vurdering klokken \u00e5tte onsdag.<\/p>\n<p>\u2013 De h\u00e5per \u00e5 f\u00e5 \u00e5pnet for kolonne i morgen tidlig, men de kunne ikke love noe, sier S\u00e6termo.<\/p>\n<p>Kongfjordfjellet og B\u00e5tsfjordfjellet er \u00e5pent for fri kj\u00f8ring \u2013 dette er strekninger som ofte er v\u00e6rutsatt, bemerker trafikkoperat\u00f8ren.<\/p>\n<p>\u2013 Det er mest i kystomr\u00e5dene at det er verst. Entrepren\u00f8rene gj\u00f8r s\u00e5 godt de kan og skal pr\u00f8ve \u00e5 holde \u00e5pent, men det g\u00e5r en grense, for eksempel om n\u00e5r de kan ha kolonnekj\u00f8ring. Det vurderer de p\u00e5 stedet, sier han.<\/p>\n<p>Stengte veier<\/p>\n<p>E69 Skipsfjordh\u00f8yda &#8211; Skarsv\u00e5g kryss: STENGT (Uv\u00e6r)<\/p>\n<p>E69 Skarsv\u00e5g &#8211; Nordkapp: STENGT (Uv\u00e6r)<\/p>\n<p>E69 Repv\u00e5g &#8211; Nordkapptunnelen: STENGT (Uv\u00e6r)<\/p>\n<p>Fv. 98 Ifjordfjellet: STENGT (Uv\u00e6r)<\/p>\n<p>Fv. 890 Kongsfjordfjellet: STENGT (Uv\u00e6r)<\/p>\n<p>Fv. 894 Mehamnelv bru &#8211; Kifjord krysset: STENGT (Fare for sn\u00f8skred)<\/p>\n<p>Fv. 8026 Akkarfjord &#8211; Kjerringholmen: FERGE INNSTILT (Ny vurdering 14.01 kl. 13:00)<\/p>\n<p>Fv. 8028 Kvenklubbukta &#8211; Saraby: STENGT (Sn\u00f8skred)<\/p>\n<p>Fv. 8038 Gjesv\u00e6rveien: STENGT (Uv\u00e6r)<\/p>\n<p>Fv. 8046 Skarsv\u00e5g kryss &#8211; Skarsv\u00e5g: STENGT (Uv\u00e6r)<\/p>\n<p>Kolonnekj\u00f8ring<\/p>\n<p>E69 H\u00f8nsa &#8211; Repv\u00e5g: Kolonnekj\u00f8ring (Sn\u00f8fokk)<\/p>\n<p>Fv. 888 Bekkarfjord &#8211; Hopseidet: Kolonnekj\u00f8ring (Uv\u00e6r)<\/p>\n<p>Fv. 889 Snefjord &#8211; Hav\u00f8ysund: Kolonnekj\u00f8ring (Sn\u00f8fokk)<\/p>\n<p>Fv. 8048 Skipsfjordh\u00f8gda &#8211; Kam\u00f8yv\u00e6r: Kolonnekj\u00f8ring (Sn\u00f8fokk)<\/p>\n<p>Slik ser det ut langs veiene<\/p>\n<p>Nedenfor finner du veikameraene til Statens vegvesen. De oppdateres jevnlig og viser hvordan det ser ut p\u00e5 veiene akkurat n\u00e5.<\/p>\n<p>Alta<\/p>\n<p><b>E6 Langfjordbotn<\/b><\/p>\n<p><b>E6 Storvikeidet<\/b><\/p>\n<p><b>E6 Alta vest<\/b><\/p>\n<p><b>Fv. 7990 \u00d8vre Alta bru<\/b><\/p>\n<p><b>Fv. 8830 Maribukt veibom<\/b><\/p>\n<p>Hammerfest<\/p>\n<p><b>E6 Sennalandet\/Aisaroaivi<\/b><\/p>\n<p><b>Rv. 94 Leirvik bom<\/b><\/p>\n<p><b>Rv. 94 Skj\u00e5holmen<\/b><\/p>\n<p>M\u00e5s\u00f8y<\/p>\n<p><b>Selvikh\u00f8yden<\/b><\/p>\n<p>Nordkapp<\/p>\n<p><b>E69 Vedbotn <\/b><\/p>\n<p><b>E69 Kam\u00f8yv\u00e6rkrysset<\/b><\/p>\n<p><b>E69 Skarsv\u00e5gkrysset<\/b><\/p>\n<p>Porsanger<\/p>\n<p><b>E6 Gj\u00f8kenes<\/b><\/p>\n<p>Kautokeino<\/p>\n<p><b>E45 Aidejavri<\/b><\/p>\n<p>Karasjok<\/p>\n<p><b>Rv. 92 Suossjavri<\/b><\/p>\n<p><b>Rv. 92 Karigasniemi<\/b><\/p>\n<p><b>E6 Barta<\/b><\/p>\n<p>Tana<\/p>\n<p><b>E75 Roavvegiedde<\/b><\/p>\n<p><b>Fv. 895 Polmak<\/b><\/p>\n<p><b>E6 Tana bru Fossebakken<\/b><\/p>\n<p>Gamvik<\/p>\n<p><b>Fv. 888 Hopseidet<\/b><\/p>\n<p><b>Fv. 894 Kifjord\/Dyfjord<\/b><\/p>\n<p><b>Fv. 888 Mehamnelv bru<\/b><\/p>\n<p><b>Fv. 888 Mehamn<\/b><\/p>\n<p>Berlev\u00e5g<\/p>\n<p><b>Fv. 890 Gednje<\/b><\/p>\n<p>Vard\u00f8<\/p>\n<p><b>E75 Komagv\u00e6r<\/b><\/p>\n<p><b>E75 Vads\u00f8 Vest<\/b><\/p>\n<p><b>E75 <\/b><b>Domen<\/b><\/p>\n<p><b>E75 Kiberg veibom<\/b><\/p>\n<p>Nesseby<\/p>\n<p><b>E6 Varangerbotn vest<\/b><\/p>\n<p><b>E6 Nyelv<\/b><\/p>\n<p><b>E6 Gandvikbakken<\/b><\/p>\n<p>S\u00f8r-Varanger<\/p>\n<p><b>Rv. 92 \u00d8vre Neiden<\/b><\/p>\n<p><b>E6 H\u00f8ybuktmoen<\/b><\/p>\n<p><b>E6 Kirkenes s\u00f8r<\/b><\/p>\n<p><b>E105 Storskog<\/b><\/p>\n<p>Slik er v\u00e6ret:<\/p>\n","protected":false},"excerpt":{"rendered":"Tirsdag kveld er det s\u00f8rlig liten til full storm i deler av Finnmark. Uv\u00e6ret som er venter \u00e5&hellip;\n","protected":false},"author":2,"featured_media":11753,"comment_status":"","ping_status":"","sticky":false,"template":"","format":"standard","meta":{"footnotes":"","_share_on_mastodon":"0"},"categories":[10],"tags":[36,20,21,24,25,32,5522,2058,15,11600,22,23,5046,6379,13,30,6432,28,29,447,14,16,1899,1510,26,27,224],"class_list":["post-136398","post","type-post","status-publish","format-standard","has-post-thumbnail","category-norge","tag-art","tag-breaking-news","tag-breakingnews","tag-featured-news","tag-featurednews","tag-finnmark","tag-gamvik","tag-hammerfest","tag-headlines","tag-kolonnekjoring","tag-latest-news","tag-latestnews","tag-lebesby","tag-masoy","tag-news","tag-no","tag-nordkapp","tag-norge","tag-norway","tag-nyhet","tag-nyheter","tag-overskrifter","tag-statens-vegvesen","tag-story","tag-top-stories","tag-topstories","tag-trafikk"],"share_on_mastodon":{"url":"https:\/\/pubeurope.com\/@no\/115890255545357833","error":""},"_links":{"self":[{"href":"https:\/\/www.europesays.com\/no\/wp-json\/wp\/v2\/posts\/136398","targetHints":{"allow":["GET"]}}],"collection":[{"href":"https:\/\/www.europesays.com\/no\/wp-json\/wp\/v2\/posts"}],"about":[{"href":"https:\/\/www.europesays.com\/no\/wp-json\/wp\/v2\/types\/post"}],"author":[{"embeddable":true,"href":"https:\/\/www.europesays.com\/no\/wp-json\/wp\/v2\/users\/2"}],"replies":[{"embeddable":true,"href":"https:\/\/www.europesays.com\/no\/wp-json\/wp\/v2\/comments?post=136398"}],"version-history":[{"count":0,"href":"https:\/\/www.europesays.com\/no\/wp-json\/wp\/v2\/posts\/136398\/revisions"}],"wp:featuredmedia":[{"embeddable":true,"href":"https:\/\/www.europesays.com\/no\/wp-json\/wp\/v2\/media\/11753"}],"wp:attachment":[{"href":"https:\/\/www.europesays.com\/no\/wp-json\/wp\/v2\/media?parent=136398"}],"wp:term":[{"taxonomy":"category","embeddable":true,"href":"https:\/\/www.europesays.com\/no\/wp-json\/wp\/v2\/categories?post=136398"},{"taxonomy":"post_tag","embeddable":true,"href":"https:\/\/www.europesays.com\/no\/wp-json\/wp\/v2\/tags?post=136398"}],"curies":[{"name":"wp","href":"https:\/\/api.w.org\/{rel}","templated":true}]}}