{"id":136399,"date":"2026-01-13T22:55:07","date_gmt":"2026-01-13T22:55:07","guid":{"rendered":"https:\/\/www.europesays.com\/no\/136399\/"},"modified":"2026-01-13T22:55:07","modified_gmt":"2026-01-13T22:55:07","slug":"iran-trump-trump-med-nye-trusler-mot-regimet-i-iran","status":"publish","type":"post","link":"https:\/\/www.europesays.com\/no\/136399\/","title":{"rendered":"Iran, Trump | Trump med nye trusler mot regimet i Iran"},"content":{"rendered":"\n<p>\u2013 Hvis de henger dem, kommer dere til \u00e5 se noen ting \u2026 Vi vil iverksette sv\u00e6rt kraftige tiltak hvis de gj\u00f8r noe slikt, sa Trump til <a rel=\"noopener nofollow\" href=\"https:\/\/www.cbsnews.com\/news\/trump-warns-us-action-if-iran-hangs-protesters\/\" target=\"_blank\">CBS News<\/a> i et intervju tirsdag.<\/p>\n<p>Han utdypet ikke hva disse tiltakene inneb\u00e6rer.<\/p>\n<p>Protestene i Iran har p\u00e5g\u00e5tt i over to uker, og s\u00e5 mange som 12.000 kan v\u00e6re drept, if\u00f8lge CBS News&#8217; kilder og den USA-baserte menneskerettighetsgruppen HRANA. Tallene har ikke latt seg verifisere og er langt h\u00f8yere enn hva andre har meldt.<\/p>\n<p>Trump sier imidlertid at han er klar over at et \u00abganske betydelig antall\u00bb mennesker er drept, men at \u00abdet er mye hjelp p\u00e5 vei, i forskjellige former, inkludert \u00f8konomisk\u00bb.<\/p>\n<p>Da presidenten ble spurt om hva hans m\u00e5l i Iran er, svarte han:<\/p>\n<p>\u2013 M\u00e5let er \u00e5 vinne. Jeg liker \u00e5 vinne.<\/p>\n<p>\u2013 Vet n\u00f8yaktig hva reaksjonen vil v\u00e6re<\/p>\n<p>CNN melder at Trump er p\u00e5 vei inn inn i m\u00f8te i Det hvite hus om Iran, hvor stort sett alle sentrale beslutningstakere er tilstede, inkludert Marco Rubiop, Pete Hegseth, CIA-sjef John Ratcliffe og forsvarstopp general Dan Caine.<\/p>\n<p>Trump sier de der vil se p\u00e5 situasjonen, som han omtaler som \u00abreally bad stuff\u00bb.<\/p>\n<p>&#8211; Jeg tenker p\u00e5 Iran n\u00e5r jeg ser omfanget av d\u00f8d som foreg\u00e5r der. Vi vil f\u00e5 noen n\u00f8yaktige tall om 20 minutter, sa Trump.<\/p>\n<p>P\u00e5 sp\u00f8rsm\u00e5l om hvordan reaksjonen kom til \u00e5 bli, svarer Trump:<\/p>\n<p>&#8211; Det kan jeg ikke fortelle det. Jeg vet n\u00f8yaktig hva det vil v\u00e6re.<\/p>\n<p>Betale en h\u00f8y pris<\/p>\n<p>Tidligere tirsdag oppfordret Trump iranere til \u00e5 fortsette med demonstrasjonene og ta over institusjonene i landet. Presidenten ba ogs\u00e5 iranere om \u00e5 lagre navnene p\u00e5 \u00abdrapsmennene\u00bb og \u00abmishandlerne\u00bb.<\/p>\n<p>\u2013 De vil betale en h\u00f8y pris, skrev Trump i en <a rel=\"noopener nofollow\" href=\"https:\/\/truthsocial.com\/@realDonaldTrump\/posts\/115888317758045915\" target=\"_blank\">melding<\/a> p\u00e5 Truth Social.<\/p>\n<p>Samtidig gjentar det amerikanske utenriksdepartementet sin oppfordring til amerikanske borgere om \u00e5 forlate Iran.<\/p>\n<p>\u2013 De b\u00f8r forlate Iran n\u00e5. Vurder \u00e5 krysse grensen over land via Tyrkia eller Armenia, dersom det er trygt, skriver departementet.<\/p>\n","protected":false},"excerpt":{"rendered":"\u2013 Hvis de henger dem, kommer dere til \u00e5 se noen ting \u2026 Vi vil iverksette sv\u00e6rt kraftige&hellip;\n","protected":false},"author":2,"featured_media":136400,"comment_status":"","ping_status":"","sticky":false,"template":"","format":"standard","meta":{"footnotes":""},"categories":[5],"tags":[20,21,24,25,15,19,22,23,17,18,13,30,28,29,14,16,26,27],"class_list":{"0":"post-136399","1":"post","2":"type-post","3":"status-publish","4":"format-standard","5":"has-post-thumbnail","7":"category-overskrifter","8":"tag-breaking-news","9":"tag-breakingnews","10":"tag-featured-news","11":"tag-featurednews","12":"tag-headlines","13":"tag-hovedoppslag","14":"tag-latest-news","15":"tag-latestnews","16":"tag-main-news","17":"tag-mainnews","18":"tag-news","19":"tag-no","20":"tag-norge","21":"tag-norway","22":"tag-nyheter","23":"tag-overskrifter","24":"tag-top-stories","25":"tag-topstories"},"share_on_mastodon":{"url":"https:\/\/pubeurope.com\/@no\/115890259420256111","error":""},"_links":{"self":[{"href":"https:\/\/www.europesays.com\/no\/wp-json\/wp\/v2\/posts\/136399","targetHints":{"allow":["GET"]}}],"collection":[{"href":"https:\/\/www.europesays.com\/no\/wp-json\/wp\/v2\/posts"}],"about":[{"href":"https:\/\/www.europesays.com\/no\/wp-json\/wp\/v2\/types\/post"}],"author":[{"embeddable":true,"href":"https:\/\/www.europesays.com\/no\/wp-json\/wp\/v2\/users\/2"}],"replies":[{"embeddable":true,"href":"https:\/\/www.europesays.com\/no\/wp-json\/wp\/v2\/comments?post=136399"}],"version-history":[{"count":0,"href":"https:\/\/www.europesays.com\/no\/wp-json\/wp\/v2\/posts\/136399\/revisions"}],"wp:featuredmedia":[{"embeddable":true,"href":"https:\/\/www.europesays.com\/no\/wp-json\/wp\/v2\/media\/136400"}],"wp:attachment":[{"href":"https:\/\/www.europesays.com\/no\/wp-json\/wp\/v2\/media?parent=136399"}],"wp:term":[{"taxonomy":"category","embeddable":true,"href":"https:\/\/www.europesays.com\/no\/wp-json\/wp\/v2\/categories?post=136399"},{"taxonomy":"post_tag","embeddable":true,"href":"https:\/\/www.europesays.com\/no\/wp-json\/wp\/v2\/tags?post=136399"}],"curies":[{"name":"wp","href":"https:\/\/api.w.org\/{rel}","templated":true}]}}