{"id":136411,"date":"2026-01-13T23:09:15","date_gmt":"2026-01-13T23:09:15","guid":{"rendered":"https:\/\/www.europesays.com\/no\/136411\/"},"modified":"2026-01-13T23:09:15","modified_gmt":"2026-01-13T23:09:15","slug":"litteratur-boker-caroline-tok-boklesingen-opp-igjen-etter-mange-ar-det-gir-sa-mye-glede-og-inspirasjon-tonsbergs-blad","status":"publish","type":"post","link":"https:\/\/www.europesays.com\/no\/136411\/","title":{"rendered":"Litteratur, B\u00f8ker | Caroline tok boklesingen opp igjen etter mange \u00e5r: \u2013 Det gir s\u00e5 mye glede og inspirasjon &#8211; T\u00f8nsbergs Blad"},"content":{"rendered":"<ol>\n<li><a href=\"https:\/\/news.google.com\/rss\/articles\/CBMiugFBVV95cUxNLWZSWnFBVTBBYnVCS0l4OHFwM2xlUV9TZXN3YlNOX01aWE9jcDFfSFA0TmlocnJ6Tzk3QmJOUnFnaGJfR3A3WmVMR2E3bmYxM0g3SmpiRTNaYjhtZkdvblRySVNVcHhvdFprYWF6d1FNYkpTM1d1Nzd6cUNHUG1VN21sWkxJYUtMM2lZZUVkZ0hvVXJuMUFGbHlrcE1aOXdOU2s3ZWhGRFlCQ0NDX2xwRU1VTXcxby1lUHc?oc=5\" target=\"_blank\" rel=\"nofollow noopener\">Litteratur, B\u00f8ker | Caroline tok boklesingen opp igjen etter mange \u00e5r: \u2013 Det gir s\u00e5 mye glede og inspirasjon<\/a>&nbsp;&nbsp;T\u00f8nsbergs Blad<\/li>\n<li><a href=\"https:\/\/news.google.com\/rss\/articles\/CBMic0FVX3lxTFA3TldwWkU2V3BabVRxOUpmdGxCUXN0bjhFRWZXbHJSeXlkVGdPa2JSOWhmeThHSjhRakxkeDdrUWpqcmFKUFRONUpzbTYxc0tmVjJ6VnZmd3RNSmhjRV9FWGx3YWZuNFV4N2FuVWlZbFpDOGs?oc=5\" target=\"_blank\" rel=\"nofollow noopener\">Kultur &amp; underholdning, Cicignon | Ny utl\u00e5nsrekord p\u00e5 bibliotekene<\/a>&nbsp;&nbsp;Fredriksstad Blad<\/li>\n<li><a href=\"https:\/\/news.google.com\/rss\/articles\/CBMimAFBVV95cUxObzZRZ0VaOGFFOTdfaVFKZlpBb0FMcDdQWG42NVdzbWhYVTctVUFlX1FFekZQUjkzTnBNaUFzQm1TOWJvRktaRDN3bXN0ZURvRThialdiWlFTQzRkN254eENsT1hyMzJHdGN6b0RYbl9zN1o3R0ZOX0d5TVR3a0FSMUhlcjk1SmhteVRHRUhjYnpxaks2YzBWdA?oc=5\" target=\"_blank\" rel=\"nofollow noopener\">Auke i leselyst i Lom: \u2013 Folk har f\u00e5tt nok av telefonen<\/a>&nbsp;&nbsp;fjuken.no<\/li>\n<li><a href=\"https:\/\/news.google.com\/rss\/articles\/CBMiowFBVV95cUxQR2tLU2hZS2FkYjdrOUhwQ3U3dnMzZTRVbHktY0NQQkdFM3MyYkg5WUt4U0NRcW5Wcml6M1BxM2RFdEpyUFMwY2oza3N5RVNINkJvenJ1TG9yUzRnUklYRkU0M2txb0hmN29RNC1Pb3FKSUhIMThXYWRMYVlzQ0xsWkdhMC1Od3gxLUpEQWFQY0R5YTFxTllpUGVjb2NBdTBPaU9j?oc=5\" target=\"_blank\" rel=\"nofollow noopener\">Horten, Bibliotek | Utl\u00e5nstallene p\u00e5 biblioteket \u00f8ker \u2013 del av en nasjonal trend<\/a>&nbsp;&nbsp;Gjengangeren<\/li>\n<li><a href=\"https:\/\/news.google.com\/rss\/articles\/CBMisAFBVV95cUxPSzBXVjRYVTh2YXNWMXI0MFRsZzB3V19XVWgyaUt0OGVFV2RLdDBDUi1aNGl3WE5xdWlyektJMk4yNFk1SXRScFoyT3dmSzhXbVY1M0M0eU1MMklxOWJiZ0Y0WFFTbHRyQWVIUUdHWm5FTEhLbVdXdGNKSHlEVm9feXctclZFbEF4Z21KbzZEdWtfTTNUMnkta0w5bkNkUTE3bXYxUGt5cGdlZktCSUVpRg?oc=5\" target=\"_blank\" rel=\"nofollow noopener\">(+) Stor variasjon bak l\u00e5netoppen p\u00e5 norske biblioteker<\/a>&nbsp;&nbsp;minerva.no<\/li>\n<\/ol>\n","protected":false},"excerpt":{"rendered":"Litteratur, B\u00f8ker | Caroline tok boklesingen opp igjen etter mange \u00e5r: \u2013 Det gir s\u00e5 mye glede og&hellip;\n","protected":false},"author":2,"featured_media":136412,"comment_status":"","ping_status":"","sticky":false,"template":"","format":"standard","meta":{"footnotes":""},"categories":[5],"tags":[20,21,24,25,15,19,22,23,17,18,13,30,28,29,14,16,26,27],"class_list":{"0":"post-136411","1":"post","2":"type-post","3":"status-publish","4":"format-standard","5":"has-post-thumbnail","7":"category-overskrifter","8":"tag-breaking-news","9":"tag-breakingnews","10":"tag-featured-news","11":"tag-featurednews","12":"tag-headlines","13":"tag-hovedoppslag","14":"tag-latest-news","15":"tag-latestnews","16":"tag-main-news","17":"tag-mainnews","18":"tag-news","19":"tag-no","20":"tag-norge","21":"tag-norway","22":"tag-nyheter","23":"tag-overskrifter","24":"tag-top-stories","25":"tag-topstories"},"share_on_mastodon":{"url":"https:\/\/pubeurope.com\/@no\/115890314430908023","error":""},"_links":{"self":[{"href":"https:\/\/www.europesays.com\/no\/wp-json\/wp\/v2\/posts\/136411","targetHints":{"allow":["GET"]}}],"collection":[{"href":"https:\/\/www.europesays.com\/no\/wp-json\/wp\/v2\/posts"}],"about":[{"href":"https:\/\/www.europesays.com\/no\/wp-json\/wp\/v2\/types\/post"}],"author":[{"embeddable":true,"href":"https:\/\/www.europesays.com\/no\/wp-json\/wp\/v2\/users\/2"}],"replies":[{"embeddable":true,"href":"https:\/\/www.europesays.com\/no\/wp-json\/wp\/v2\/comments?post=136411"}],"version-history":[{"count":0,"href":"https:\/\/www.europesays.com\/no\/wp-json\/wp\/v2\/posts\/136411\/revisions"}],"wp:featuredmedia":[{"embeddable":true,"href":"https:\/\/www.europesays.com\/no\/wp-json\/wp\/v2\/media\/136412"}],"wp:attachment":[{"href":"https:\/\/www.europesays.com\/no\/wp-json\/wp\/v2\/media?parent=136411"}],"wp:term":[{"taxonomy":"category","embeddable":true,"href":"https:\/\/www.europesays.com\/no\/wp-json\/wp\/v2\/categories?post=136411"},{"taxonomy":"post_tag","embeddable":true,"href":"https:\/\/www.europesays.com\/no\/wp-json\/wp\/v2\/tags?post=136411"}],"curies":[{"name":"wp","href":"https:\/\/api.w.org\/{rel}","templated":true}]}}