{"id":136415,"date":"2026-01-13T23:15:15","date_gmt":"2026-01-13T23:15:15","guid":{"rendered":"https:\/\/www.europesays.com\/no\/136415\/"},"modified":"2026-01-13T23:15:15","modified_gmt":"2026-01-13T23:15:15","slug":"bragernes-stromso-derfor-skal-det-ule-over-hele-byen","status":"publish","type":"post","link":"https:\/\/www.europesays.com\/no\/136415\/","title":{"rendered":"Bragernes, Str\u00f8ms\u00f8 | Derfor skal det ule over hele byen"},"content":{"rendered":"\n<p><b>DRAMMEN: <\/b>Det opplyser DSB i en pressemelding.<\/p>\n<p><b>\u2013 \u00c5 beskytte sivilbefolkningen er en kjerneoppgave for myndighetene i krise og krig. Varslingspr\u00f8ver er en kritisk del av det \u00e5 teste den nasjonale beredskapen, sier DSB-direkt\u00f8r Elisabeth Aars\u00e6ther.<\/b><\/p>\n<p>Onsdag klokken 12 tester derfor Sivilforsvaret  med signalet \u00abViktig melding \u2013 s\u00f8k informasjon\u00bb, mens politiet sender n\u00f8dvarsel direkte til mobiltelefoner.<\/p>\n<p>\u2013 N\u00f8dvarsel brukes kun i situasjoner der det er akutt fare for liv og helse, og hvor det er n\u00f8dvendig \u00e5 n\u00e5 mange mennesker raskt, sier fungerende beredskapsdirekt\u00f8r J\u00f8rn Schjelderup i Politidirektoratet.<\/p>\n<p>   <img decoding=\"async\" width=\"4421\" height=\"2947\" fetchpriority=\"low\"  loading=\"lazy\"  src=\"https:\/\/www.europesays.com\/no\/wp-content\/uploads\/2026\/01\/5_57_1591243_NTB_gs2mK17RDSk.jpg\" alt=\"Oslo  20180105.En tyfon, p\u00e5 folkemunne kalt flyalarm, p\u00e5 taket av \u00d8stbanehallen i Oslo. I fredstid tester Sivilforsvaret alle landets tyfoner to ganger i \u00e5ret, klokken 12 den andre onsdagen i januar og juni.Foto: H\u00e5kon Mosvold Larsen \/ NTB\" class=\"brick-c-cFOWSL\" style=\"--brick-image-ratio: 4421 \/ 2947;\"\/><\/p>\n<p>      Det er disse tyfonene som vil ule utend\u00f8rs onsdag ettermiddag.<br \/>\n      Foto: H\u00e5kon Mosvold Larsen\/NTB\n    <\/p>\n<p>  <a href=\"https:\/\/www.dt.no\/5-57-2771583\" class=\"related-teaser has-image default-story-teaser article--c-eRUmMG article--c-eRUmMG-jKCPdD-design-default\" rel=\"nofollow noopener\" target=\"_blank\"><\/p>\n<p>    <img decoding=\"async\" loading=\"lazy\"  src=\"https:\/\/www.europesays.com\/no\/wp-content\/uploads\/2026\/01\/21-DSC09079_1.jpg\" alt=\"\" class=\"brick-c-cFOWSL\" style=\"\"\/><\/p>\n<p>\n            Les ogs\u00e5<\/p>\n<p>              N\u00e5 er det Mads Hansens (41) tur: \u2013 Det er nok av ting \u00e5 ta meg p\u00e5\n        <\/p>\n<p>  <\/a><br \/>\n  \u2013 Styrker beredskapen<\/p>\n<p>If\u00f8lge DSB vil rundt 97 prosent av mobiltelefonene som er i aktiv bruk i Norge kunne motta varselet. Varslet g\u00e5r ut til oppdaterte telefoner som er koblet til 4G- eller 5G-nettet.<\/p>\n<p><b>Dette er sjette gang varslingspr\u00f8ven gjennomf\u00f8res med b\u00e5de mobilvarsling og tyfoner samtidig. <\/b><b>Ordningen har v\u00e6rt i bruk siden 2023 og er ogs\u00e5 brukt ved flere reelle hendelser med akutt fare for liv og helse.<\/b><\/p>\n<p>\u2013 De halv\u00e5rlige varslingspr\u00f8vene sendes til befolkningen over hele landet. Gjennom denne \u00f8velsen blir alle innbyggere kjent med hvordan varslingssystemene fungerer og hvordan de reagerer. Dette bidrar til \u00e5 styrke beredskapen og gj\u00f8r samfunnet mer robust, sier Aars\u00e6ther.<\/p>\n<p>De som ikke \u00f8nsker \u00e5 motta varselet, m\u00e5 sl\u00e5 av telefonen eller sette den i flymodus mellom klokken 11.55 og 12.15 onsdag.<\/p>\n<p>  <a href=\"https:\/\/www.dt.no\/5-57-2771361\" class=\"related-teaser has-image default-story-teaser article--c-eRUmMG article--c-eRUmMG-jKCPdD-design-default\" rel=\"nofollow noopener\" target=\"_blank\"><\/p>\n<p>    <img decoding=\"async\" loading=\"lazy\"  src=\"https:\/\/www.europesays.com\/no\/wp-content\/uploads\/2026\/01\/daniel+og+emma+podkast-4.jpg\" alt=\"\" class=\"brick-c-cFOWSL\" style=\"\"\/><\/p>\n<p>\n            Les ogs\u00e5<\/p>\n<p>              \u2013 Mange synes nok det er kjipt at han forsvinner\n        <\/p>\n<p>  <\/a><\/p>\n","protected":false},"excerpt":{"rendered":"DRAMMEN: Det opplyser DSB i en pressemelding. \u2013 \u00c5 beskytte sivilbefolkningen er en kjerneoppgave for myndighetene i krise&hellip;\n","protected":false},"author":2,"featured_media":24401,"comment_status":"","ping_status":"","sticky":false,"template":"","format":"standard","meta":{"footnotes":""},"categories":[10],"tags":[36,3890,20,21,427,24,25,15,22,23,13,30,28,29,14,16,1510,9811,26,27],"class_list":{"0":"post-136415","1":"post","2":"type-post","3":"status-publish","4":"format-standard","5":"has-post-thumbnail","7":"category-norge","8":"tag-art","9":"tag-bragernes","10":"tag-breaking-news","11":"tag-breakingnews","12":"tag-drammen","13":"tag-featured-news","14":"tag-featurednews","15":"tag-headlines","16":"tag-latest-news","17":"tag-latestnews","18":"tag-news","19":"tag-no","20":"tag-norge","21":"tag-norway","22":"tag-nyheter","23":"tag-overskrifter","24":"tag-story","25":"tag-stromso","26":"tag-top-stories","27":"tag-topstories"},"share_on_mastodon":{"url":"https:\/\/pubeurope.com\/@no\/115890338184747974","error":""},"_links":{"self":[{"href":"https:\/\/www.europesays.com\/no\/wp-json\/wp\/v2\/posts\/136415","targetHints":{"allow":["GET"]}}],"collection":[{"href":"https:\/\/www.europesays.com\/no\/wp-json\/wp\/v2\/posts"}],"about":[{"href":"https:\/\/www.europesays.com\/no\/wp-json\/wp\/v2\/types\/post"}],"author":[{"embeddable":true,"href":"https:\/\/www.europesays.com\/no\/wp-json\/wp\/v2\/users\/2"}],"replies":[{"embeddable":true,"href":"https:\/\/www.europesays.com\/no\/wp-json\/wp\/v2\/comments?post=136415"}],"version-history":[{"count":0,"href":"https:\/\/www.europesays.com\/no\/wp-json\/wp\/v2\/posts\/136415\/revisions"}],"wp:featuredmedia":[{"embeddable":true,"href":"https:\/\/www.europesays.com\/no\/wp-json\/wp\/v2\/media\/24401"}],"wp:attachment":[{"href":"https:\/\/www.europesays.com\/no\/wp-json\/wp\/v2\/media?parent=136415"}],"wp:term":[{"taxonomy":"category","embeddable":true,"href":"https:\/\/www.europesays.com\/no\/wp-json\/wp\/v2\/categories?post=136415"},{"taxonomy":"post_tag","embeddable":true,"href":"https:\/\/www.europesays.com\/no\/wp-json\/wp\/v2\/tags?post=136415"}],"curies":[{"name":"wp","href":"https:\/\/api.w.org\/{rel}","templated":true}]}}