{"id":136420,"date":"2026-01-13T23:21:29","date_gmt":"2026-01-13T23:21:29","guid":{"rendered":"https:\/\/www.europesays.com\/no\/136420\/"},"modified":"2026-01-13T23:21:29","modified_gmt":"2026-01-13T23:21:29","slug":"lager-trafikk-kaos-ma-fjernes","status":"publish","type":"post","link":"https:\/\/www.europesays.com\/no\/136420\/","title":{"rendered":"Lager trafikk-kaos: &#8211; M\u00e5 fjernes"},"content":{"rendered":"<p class=\"kicker \" style=\"\">Troms\u00f8:<\/p>\n<p>    Troms\u00f8-nattklubbens r\u00f8dt-, gult- og gr\u00f8ntlysende kunstverk\u00a0skaper full forvirring blant bilister.\u00a0<\/p>\n<p>\n    KUNSTVERK: Likner lysinstallasjonen et l\u00f8vehode eller en drage? Foto: Privat\n  <\/p>\n<p>I 2022 overtok nattklubben Skins lokalene i krysset mellom Storgata og Fiskergata i Troms\u00f8 sentrum. \u00c5ret etter \u00e5pnet de d\u00f8rene.\u00a0<\/p>\n<p>Kundegruppen er unge voksne mellom 18 og 25 \u00e5r, og interi\u00f8ret er inspirert av gaming og spillverdener, med dertilh\u00f8rende forskjellige dyreuttrykk.<\/p>\n<p>N\u00e5 er det et gigantisk l\u00f8vehode p\u00e5 utsiden av lokalet som virkelig har f\u00e5tt folk til \u00e5 sperre \u00f8ynene opp.\u00a0<\/p>\n<p>        BUKHARA, USBEKISTAN: Overv\u00e5kningskamera fanget \u00f8yeblikket da \u00abbursdagsbarnet\u00bb Nozza Usmanova ble overrasket med en bursdagshilsen som tok en skremmende og uventet vending i en butikk i 6. januar.<\/p>\n<p class=\"font-weight-bold m-font-weight-bold\" data-lab-font_weight=\"font-weight-bold\">P\u00e5 hj\u00f8rnet, rett utenfor klubbens fasade henger nemlig l\u00f8vehodet i st\u00e5l, og lyser r\u00f8dt, gult og gr\u00f8nt &#8211; til forveksling likt slik et trafikklys gj\u00f8r.\u00a0\u00a0<\/p>\n<p>Det er det i hvert fall noen som mener.\u00a0<\/p>\n<p class=\"font-weight-bold m-font-weight-bold\" data-lab-font_weight=\"font-weight-bold\">&#8211;\u00a0Dette trekker<br \/>\noppmerksomhet bort fra trafikkbildet og til forveksling kan det tidvis oppfattes som trafikklys.<br \/>\nB\u00f8r fjernes eller tones kraftig ned, heter det i en klage som Troms\u00f8 kommune mottok tidligere i januar.<\/p>\n<p>Det var <a href=\"https:\/\/www.nordlys.no\/sjafor-reagerer-bor-fjernes\/s\/5-34-2272348\" target=\"_blank\" rel=\"nofollow noopener\">Nordlys<\/a> som omtalte saken f\u00f8rst.\u00a0<\/p>\n<p>        <img loading=\"lazy\" decoding=\"async\" src=\"https:\/\/www.europesays.com\/no\/wp-content\/uploads\/2026\/01\/84088229.webp.webp\" width=\"667\" height=\"754\" title=\"P\u00c5 HJ\u00d8RNET AV SKINS: Vedkommende som har sendt klage til kommunen sier at lysinstallasjonen kan forveksles med et trafikklys. Foto: Privat\" alt=\"\" class=\"\" style=\"--aspect-ratio-image: 0.88; \"\/><\/p>\n<p>\n        P\u00c5 HJ\u00d8RNET AV SKINS: Vedkommende som har sendt klage til kommunen sier at lysinstallasjonen kan forveksles med et trafikklys. Foto: Privat\n    <\/p>\n<p>Drage?\t<\/p>\n<p>Tidligere hang l\u00f8vehodet over dansegulvet inne i klubben, da med r\u00f8ykeffekter og komplett lyssetting.\u00a0<\/p>\n<p>&#8211; For \u00e5 gj\u00f8re noe med synligheten i bybildet og for \u00e5 holde seg aktuell, ble hodet flyttet ut, sier daglig leder i Skins nattklubb, H\u00e5vard Robertsen, til Dagbladet.<\/p>\n<p>&#8211; Det ser mer ut som et dragehode enn et l\u00f8vehode, legger han til.<\/p>\n<p>Robertsen erkjenner overfor Dagbladet at det ogs\u00e5 er han som kan titulere seg som kunstneren bak installasjonen.\u00a0<\/p>\n<p>    <a itemprop=\"url\" href=\"https:\/\/www.dagbladet.no\/nyheter\/lever-pa-13-kroner-dagen\/84057608\" rel=\"nofollow noopener\" target=\"_blank\"><\/p>\n<p>        <img loading=\"lazy\" decoding=\"async\" src=\"https:\/\/www.europesays.com\/no\/wp-content\/uploads\/2026\/01\/84078997.webp.webp\" width=\"980\" height=\"441\" title=\"Lever p\u00e5 13 kroner dagen\" alt=\"\" class=\"lazyload\" style=\"--aspect-ratio-image: 2.22; \"\/><\/p>\n<p>        Lever p\u00e5 13 kroner dagen <\/p>\n<p>    <\/a><\/p>\n<p class=\"italic m-italic\" data-lab-italic=\"italic\">&#8211; Hvorfor l\u00f8vehode?<\/p>\n<p>&#8211; Det er en del dyrem\u00f8nstre som g\u00e5r igjen inne i klubben, s\u00e5 da tenkte jeg at det hadde v\u00e6rt kult \u00e5 ha et l\u00f8vehode, sier Robertsen. Han forklarer at det tok hundre timer med sveising og b\u00f8ying for \u00e5 f\u00e5 til kunstverket.\u00a0<\/p>\n<p>Robertsen sier videre at inne i hodet sitter det to lamper som skifter farge i takt med musikken &#8211; og som lyser i alt fra r\u00f8dt og oransje til rosa og gr\u00f8nt.<\/p>\n<p>&#8211; H\u00f8ydemessig er den heller ikke langt fra et trafikklys, sier han.<\/p>\n<p>        <img loading=\"lazy\" decoding=\"async\" src=\"https:\/\/www.europesays.com\/no\/wp-content\/uploads\/2026\/01\/84088526.webp.webp\" width=\"667\" height=\"381\" title=\"P\u00c5 INNSIDEN: Slik s\u00e5 l\u00f8vehodet ut da det hang over dansegulvet inne i klubben. Foto: Privat\" alt=\"\" class=\"\" style=\"--aspect-ratio-image: 1.75; \"\/><\/p>\n<p>\n        P\u00c5 INNSIDEN: Slik s\u00e5 l\u00f8vehodet ut da det hang over dansegulvet inne i klubben. Foto: Privat\n    <\/p>\n<p>&#8211; Skal gj\u00f8re mitt\t<\/p>\n<p class=\"italic m-italic\" data-lab-italic=\"italic\">&#8211; Hva synes du om at kunstverket f\u00e5r s\u00e5 mye oppmerksomhet?\u00a0<\/p>\n<p>&#8211; Det er artig helt til det blir en trafikkulykke, sier Robertsen.<\/p>\n<p>Han framholder likevel at han tar bekymringene p\u00e5 alvor. Derfor skal han til klubben i dag for \u00e5 justere lysene slik at de bare lyser rosa.\u00a0<\/p>\n<p>&#8211; Blir det for g\u00e6rent, f\u00e5r vi se hva som skjer. Men jeg h\u00e5per kunstverket f\u00e5r fortsette \u00e5 henge der. Det var et satans makkverk \u00e5 f\u00e5 det opp, sier Robertsen.\u00a0<\/p>\n<p>Forel\u00f8pig har han ikke f\u00e5tt beskjed om \u00e5 ta det ned.\u00a0<\/p>\n<p>&#8211; Jeg skal gj\u00f8re mitt for at det ikke blir noen trafikkulykke, sier han.\u00a0<\/p>\n<p>    <a itemprop=\"url\" href=\"https:\/\/www.dagbladet.no\/nyheter\/hoyst-uvanlig\/84086079\" rel=\"nofollow noopener\" target=\"_blank\"><\/p>\n<p>        <img loading=\"lazy\" decoding=\"async\" src=\"https:\/\/www.europesays.com\/no\/wp-content\/uploads\/2026\/01\/84086535.webp.webp\" width=\"980\" height=\"441\" title=\"- H\u00f8yst uvanlig\" alt=\"\" class=\"lazyload\" style=\"--aspect-ratio-image: 2.22; \"\/><\/p>\n<p>        &#8211; H\u00f8yst uvanlig<\/p>\n<p>    <\/a><\/p>\n<p>Anbefaler demontering\t<\/p>\n<p> Nordlys skriver at \u00abkommunen har forel\u00f8pig ikke tatt stilling til den innkomne bekymringsmeldingen\u00bb.\u00a0<\/p>\n<p>N\u00e5r Dagbladet tar kontakt med Troms\u00f8 kommune for en kommentar p\u00e5 om de har tatt stilling til installasjonen, f\u00e5r vi f\u00f8lgende svar fra fagleder i enhet vei, Dag-Ove Nilsen:\u00a0<\/p>\n<p>&#8211;\u00a0Vi kan ikke finne at det er s\u00f8kt om installering av innretningen som Skins har montert, i hvert fall ikke ved et enkelt s\u00f8k, uttaler Nilsen i en e-post til Dagbladet.\u00a0<\/p>\n<p>Han viser til <a href=\"https:\/\/eur01.safelinks.protection.outlook.com\/?url=https%3A%2F%2Flovdata.no%2Fdokument%2FNL%2Flov%2F1963-06-21-23%23%3A~%3Atext%3D%25C2%25A7%252033.%2Cfor%2520kommunale%2520vegar&amp;data=05%7C02%7Ckristina.krogh%40db.no%7Cd75064d37e3e45749d7608de51cf0231%7C71d2b4ee735e4f73b8ea8254022c0e4d%7C0%7C0%7C639038146700101339%7CUnknown%7CTWFpbGZsb3d8eyJFbXB0eU1hcGkiOnRydWUsIlYiOiIwLjAuMDAwMCIsIlAiOiJXaW4zMiIsIkFOIjoiTWFpbCIsIldUIjoyfQ%3D%3D%7C0%7C%7C%7C&amp;sdata=u5Gih74ow4eRqf8FpkDTK0rDWgHn4MmNw%2BX0fwU9S%2B0%3D&amp;reserved=0\" target=\"_blank\" rel=\"nofollow noopener\">veiloven<\/a>\u00a0og sier videre:\u00a0<\/p>\n<p>&#8211;\u00a0 Med bakgrunn i veiloven og at det er meldt inn en bekymring, anbefaler vi at Skins demonterer lykten og sender inn s\u00f8knad dersom de \u00f8nsker \u00e5 sette opp en installasjon.\u00a0 <\/p>\n","protected":false},"excerpt":{"rendered":"Troms\u00f8: Troms\u00f8-nattklubbens r\u00f8dt-, gult- og gr\u00f8ntlysende kunstverk\u00a0skaper full forvirring blant bilister.\u00a0 KUNSTVERK: Likner lysinstallasjonen et l\u00f8vehode eller en&hellip;\n","protected":false},"author":2,"featured_media":136421,"comment_status":"","ping_status":"","sticky":false,"template":"","format":"standard","meta":{"footnotes":""},"categories":[12],"tags":[20,21,24,25,15,2539,22,23,13,30,28,29,14,16,26,27,42,43,44,45],"class_list":{"0":"post-136420","1":"post","2":"type-post","3":"status-publish","4":"format-standard","5":"has-post-thumbnail","7":"category-verden","8":"tag-breaking-news","9":"tag-breakingnews","10":"tag-featured-news","11":"tag-featurednews","12":"tag-headlines","13":"tag-innenriks","14":"tag-latest-news","15":"tag-latestnews","16":"tag-news","17":"tag-no","18":"tag-norge","19":"tag-norway","20":"tag-nyheter","21":"tag-overskrifter","22":"tag-top-stories","23":"tag-topstories","24":"tag-verden","25":"tag-world","26":"tag-world-news","27":"tag-worldnews"},"share_on_mastodon":{"url":"https:\/\/pubeurope.com\/@no\/115890361792197313","error":""},"_links":{"self":[{"href":"https:\/\/www.europesays.com\/no\/wp-json\/wp\/v2\/posts\/136420","targetHints":{"allow":["GET"]}}],"collection":[{"href":"https:\/\/www.europesays.com\/no\/wp-json\/wp\/v2\/posts"}],"about":[{"href":"https:\/\/www.europesays.com\/no\/wp-json\/wp\/v2\/types\/post"}],"author":[{"embeddable":true,"href":"https:\/\/www.europesays.com\/no\/wp-json\/wp\/v2\/users\/2"}],"replies":[{"embeddable":true,"href":"https:\/\/www.europesays.com\/no\/wp-json\/wp\/v2\/comments?post=136420"}],"version-history":[{"count":0,"href":"https:\/\/www.europesays.com\/no\/wp-json\/wp\/v2\/posts\/136420\/revisions"}],"wp:featuredmedia":[{"embeddable":true,"href":"https:\/\/www.europesays.com\/no\/wp-json\/wp\/v2\/media\/136421"}],"wp:attachment":[{"href":"https:\/\/www.europesays.com\/no\/wp-json\/wp\/v2\/media?parent=136420"}],"wp:term":[{"taxonomy":"category","embeddable":true,"href":"https:\/\/www.europesays.com\/no\/wp-json\/wp\/v2\/categories?post=136420"},{"taxonomy":"post_tag","embeddable":true,"href":"https:\/\/www.europesays.com\/no\/wp-json\/wp\/v2\/tags?post=136420"}],"curies":[{"name":"wp","href":"https:\/\/api.w.org\/{rel}","templated":true}]}}