{"id":136425,"date":"2026-01-13T23:28:23","date_gmt":"2026-01-13T23:28:23","guid":{"rendered":"https:\/\/www.europesays.com\/no\/136425\/"},"modified":"2026-01-13T23:28:23","modified_gmt":"2026-01-13T23:28:23","slug":"nato-mark-rutte-nato-sjefen-hyller-trump","status":"publish","type":"post","link":"https:\/\/www.europesays.com\/no\/136425\/","title":{"rendered":"Nato, Mark Rutte | Nato-sjefen hyller Trump"},"content":{"rendered":"\n<p>\u2013 Jeg tror Donald Trump gj\u00f8r det rette for Nato, sier Natos generalsekret\u00e6r Mark Rutte.<\/p>\n<p>Selv om NATOs generalsekret\u00e6r Mark Rutte ikke vil kommentere USAs president Donald Trumps uttalelser om Gr\u00f8nland direkte, er han ivrig etter \u00e5 svare p\u00e5 kritikk av hans sjarmoffensiv og gjentatte smiger av Trump.<\/p>\n<p>Under en pressekonferanse i Kroatia insisterer han p\u00e5 at \u00abDonald Trump gj\u00f8r det rette for NATO ved \u00e5 oppfordre oss alle til \u00e5 bruke mer penger\u00bb i Europa for \u00e5 matche USAs utgifter.<\/p>\n<p><b>Les ogs\u00e5: <a class=\"simple-relation related-teaser article--c-eRUmMG article--c-eRUmMG-fZoQSp-design-nettavisen article--c-eRUmMG-gwthdJ-cv\" href=\"https:\/\/www.nettavisen.no\/medier-trump-vurderer-hva-han-skal-gjore-i-iran\/s\/5-95-2819054\" rel=\"nofollow noopener\" target=\"_blank\">Medier: \u2013 Trump vurderer hva han skal gj\u00f8re i Iran<\/a><\/b><\/p>\n<p>Rutte sier videre at han er \u00abhelt overbevist\u00bb om at \u00abuten Donald Trump ville vi aldri ha oppn\u00e5dd resultatet p\u00e5 toppm\u00f8tet i Haag\u00bb i fjor, der han \u00f8kte forsvarsbudsjettet til fem prosent av NATO-landenes BNP.<\/p>\n<p>\u2013 S\u00e5 n\u00e5r jeg roser noen, er det basert p\u00e5 fakta, og jeg tror faktaene er der, sier han.<\/p>\n<p>Han legger til at han \u00f8nsker NATO-alliertes diskusjon om \u00e5 samarbeide og bli mer involvert i Arktis velkommen. Det vises her til at flere NATO-land, inkludert Storbritannia og Tyskland, vurderer \u00e5 \u00f8ke sin milit\u00e6re tilstedev\u00e6relse p\u00e5 Gr\u00f8nland.<\/p>\n<p><b>Les ogs\u00e5: <a class=\"simple-relation related-teaser article--c-eRUmMG article--c-eRUmMG-fZoQSp-design-nettavisen article--c-eRUmMG-gwthdJ-cv\" href=\"https:\/\/www.nettavisen.no\/trump-nato-trenger-usa-mer-enn-omvendt\/s\/5-95-2819429\" rel=\"nofollow noopener\" target=\"_blank\">Trump: \u2013 Nato trenger USA mer enn omvendt<\/a><\/b><\/p>\n","protected":false},"excerpt":{"rendered":"\u2013 Jeg tror Donald Trump gj\u00f8r det rette for Nato, sier Natos generalsekret\u00e6r Mark Rutte. Selv om NATOs&hellip;\n","protected":false},"author":2,"featured_media":136426,"comment_status":"","ping_status":"","sticky":false,"template":"","format":"standard","meta":{"footnotes":""},"categories":[12],"tags":[20,21,24,25,15,22,23,13,30,28,29,14,16,26,27,42,43,44,45],"class_list":{"0":"post-136425","1":"post","2":"type-post","3":"status-publish","4":"format-standard","5":"has-post-thumbnail","7":"category-verden","8":"tag-breaking-news","9":"tag-breakingnews","10":"tag-featured-news","11":"tag-featurednews","12":"tag-headlines","13":"tag-latest-news","14":"tag-latestnews","15":"tag-news","16":"tag-no","17":"tag-norge","18":"tag-norway","19":"tag-nyheter","20":"tag-overskrifter","21":"tag-top-stories","22":"tag-topstories","23":"tag-verden","24":"tag-world","25":"tag-world-news","26":"tag-worldnews"},"share_on_mastodon":{"url":"https:\/\/pubeurope.com\/@no\/115890389191739935","error":""},"_links":{"self":[{"href":"https:\/\/www.europesays.com\/no\/wp-json\/wp\/v2\/posts\/136425","targetHints":{"allow":["GET"]}}],"collection":[{"href":"https:\/\/www.europesays.com\/no\/wp-json\/wp\/v2\/posts"}],"about":[{"href":"https:\/\/www.europesays.com\/no\/wp-json\/wp\/v2\/types\/post"}],"author":[{"embeddable":true,"href":"https:\/\/www.europesays.com\/no\/wp-json\/wp\/v2\/users\/2"}],"replies":[{"embeddable":true,"href":"https:\/\/www.europesays.com\/no\/wp-json\/wp\/v2\/comments?post=136425"}],"version-history":[{"count":0,"href":"https:\/\/www.europesays.com\/no\/wp-json\/wp\/v2\/posts\/136425\/revisions"}],"wp:featuredmedia":[{"embeddable":true,"href":"https:\/\/www.europesays.com\/no\/wp-json\/wp\/v2\/media\/136426"}],"wp:attachment":[{"href":"https:\/\/www.europesays.com\/no\/wp-json\/wp\/v2\/media?parent=136425"}],"wp:term":[{"taxonomy":"category","embeddable":true,"href":"https:\/\/www.europesays.com\/no\/wp-json\/wp\/v2\/categories?post=136425"},{"taxonomy":"post_tag","embeddable":true,"href":"https:\/\/www.europesays.com\/no\/wp-json\/wp\/v2\/tags?post=136425"}],"curies":[{"name":"wp","href":"https:\/\/api.w.org\/{rel}","templated":true}]}}