{"id":136443,"date":"2026-01-13T23:51:42","date_gmt":"2026-01-13T23:51:42","guid":{"rendered":"https:\/\/www.europesays.com\/no\/136443\/"},"modified":"2026-01-13T23:51:42","modified_gmt":"2026-01-13T23:51:42","slug":"matapour-inngar-forlik-med-120-fornaermede-ma-betale-350-000-til-hver-nrk-norge-oversikt-over-nyheter-fra-ulike-deler-av-landet","status":"publish","type":"post","link":"https:\/\/www.europesays.com\/no\/136443\/","title":{"rendered":"Matapour inng\u00e5r forlik med 120 forn\u00e6rmede \u2013 m\u00e5 betale 350.000 til hver \u2013 NRK Norge \u2013 Oversikt over nyheter fra ulike deler av landet"},"content":{"rendered":"<p>De 120 forn\u00e6rmede etter skytingen i Oslo som ikke fikk erstatningskravene sine behandlet i rettssaken mot drapsmann Zaniar Matapour, har inng\u00e5tt forlik med Matapour.<\/p>\n<p>Det bekrefter koordinerende bistandsadvokat Christian Lundin til NRK.<\/p>\n<p>Partene m\u00f8ttes i et meklingsm\u00f8te i Oslo tingrett tirsdag.<\/p>\n<p><strong>De 120 forn\u00e6rmede vil alle f\u00e5 350.000 kroner hver i oppreisningserstatning, totalt 42 millioner kroner. Det er det samme bel\u00f8pet som de andre i samme gruppe fikk tilkjent i dommen mot Matapour.<\/strong><\/p>\n<p>Matapour-dommen<\/p>\n<p>I Oslo tingretts dom fra juli 2024, ble gjerningsmannen Zaniar Matapour d\u00f8mt til \u00e5 betale oppreisningserstatning til 312 forn\u00e6rmede.<\/p>\n<p>De forn\u00e6rmede ble delt inn i fire forskjellige grupper:<\/p>\n<p>Gruppe 1:<\/p>\n<p>Forn\u00e6rmede med skuddskader eller andre fysiske skader. Ti personer ble tilkjent 550.000 kroner i oppreisning.<\/p>\n<p>Gruppa 2:<\/p>\n<p>Forn\u00e6rmede som utsatte seg for fare ved \u00e5 p\u00e5gripe tiltalte. Ni personer ble tilkjent 450.000 kroner i oppreisning.<\/p>\n<p>Gruppe 3:<\/p>\n<p>Forn\u00e6rmede uten fysiske skader som befant seg i omr\u00e5det p\u00e5 gjerningstidspunktet. 291 personer ble tilkjent 350.000 kroner i oppreisning.<\/p>\n<p>Gruppe 4:<\/p>\n<p>De etterlatte. To personer ble tilkjent 500.000 kroner i oppreisning.<\/p>\n<p><strong>Sammenlagt ble Matapour d\u00f8mt til \u00e5 betale totalt 112.400.000 kroner i oppreisningserstatning til de forn\u00e6rmede.<\/strong><\/p>\n<p>Siden Matapour selv ikke har penger til \u00e5 betale dette, legger staten ved Kontoret for voldsoffererstatning ut.<\/p>\n<p>De 115 \u00abnye\u00bb forn\u00e6rmede som meldte seg etter Matapour-dommen og krevde erstatning av terrortiltalte Arfan Bhatti, er alle i gruppe 3.<\/p>\n<p>Leder Espen Evjenth i St\u00f8ttegruppa 25. juni sier dette er \u00abfantastiske nyheter\u00bb.<\/p>\n<p>\u2013 Dette er en voldsom lettelse for de 120 som har s\u00f8kt om oppreisning og har st\u00e5tt i de \u00f8konomiske konsekvensene av et terrorangrep i 3 \u00e5r, 6 m\u00e5neder og 19 dager. S\u00e5 er det en lettelse og endelig f\u00e5 en avgj\u00f8relse i denne saken.<\/p>\n<p>\u2013 Det f\u00f8les godt \u00e5 ha denne avklaringen p\u00e5 plass f\u00f8r Bhatti-dommen kommer, sier Evjenth til NRK.<\/p>\n<p>Han roser partene i meklingen:<\/p>\n<p>\u2013 Her har partene tatt ansvar, g\u00e5tt i m\u00f8te med hverandre og funnet ut hva som er riktig i denne saken. De kom heldigvis fram til at det er likebehandling som er veien \u00e5 g\u00e5 her.<\/p>\n<p><img decoding=\"async\"   src=\"data:image\/gif;base64,R0lGODlhAQABAIAAAAAAAP\/\/\/yH5BAEAAAAALAAAAAABAAEAAAIBRAA7\" loading=\"eager\" alt=\"To personer st\u00e5r ansikt til ansikt p\u00e5 en gate, med bygninger i bakgrunnen. Den ene personen har p\u00e5 seg en gr\u00f8nn jakke med pelskrage, mens den andre ser ut til \u00e5 v\u00e6re i samtale. Omr\u00e5det fremst\u00e5r som urbant, med synlige tegn p\u00e5 bylivet. Det er svakt lys, muligens fra en overskyet himmel.\" title=\"Foto: Siri Kvehaugen Saugstad\"\/><\/p>\n<p class=\"\">Leder Espen Evjenth i St\u00f8ttegruppa 25. juni. <\/p>\n<p>Foto: Siri Kvehaugen Saugstad<\/p>\n<p>\u2013 Det eneste riktige<\/p>\n<p>290 personer fikk 350.000 i oppreisning i dommen mot Matapour. Han ble i 2024 <a href=\"https:\/\/www.nrk.no\/norge\/zaniar-matapour-dommes-til-30-ars-forvaring-for-terroren-25.-juni-1.16940218\" ec-id=\"pp:article:1.16940218\" ec-name=\"d\u00f8mt til lovens strengeste straff for angrepet i Rosenkrantz&#039; gate.\" rel=\"nofollow noopener\" target=\"_blank\">d\u00f8mt til lovens strengeste straff for angrepet i Rosenkrantz&#8217; gate. <\/a><\/p>\n<p>312 personer fikk erstatning i dommen, men etterlatte etter de to som ble drept i angrepet, samt de som fikk fysiske skader eller utsatte seg selv for fare, fikk et h\u00f8yere bel\u00f8p.<\/p>\n<p><strong>\u2013 Det er en veldig fornuftig l\u00f8sning. Det er det eneste riktige. Alternativet til et forlik er \u00e5 gjennomf\u00f8re en rettssak hvor alle disse 120 forklarer seg og legger fram dokumentasjon, og s\u00e5 videre. N\u00e5 sk\u00e5nes de for den belastningen, og rettsapparatet sk\u00e5nes for \u00e5 legge beslag p\u00e5 ytterligere ressurser, sier Lundin til NRK. <\/strong><\/p>\n<p>Han beskriver det som en stor lettelse for de det gjelder.<\/p>\n<p>\u2013 N\u00e5 har man ivaretatt hensynet til likebehandling. Alle som var p\u00e5 samme sted og opplevde den samme situasjonen f\u00e5r n\u00e5 tilkjent samme erstatning.<\/p>\n<p>Det er etter all sannsynlighet Kontoret for voldsoffererstatning som vil utbetale oppreisningen til de forn\u00e6rmede.<\/p>\n<p>120 nye forn\u00e6rmede<\/p>\n<p>Da rettssaken mot Arfan Bhatti startet i Oslo tingrett i begynnelsen av september, krevde 115 \u00abnye\u00bb forn\u00e6rmede oppreisningserstatning av ham.<\/p>\n<p>Dommeren hadde avklart p\u00e5 forh\u00e5nd at erstatningskravene skulle v\u00e6re en del av straffesaken. At sivile krav blir en del av straffesaker gj\u00f8res for \u00e5 spare tid og penger.<\/p>\n<p>De \u00abnye\u00bb forn\u00e6rmede, et tall som n\u00e5 har vokst til 120, fikk ikke behandlet kravene sine i rettssaken mot Matapour fordi de meldte seg for sent.<\/p>\n<p>Flere av dem mener de har f\u00e5tt for d\u00e5rlig informasjon, <a href=\"https:\/\/www.nrk.no\/norge\/var-midt-i-terrordramaet-_-matte-kontakte-politiet-etter-1_5-ar-1.16815432\" ec-id=\"pp:article:1.16815432\" ec-name=\"andre sier de ikke var klare f\u00f8r.\" rel=\"nofollow noopener\" target=\"_blank\">andre sier de ikke var klare f\u00f8r.<\/a><\/p>\n<p>Men underveis i rettssaken mot Arfan Bhatti, snudde dommeren og sa at de sivile kravene ikke skulle behandles likevel.<\/p>\n<p>Dermed gikk de \u00abnye forn\u00e6rmede\u00bb til sivil sak mot Zaniar Matapour. Det er denne saken som n\u00e5 er l\u00f8st i mekling i Oslo tingrett.<\/p>\n<p>Vil ha Matapour-saken gjenopptatt<\/p>\n<p>Matapours forsvarer Jon Anders Hasle sier det ikke er rettslig grunnlag for \u00e5 bestride erstatningskravene s\u00e5 lenge Matapour er d\u00f8mt for terror.<\/p>\n<p>Han mener imidlertid at Matapour ikke burde v\u00e6re d\u00f8mt for terror, men for drap.<\/p>\n<p>\u2013 Det er trist at hans sak ikke har kommet fram. Hans sak er at dette ikke er ment som en terrorhandling. M\u00e5let om \u00e5 f\u00e5 det fram har vi ikke gitt opp, sier Hasle til NRK.<\/p>\n<p>I rettssaken mot Arfan Bhatti forklarte Matapour at det var <a href=\"https:\/\/www.nrk.no\/norge\/har-aldri-forklart-seg-for-_-na-skal-matapour-vitne-mot-bhatti-1.17565662\" ec-id=\"pp:article:1.17565662\" ec-name=\"frustrasjon mot staten som gjorde at han skj\u00f8t mot London pub og Per p\u00e5 hj\u00f8rnet.\" rel=\"nofollow noopener\" target=\"_blank\">frustrasjon mot staten som gjorde at han skj\u00f8t mot London pub og Per p\u00e5 hj\u00f8rnet.<\/a><\/p>\n<p>\u2013 V\u00e5r tanke er at det vil v\u00e6re riktig \u00e5 gjen\u00e5pne denne saken p\u00e5 et tidspunkt, n\u00e5r vi f\u00e5r tilstrekkelig belyst at situasjonen er en annen enn terror. Det han forklarte er ikke terror, men drap, sier Hasle, og legger til at de sivile kravene ogs\u00e5 vil gjen\u00e5pnes i s\u00e5 fall.<\/p>\n<p><img decoding=\"async\"   src=\"data:image\/gif;base64,R0lGODlhAQABAIAAAAAAAP\/\/\/yH5BAEAAAAALAAAAAABAAEAAAIBRAA7\" loading=\"eager\" alt=\"Jon Anders Hasle p\u00e5 kontoret\" title=\"Foto: John-Andre Samuelsen \/ NRK\"\/><\/p>\n<p class=\"\">Jon Anders Hasle er forsvareren til Zaniar Matapour. <\/p>\n<p>Foto: John-Andre Samuelsen \/ NRK<\/p>\n<p>Leder Evjenth i St\u00f8ttegruppa 25. juni sier forsvaret m\u00e5 gj\u00f8re sine vurderinger i saken.<\/p>\n<p>\u2013 Hvis de mener saken har f\u00e5tt feil utfall s\u00e5 har de rett til \u00e5 jobbe for det. Men for meg har denne saken har hatt en voldsomt profesjonell behandling, og jeg har vanskelig \u00e5 se at de skulle klare \u00e5 lykkes med det p\u00e5 n\u00e5v\u00e6rende tidspunkt.<\/p>\n<p>Publisert<\/p>\n<p>13.01.2026, kl. 11.22<\/p>\n<p>Oppdatert<\/p>\n<p>13.01.2026, kl. 12.38<\/p>\n","protected":false},"excerpt":{"rendered":"De 120 forn\u00e6rmede etter skytingen i Oslo som ikke fikk erstatningskravene sine behandlet i rettssaken mot drapsmann Zaniar&hellip;\n","protected":false},"author":2,"featured_media":136444,"comment_status":"","ping_status":"","sticky":false,"template":"","format":"standard","meta":{"footnotes":""},"categories":[5],"tags":[20,21,24,25,15,19,22,23,17,18,13,30,28,29,14,16,26,27],"class_list":{"0":"post-136443","1":"post","2":"type-post","3":"status-publish","4":"format-standard","5":"has-post-thumbnail","7":"category-overskrifter","8":"tag-breaking-news","9":"tag-breakingnews","10":"tag-featured-news","11":"tag-featurednews","12":"tag-headlines","13":"tag-hovedoppslag","14":"tag-latest-news","15":"tag-latestnews","16":"tag-main-news","17":"tag-mainnews","18":"tag-news","19":"tag-no","20":"tag-norge","21":"tag-norway","22":"tag-nyheter","23":"tag-overskrifter","24":"tag-top-stories","25":"tag-topstories"},"share_on_mastodon":{"url":"https:\/\/pubeurope.com\/@no\/115890479666793912","error":""},"_links":{"self":[{"href":"https:\/\/www.europesays.com\/no\/wp-json\/wp\/v2\/posts\/136443","targetHints":{"allow":["GET"]}}],"collection":[{"href":"https:\/\/www.europesays.com\/no\/wp-json\/wp\/v2\/posts"}],"about":[{"href":"https:\/\/www.europesays.com\/no\/wp-json\/wp\/v2\/types\/post"}],"author":[{"embeddable":true,"href":"https:\/\/www.europesays.com\/no\/wp-json\/wp\/v2\/users\/2"}],"replies":[{"embeddable":true,"href":"https:\/\/www.europesays.com\/no\/wp-json\/wp\/v2\/comments?post=136443"}],"version-history":[{"count":0,"href":"https:\/\/www.europesays.com\/no\/wp-json\/wp\/v2\/posts\/136443\/revisions"}],"wp:featuredmedia":[{"embeddable":true,"href":"https:\/\/www.europesays.com\/no\/wp-json\/wp\/v2\/media\/136444"}],"wp:attachment":[{"href":"https:\/\/www.europesays.com\/no\/wp-json\/wp\/v2\/media?parent=136443"}],"wp:term":[{"taxonomy":"category","embeddable":true,"href":"https:\/\/www.europesays.com\/no\/wp-json\/wp\/v2\/categories?post=136443"},{"taxonomy":"post_tag","embeddable":true,"href":"https:\/\/www.europesays.com\/no\/wp-json\/wp\/v2\/tags?post=136443"}],"curies":[{"name":"wp","href":"https:\/\/api.w.org\/{rel}","templated":true}]}}