{"id":136449,"date":"2026-01-13T23:58:40","date_gmt":"2026-01-13T23:58:40","guid":{"rendered":"https:\/\/www.europesays.com\/no\/136449\/"},"modified":"2026-01-13T23:58:40","modified_gmt":"2026-01-13T23:58:40","slug":"mette-fredriksen-om-gronland-mye-tyder-pa-at-det-vanskeligste-ligger-foran-oss-tv2-no","status":"publish","type":"post","link":"https:\/\/www.europesays.com\/no\/136449\/","title":{"rendered":"Mette Fredriksen om Gr\u00f8nland: \u2013 Mye tyder p\u00e5 at det vanskeligste ligger foran oss &#8211; TV2.no"},"content":{"rendered":"<ol>\n<li><a href=\"https:\/\/news.google.com\/rss\/articles\/CBMi4AFBVV95cUxQZlBPbUV1ZHNVempNYVlnOXFPd2xHVUQyeGZqUlRWN2tGQzlkS2pmTmFoNXRiX0ZIVXoxWnJBUUhPbmJ0b09nYTBvX3N6dzlRXzdhN2I2SzROM0gtV2t5aDRiendJMEJHT0UyRkxEejVMdUlvUW51ZXBvNzE3cktKTXRnVWJWVk90a3pHdGwyVDQwdFVxdURkTVYwTXlmYzJhcmdqellZeU52djRqdnVmT05iVnZOWTMxVGVxWnVGaC1Vc3hpLXFkdVhQSjk2eGpZWGVselBCeFpwTEowTy1ESw?oc=5\" target=\"_blank\" rel=\"nofollow noopener\">Mette Fredriksen om Gr\u00f8nland: \u2013 Mye tyder p\u00e5 at det vanskeligste ligger foran oss<\/a>&nbsp;&nbsp;TV2.no<\/li>\n<li><a href=\"https:\/\/news.google.com\/rss\/articles\/CBMib0FVX3lxTE9EdEZEZEFiSDlWalA3NnMyTFNNNXRHUGdLN21FaGdQU2xQTklEUnZWdy1VLW4wR1hqaThzYVEza2Rna2Y5Z3AwZXdzb0E3eGN3eUQ0bDBUVXpHUG82dS1QZzZZZTZPc3B1a000d2FLVQ?oc=5\" target=\"_blank\" rel=\"nofollow noopener\">Situasjonen p\u00e5 Gr\u00f8nland: \u2013\u2060 Det vanskeligste ligger foran oss<\/a>&nbsp;&nbsp;VG<\/li>\n<li><a href=\"https:\/\/news.google.com\/rss\/articles\/CBMidEFVX3lxTE9tTC1XMTAycWZPZmR3OHNfUWEtMTc2bTFQcERyaW1DTnUtWHlRV0oxSjhhZk1xeEo2V05SU0dZYnFHaFlTOGpvTmN4eGpfQXJiMUNuclNEM2RvZ0JhWFVjYW5LRmJFZ3lFd2ZRV0QwU0RjNl9a?oc=5\" target=\"_blank\" rel=\"nofollow noopener\">&#8211; Et stort problem for dem<\/a>&nbsp;&nbsp;Dagbladet<\/li>\n<li><a href=\"https:\/\/news.google.com\/rss\/articles\/CBMimgFBVV95cUxONUZEeVFfN3hWVHE4RjV1cndqWm5WSFpaVFBYMGVqRkRVN1NZanZjZ2ZaT3hhN3JBbkF0T2pacldZTVU4U0RnQk4yVkJNUUVQVjdUMGRHQWJDeTZvdmdjeHJpSnYwdVJ1SUdpNWZ4QktKel9SY0NFZUlkbkpLX1FxNEhzR1lzNFA4OXZPTlVBU0I4bXFTZGxVTWZ3?oc=5\" target=\"_blank\" rel=\"nofollow noopener\">Frykter at USA vil klare \u00e5 sl\u00e5 en kile mellom dansker og gr\u00f8nlendere<\/a>&nbsp;&nbsp;Aftenposten<\/li>\n<li><a href=\"https:\/\/news.google.com\/rss\/articles\/CBMilgFBVV95cUxOZ2hPckQ1X0dlcDFYcFBMdmxfTnVqeDdlM1EydnBjQmNIbzZzakwxanNmbFRWMmVCWWlYRmcxbHJ3QnJZU2M4VDQ3TVN6SWYtdm5OVDg1b0hibDJrSmtmM2ZqZkE4SG4xODJNVzRoR2ZKbWxsVTRXZ1JkTDlHR1RLNHVmcTB4TWJoeWNvYlg3anpIMzBWX1E?oc=5\" target=\"_blank\" rel=\"nofollow noopener\">Det hvite hus deler bilde av Trump som \u00abser p\u00e5\u00bb Gr\u00f8nland<\/a>&nbsp;&nbsp;NRK<\/li>\n<\/ol>\n","protected":false},"excerpt":{"rendered":"Mette Fredriksen om Gr\u00f8nland: \u2013 Mye tyder p\u00e5 at det vanskeligste ligger foran oss&nbsp;&nbsp;TV2.no Situasjonen p\u00e5 Gr\u00f8nland: \u2013\u2060&hellip;\n","protected":false},"author":2,"featured_media":7490,"comment_status":"","ping_status":"","sticky":false,"template":"","format":"standard","meta":{"footnotes":""},"categories":[5],"tags":[20,21,24,25,15,19,22,23,17,18,13,30,28,29,14,16,26,27],"class_list":{"0":"post-136449","1":"post","2":"type-post","3":"status-publish","4":"format-standard","5":"has-post-thumbnail","7":"category-overskrifter","8":"tag-breaking-news","9":"tag-breakingnews","10":"tag-featured-news","11":"tag-featurednews","12":"tag-headlines","13":"tag-hovedoppslag","14":"tag-latest-news","15":"tag-latestnews","16":"tag-main-news","17":"tag-mainnews","18":"tag-news","19":"tag-no","20":"tag-norge","21":"tag-norway","22":"tag-nyheter","23":"tag-overskrifter","24":"tag-top-stories","25":"tag-topstories"},"share_on_mastodon":{"url":"https:\/\/pubeurope.com\/@no\/115890507239366402","error":""},"_links":{"self":[{"href":"https:\/\/www.europesays.com\/no\/wp-json\/wp\/v2\/posts\/136449","targetHints":{"allow":["GET"]}}],"collection":[{"href":"https:\/\/www.europesays.com\/no\/wp-json\/wp\/v2\/posts"}],"about":[{"href":"https:\/\/www.europesays.com\/no\/wp-json\/wp\/v2\/types\/post"}],"author":[{"embeddable":true,"href":"https:\/\/www.europesays.com\/no\/wp-json\/wp\/v2\/users\/2"}],"replies":[{"embeddable":true,"href":"https:\/\/www.europesays.com\/no\/wp-json\/wp\/v2\/comments?post=136449"}],"version-history":[{"count":0,"href":"https:\/\/www.europesays.com\/no\/wp-json\/wp\/v2\/posts\/136449\/revisions"}],"wp:featuredmedia":[{"embeddable":true,"href":"https:\/\/www.europesays.com\/no\/wp-json\/wp\/v2\/media\/7490"}],"wp:attachment":[{"href":"https:\/\/www.europesays.com\/no\/wp-json\/wp\/v2\/media?parent=136449"}],"wp:term":[{"taxonomy":"category","embeddable":true,"href":"https:\/\/www.europesays.com\/no\/wp-json\/wp\/v2\/categories?post=136449"},{"taxonomy":"post_tag","embeddable":true,"href":"https:\/\/www.europesays.com\/no\/wp-json\/wp\/v2\/tags?post=136449"}],"curies":[{"name":"wp","href":"https:\/\/api.w.org\/{rel}","templated":true}]}}