{"id":136466,"date":"2026-01-14T00:20:00","date_gmt":"2026-01-14T00:20:00","guid":{"rendered":"https:\/\/www.europesays.com\/no\/136466\/"},"modified":"2026-01-14T00:20:00","modified_gmt":"2026-01-14T00:20:00","slug":"nato-har-aldri-statt-svakere","status":"publish","type":"post","link":"https:\/\/www.europesays.com\/no\/136466\/","title":{"rendered":"\u2013 Nato har aldri st\u00e5tt svakere"},"content":{"rendered":"\n<ul class=\"_list_o9xde_3 _list_64s2r_85 _unordered_o9xde_106 text-sans-m\">\n<li class=\"_item_o9xde_30\">USAs president Donald Trump truer Gr\u00f8nland, noe som har skapt frykt i Nato-landet Danmark.<\/li>\n<li class=\"_item_o9xde_30\">Stortingsrepresentant Fr\u00f8ya Skjold Sjurs\u00e6ther (MDG) tar til orde for norsk EU-medlemskap, fordi hun mener Nato aldri har st\u00e5tt svakere.<\/li>\n<li class=\"_item_o9xde_30\">Simen Velle (Frp) og Jonas Andersen Sayed (KrF) mener det siste som trengs er en EU-debatt.<\/li>\n<li class=\"_item_o9xde_30\">Bj\u00f8rnar Moxnes (R\u00f8dt) kritiserer partiene som er positive til EU, for \u00e5 gi Trump makt over norske milit\u00e6rbaser.<\/li>\n<li class=\"_item_o9xde_30\">Ine Eriksen S\u00f8reide (H) mener behovet for \u00e5 diskutere norsk EU-medlemskap har v\u00e6rt stort lenge. <\/li>\n<li class=\"_item_o9xde_30\">Professor ved UiO, Dag Harald Claes, tror ikke norsk EU-medlemskap er logisk med mindre Nato oppl\u00f8ses. <\/li>\n<\/ul>\n<p>Vis mer <\/p>\n<p class=\"_paragraph_o9xde_4 _paragraph_xtcu6_10 layout-component text-serif-m layout-normal text-serif-m layout-padded\">USAs president <a href=\"https:\/\/www.vg.no\/tag\/donald-trump\" class=\"_link_o9xde_39\" rel=\"nofollow noopener\" target=\"_blank\">Donald Trump<\/a> har over lengre tid snakket om Gr\u00f8nland. Likevel var det ikke f\u00f8r <a href=\"https:\/\/www.vg.no\/nyheter\/i\/rrAjnm\/afp-og-reuters-eksplosjoner-hoert-i-venezuela\" data-track-element-type=\"Link\" data-track-id=\"link:rrAjnm\" class=\"_link_o9xde_39\" rel=\"nofollow noopener\" target=\"_blank\">han angrep Venezuela<\/a> at alvoret satte ordentlig inn.<\/p>\n<p class=\"_paragraph_o9xde_4 _paragraph_xtcu6_10 layout-component text-serif-m layout-normal text-serif-m layout-padded\">Danmarks statsminister, <a href=\"https:\/\/www.vg.no\/tag\/mette-frederiksen\" class=\"_link_o9xde_39\" rel=\"nofollow noopener\" target=\"_blank\">Mette Frederiksen<\/a>, har sagt at <a href=\"https:\/\/www.vg.no\/nyheter\/i\/Pd98dX\/danmarks-statsminister-ber-usa-stoppe-groenland-truslene\" data-track-element-type=\"Link\" data-track-id=\"link:Pd98dX\" class=\"_link_o9xde_39\" rel=\"nofollow noopener\" target=\"_blank\">dersom Nato-landet USA angriper Gr\u00f8nland<\/a>, og dermed ogs\u00e5 Nato-landet Danmark, s\u00e5 \u00abstopper alt opp\u00bb. <\/p>\n<p class=\"_paragraph_o9xde_4 _paragraph_xtcu6_10 layout-component text-serif-m layout-normal text-serif-m layout-padded\">Stortingsrepresentant og medlem av energi- og milj\u00f8komiteen p\u00e5 Stortinget, <a href=\"https:\/\/www.vg.no\/tag\/froeya-skjold-sjursaether?utm_source=vg-article&amp;utm_medium=auto-tagger&amp;utm_campaign=vrQ0pL\" class=\"_link_o9xde_39\" rel=\"nofollow noopener\" target=\"_blank\">Fr\u00f8ya Skjold Sjurs\u00e6ther<\/a> (MDG), er klar i sin tale: <\/p>\n<p class=\"_paragraph_o9xde_4 _paragraph_xtcu6_10 layout-component text-serif-m layout-normal text-serif-m layout-padded\">\u2013 Etter at Trump i fullt alvor har begynt \u00e5 true med \u00e5 angripe et annet Nato-land, har Nato aldri st\u00e5tt svakere. Behovet for \u00e5 ha flere bein \u00e5 st\u00e5 p\u00e5 er st\u00f8rre enn noen gang, og EU er v\u00e5rt beste alternativ.<\/p>\n<p>\u2013 Det siste Norge trenger n\u00e5<\/p>\n<p class=\"_paragraph_o9xde_4 _paragraph_xtcu6_10 layout-component text-serif-m layout-normal text-serif-m layout-padded\">Sjurs\u00e6ther mener det er helt uforst\u00e5elig at et flertall blant norske partier fortsatt er imot EU, s\u00e6rlig etter <a href=\"https:\/\/www.vg.no\/nyheter\/i\/8pmrzW\/bildt-europa-maa-vaere-forberedt-paa-konfrontasjon-med-trump-om-groenland\" data-track-element-type=\"Link\" data-track-id=\"link:8pmrzW\" class=\"_link_o9xde_39\" rel=\"nofollow noopener\" target=\"_blank\">de siste ukene<\/a>. <\/p>\n<p class=\"_paragraph_o9xde_4 _paragraph_xtcu6_10 layout-component text-serif-m layout-normal text-serif-m layout-padded\">N\u00e5 mener hun at det haster med en ny EU-debatt i Norge, og at resten av venstresiden m\u00e5 ta et realt oppgj\u00f8r med EU-politikken sin. <\/p>\n<p class=\"_paragraph_o9xde_4 _paragraph_xtcu6_10 layout-component text-serif-m layout-normal text-serif-m layout-padded\">\u2013 Venstresidens EU-nei er en lissepasning lissepasning Handling som virker \u00e5 v\u00e6re tilpasset en bestemt mottaker. til Trump-administrasjonen, og mitt inntrykk er at nei-partiene ikke har tatt innover seg ned nye verdensordenen. Det gjelder ogs\u00e5 Frp og KrF.<\/p>\n<p><img alt=\"Stortingsrepresentant og leder for FpU, Simen Velle.   Foto: Terje Bendiksby \/ NTB\" class=\"_image_qp4xg_65 layout-component layout-normal\" data-fullscreen- data-track-element-type=\"Article image fullscreen\" data-track-name=\"ImageFullscreen\" decoding=\"async\" loading=\"lazy\" height=\"5339\" itemprop=\"image\"  src=\"https:\/\/www.europesays.com\/no\/wp-content\/uploads\/2026\/01\/6dce08e4-5a85-4907-b535-aae102d26dbe.png\"  style=\"object-position:0% 0%\" width=\"8009\"\/>Stortingsrepresentant og leder for FpU, Simen Velle.   Foto: Terje Bendiksby \/ NTB<\/p>\n<p class=\"_paragraph_o9xde_4 _paragraph_xtcu6_10 layout-component text-serif-m layout-normal text-serif-m layout-padded\">Til det svarer stortingsrepresentant og leder for Fremskrittspartiets Ungdom, Simen Velle, f\u00f8lgende: <\/p>\n<p class=\"_paragraph_o9xde_4 _paragraph_xtcu6_10 layout-component text-serif-m layout-normal text-serif-m layout-padded\">\u2013 Det siste Norge trenger n\u00e5 er en opprivende EU-debatt. N\u00e5 m\u00e5 Norge s\u00f8rge for et godt forhold b\u00e5de til EU og til alle andre allierte. <\/p>\n<p class=\"_paragraph_o9xde_4 _paragraph_xtcu6_10 layout-component text-serif-m layout-normal text-serif-m layout-padded\">Statssekret\u00e6r Astrid Bergm\u00e5l i Arbeiderpartiet mener det ikke er tid for en ny medlemskapsprosess n\u00e5. <\/p>\n<p class=\"_paragraph_o9xde_4 _paragraph_xtcu6_10 layout-component text-serif-m layout-normal text-serif-m layout-padded\">\u2013 Samtidig er det viktig \u00e5 diskutere hvordan vi best ivaretar norske interesser og norsk sikkerhet, s\u00e6rlig i den tiden vi n\u00e5 lever i med store geopolitiske endringer. Norges forhold til EU og Europa er en naturlig del av dette, skriver Bergm\u00e5l i en e-post til VG.<\/p>\n<p class=\"_paragraph_o9xde_4 _paragraph_xtcu6_10 layout-component text-serif-m layout-normal text-serif-m layout-padded\">Forsvarspolitisk talsperson for KrF, Jonas Andersen Sayed, mener den nye verdensordenen bekrefter Norges behov for \u00e5 styrke Nato-samarbeidet med \u00e5 ruste opp v\u00e5rt eget forsvar. <\/p>\n<p class=\"_paragraph_o9xde_4 _paragraph_xtcu6_10 layout-component text-serif-m layout-normal text-serif-m layout-padded\">\u2013 En EU-debatt er bare en avsporing fra der fokuset b\u00f8r ligge, skriver han i en SMS til VG.<\/p>\n<p><img alt=\"Forsvarspolitisk talsperson for KrF, Jonas Andersen Sayed.   Foto: Anne Sofie R\u00f8nnfeldt \/ VG\" class=\"_image_qp4xg_65 layout-component layout-normal\" data-fullscreen- data-track-element-type=\"Article image fullscreen\" data-track-name=\"ImageFullscreen\" decoding=\"async\" loading=\"lazy\" height=\"4997\" itemprop=\"image\"  src=\"https:\/\/www.europesays.com\/no\/wp-content\/uploads\/2026\/01\/82b4e17b-281f-48c6-9eb8-641ad37aa9d7.jpeg\"  style=\"object-position:0% 0%\" width=\"7424\"\/>Forsvarspolitisk talsperson for KrF, Jonas Andersen Sayed.   Foto: Anne Sofie R\u00f8nnfeldt \/ VG<\/p>\n<p class=\"_paragraph_o9xde_4 _paragraph_xtcu6_10 layout-component text-serif-m layout-normal text-serif-m layout-padded\">\u2013 Det er veldig naivt \u00e5 tro at EU skal erstatte funksjonen til Nato. V\u00e5r viktigste allierte i Europa er Storbritannia som heller ikke er en del av EU, og vi ser ogs\u00e5 at EU stadig blir lammet av spoilere som Ungarn og Slovakia. De viktige strategiske valgene for Europa i disse dager blir ikke tatt i Brussel, men i de viktigste europeiske hovedstedene, mener Sayed. <\/p>\n<p>Mener ja-partiene har gitt Trump et maktgrep <\/p>\n<p class=\"_paragraph_o9xde_4 _paragraph_xtcu6_10 layout-component text-serif-m layout-normal text-serif-m layout-padded\">Forsvarspolitisk talsperson for R\u00f8dt, Bj\u00f8rnar Moxnes, g\u00e5r rett i strupen p\u00e5 Sjurs\u00e6ther: <\/p>\n<p class=\"_paragraph_o9xde_4 _paragraph_xtcu6_10 layout-component text-serif-m layout-normal text-serif-m layout-padded\">\u2013 Sjurs\u00e6thers MDG har i likhet med de EU-entusiastiske partiene H\u00f8yre og Venstre gitt Trump n\u00f8klene til 12 milit\u00e6rbaser p\u00e5 norsk jord, skriver han i en e-post til VG. <\/p>\n<p><img alt=\"Stortingsrepresentant og medlem av utenriks- og forsvarskomiteen, Bj\u00f8rnar Moxnes.   Foto: Gabriel Aas Sk\u00e5levik \/ VG\" class=\"_image_qp4xg_65 layout-component layout-normal\" data-fullscreen- data-track-element-type=\"Article image fullscreen\" data-track-name=\"ImageFullscreen\" decoding=\"async\" loading=\"lazy\" height=\"4000\" itemprop=\"image\"  src=\"https:\/\/www.europesays.com\/no\/wp-content\/uploads\/2026\/01\/be480e7a-bd81-48bb-ada4-631b47e2f258.jpeg\"  style=\"object-position:0% 0%\" width=\"6000\"\/>Stortingsrepresentant og medlem av utenriks- og forsvarskomiteen, Bj\u00f8rnar Moxnes.   Foto: Gabriel Aas Sk\u00e5levik \/ VG<\/p>\n<p class=\"_paragraph_o9xde_4 _paragraph_xtcu6_10 layout-component text-serif-m layout-normal text-serif-m layout-padded\">Moxnes mener det er \u00e5 gi Trump et maktgrep over Norge, fordi han f\u00e5r milit\u00e6rbaser bak v\u00e5re egne forsvarslinjer. <\/p>\n<p class=\"_paragraph_o9xde_4 _paragraph_xtcu6_10 layout-component text-serif-m layout-normal text-serif-m layout-padded\">\u2013 Jeg synes derfor ikke en anklage fra MDG om \u00e5 \u00abikke ta innover seg den nye verdensordenen\u00bb har injurierende injurierende Evne til \u00e5 krenke eller forn\u00e6rme.kraft, skriver han.<\/p>\n<p class=\"_paragraph_o9xde_4 _paragraph_xtcu6_10 layout-component text-serif-m layout-normal text-serif-m layout-padded\">Sjurs\u00e6ther svarer at dersom R\u00f8dt mener at Norge b\u00f8r v\u00e6re mindre avhengig av USA, s\u00e5 er EU det beste alternativet deres. <\/p>\n<p class=\"_paragraph_o9xde_4 _paragraph_xtcu6_10 layout-component text-serif-m layout-normal layout-padded\"><strong class=\"_strong_o9xde_25\">Les ogs\u00e5:<\/strong> <a href=\"https:\/\/www.vg.no\/i\/lnAd4L\" data-track-element-type=\"Link\" data-track-id=\"link:lnAd4L\" class=\"_link_o9xde_39\" rel=\"nofollow noopener\" target=\"_blank\">V\u00e5rt EU-nei st\u00e5r seg godt<\/a><\/p>\n<p class=\"_paragraph_o9xde_4 _paragraph_xtcu6_10 layout-component text-serif-m layout-normal text-serif-m layout-padded\">Moxnes stiller sp\u00f8rsm\u00e5l ved om et norsk EU-medlemskap skulle hatt noen avskrekkende effekt p\u00e5 USA, n\u00e5r ikke virker \u00e5 ha hatt noen avskrekkende effekt at Danmark er EU-medlem. <\/p>\n<p class=\"_paragraph_o9xde_4 _paragraph_xtcu6_10 layout-component text-serif-m layout-normal text-serif-m layout-padded\">\u2013 EU er ikke en milit\u00e6rallianse, EU har ingen kommandostruktur og EU har ingen egne styrker. <\/p>\n<p class=\"_paragraph_o9xde_4 _paragraph_xtcu6_10 layout-component text-serif-m layout-normal text-serif-m layout-padded\">EU-politisk talsperson for SV, Ingrid Fiskaa, mener at et EU-medlemskap ikke er en l\u00f8sning p\u00e5 problemene Norge st\u00e5r overfor. <\/p>\n<p><img alt=\"EU-politisk talsperson for SV, Ingrid Fiskaa.   Foto: Ole Berg-Rusten \/ NTB\" class=\"_image_qp4xg_65 layout-component layout-normal\" data-fullscreen- data-track-element-type=\"Article image fullscreen\" data-track-name=\"ImageFullscreen\" decoding=\"async\" loading=\"lazy\" height=\"4160\" itemprop=\"image\"  src=\"https:\/\/www.europesays.com\/no\/wp-content\/uploads\/2026\/01\/f19f92ad-a062-4c5d-b7f2-151e32bde118.jpeg\"  style=\"object-position:0% 0%\" width=\"6240\"\/>EU-politisk talsperson for SV, Ingrid Fiskaa.   Foto: Ole Berg-Rusten \/ NTB<\/p>\n<p class=\"_paragraph_o9xde_4 _paragraph_xtcu6_10 layout-component text-serif-m layout-normal text-serif-m layout-padded\">\u2013 Norge b\u00f8r s\u00f8ke tettere samarbeid med land som deler v\u00e5re sikkerhetsinteresser. Et slikt fellesskap finner vi i de nordiske og nordeuropeiske nabolandene v\u00e5re, men ikke i et EU som spriker i alle retninger, og som ikke engang klarer \u00e5 sl\u00e5 fast at <a href=\"https:\/\/www.vg.no\/nyheter\/i\/XMgQWr\/ekspert-dette-er-et-angrep-det-er-tydelig\" data-track-element-type=\"Link\" data-track-id=\"link:XMgQWr\" class=\"_link_o9xde_39\" rel=\"nofollow noopener\" target=\"_blank\">USA bryter folkeretten<\/a>.<\/p>\n<p class=\"_paragraph_o9xde_4 _paragraph_xtcu6_10 layout-component text-serif-m layout-normal text-serif-m layout-padded\">Ogs\u00e5 Senterpartiet (Sp) er, ikke overraskende, kritiske til et norsk EU-medlemskap.<\/p>\n<p class=\"_paragraph_o9xde_4 _paragraph_xtcu6_10 layout-component text-serif-m layout-normal text-serif-m layout-padded\">\u2013 \u00c5 tenke at EU-medlemskap skal avl\u00f8se NATO er gammeldags. EU er ingen forsvarsallianse, og mangler strategisk viktige land som Storbritannia og Canada, skriver stortingsrepresentant for Sp Maren Gr\u00f8the i en epost til VG.<\/p>\n<p>\u2013 G\u00e5r et utfordrende politisk \u00e5r i m\u00f8te<\/p>\n<p class=\"_paragraph_o9xde_4 _paragraph_xtcu6_10 layout-component text-serif-m layout-normal text-serif-m layout-padded\">H\u00f8yres utenrikspolitiske talsperson, Ine Eriksen S\u00f8reide, mener behovet for \u00e5 diskutere Norges tilknytning til EU, inkludert fullt norsk EU-medlemskap, har v\u00e6rt stort lenge. <\/p>\n<p class=\"_paragraph_o9xde_4 _paragraph_xtcu6_10 layout-component text-serif-m layout-normal text-serif-m layout-padded\">Hun mener utenforskapet gj\u00f8r det vanskeligere \u00e5 ivareta norske interesser, fordi EU gj\u00f8r st\u00f8rre forskjell p\u00e5 medlemmer og ikke-medlemmer. <\/p>\n<p><img alt=\"H\u00f8yres utenrikspolitiske talsperson, Ine Eriksen S\u00f8reide.   Foto: Ole Berg-Rusten \/ NTB\" class=\"_image_qp4xg_65 layout-component layout-normal\" data-fullscreen- data-track-element-type=\"Article image fullscreen\" data-track-name=\"ImageFullscreen\" decoding=\"async\" loading=\"lazy\" height=\"4160\" itemprop=\"image\"  src=\"https:\/\/www.europesays.com\/no\/wp-content\/uploads\/2026\/01\/c8fa0e20-0291-4fe7-990a-69acd036a606.jpeg\"  style=\"object-position:0% 0%\" width=\"6240\"\/>H\u00f8yres utenrikspolitiske talsperson, Ine Eriksen S\u00f8reide.   Foto: Ole Berg-Rusten \/ NTB<\/p>\n<p class=\"_paragraph_o9xde_4 _paragraph_xtcu6_10 layout-component text-serif-m layout-normal text-serif-m layout-padded\">\u2013 Begynnelsen p\u00e5 2026 har v\u00e6rt sv\u00e6rt krevende, og jeg tror vi g\u00e5r et utfordrende politisk \u00e5r i m\u00f8te, skriver hun i en e-post. <\/p>\n<p class=\"_paragraph_o9xde_4 _paragraph_xtcu6_10 layout-component text-serif-m layout-normal text-serif-m layout-padded\">I tider preget av urolighet og uforutsigbarhet, mener S\u00f8reide at det er n\u00f8dvendig for Norge \u00e5 v\u00e6re del av allianser og partnerskap. <\/p>\n<p class=\"_paragraph_o9xde_4 _paragraph_xtcu6_10 layout-component text-serif-m layout-normal layout-padded\"><strong class=\"_strong_o9xde_25\">Les ogs\u00e5:<\/strong> <a href=\"https:\/\/www.vg.no\/i\/zOGBz9\" data-track-element-type=\"Link\" data-track-id=\"link:zOGBz9\" class=\"_link_o9xde_39\" rel=\"nofollow noopener\" target=\"_blank\">N\u00e5 m\u00e5 vi snakke om EU<\/a><\/p>\n<p class=\"_paragraph_o9xde_4 _paragraph_xtcu6_10 layout-component text-serif-m layout-normal text-serif-m layout-padded\">Hun skriver at Nato er v\u00e5r sikkerhetsgaranti, og at samarbeidet i og med EU \u2013 om alt fra sikkerhet og beredskap til eksport, migrasjon og velferd \u2013 stadig blir viktigere for Norge. <\/p>\n<p>\u2013 USAs milit\u00e6re kapasitet overg\u00e5r fullstendig <\/p>\n<p class=\"_paragraph_o9xde_4 _paragraph_xtcu6_10 layout-component text-serif-m layout-normal text-serif-m layout-padded\">Professor i statsvitenskap ved Universitetet i Oslo, Dag Harald Claes, forteller at EU ikke er i n\u00e6rheten av \u00e5 v\u00e6re en milit\u00e6rallianse p\u00e5 linje med Nato.<\/p>\n<p class=\"_paragraph_o9xde_4 _paragraph_xtcu6_10 layout-component text-serif-m layout-normal text-serif-m layout-padded\">Til tross for at det sikkerhetspolitiske arbeidet i EU er under rask utvikling, mener Claes at det vil ta mange \u00e5r f\u00f8r EU kan st\u00e5 p\u00e5 egne bein rent milit\u00e6rt, om det noen gang skjer. <\/p>\n<p class=\"_paragraph_o9xde_4 _paragraph_xtcu6_10 layout-component text-serif-m layout-normal text-serif-m layout-padded\">\u2013 S\u00e5 lenge det er mulig \u00e5 holde Nato-samarbeidet ved like, b\u00f8r det v\u00e6re hovedstrategien, sier Claes. <\/p>\n<p><img decoding=\"async\" alt=\"Bilde av Dag Harald Claes \" class=\"_image_ygndg_42\" height=\"40\" itemprop=\"image\" loading=\"lazy\"  src=\"https:\/\/www.europesays.com\/no\/wp-content\/uploads\/2026\/01\/59618b0b-8134-43fa-9f4d-e23e9f6015f7.jpeg\"  width=\"40\"\/><strong class=\"_name_ygndg_51 title-serif-xs\">Dag Harald Claes <\/strong><\/p>\n<p class=\"_paragraph_o9xde_4 text-sans-m _description_ygndg_56\">Professor i statsvitenskap ved Universitetet i Oslo <\/p>\n<p class=\"_paragraph_o9xde_4 _paragraph_xtcu6_10 layout-component text-serif-m layout-normal text-serif-m layout-padded\">\u2013 De fleste EU-landene er med i Nato, men USAs milit\u00e6re kapasitet overg\u00e5r fullstendig alle de andre Nato-landenes kapasitet. <\/p>\n<p class=\"_paragraph_o9xde_4 _paragraph_xtcu6_10 layout-component text-serif-m layout-normal text-serif-m layout-padded\">Det er kun hvis Nato g\u00e5r i oppl\u00f8sning, at det gir sikkerhetspolitisk mening for Norge \u00e5 melde seg inn i EU, mener han. <\/p>\n<p class=\"_paragraph_o9xde_4 _paragraph_xtcu6_10 layout-component text-serif-m layout-normal text-serif-m layout-padded\">\u2013 Det er dermed ikke sagt at det ikke kan v\u00e6re andre grunner, b\u00e5de politiske og \u00f8konomiske, som taler for et EU-medlemskap.<\/p>\n<p class=\"_paragraph_o9xde_4 _paragraph_xtcu6_10 layout-component text-serif-m layout-normal layout-padded\"><strong class=\"_strong_o9xde_25\">Les ogs\u00e5:<\/strong> <a href=\"https:\/\/www.vg.no\/i\/q6LlQL\" data-track-element-type=\"Link\" data-track-id=\"link:q6LlQL\" class=\"_link_o9xde_39\" rel=\"nofollow noopener\" target=\"_blank\">Vil v\u00e6re slutten for alliansen<\/a><\/p>\n<p>    <img decoding=\"async\" alt=\"Tips oss illustrasjon\" src=\"https:\/\/www.europesays.com\/no\/wp-content\/uploads\/2025\/10\/pssst-small.webp.webp\"\/>    <\/p>\n<p class=\"title-serif-s\">Har du tips?<\/p>\n<p class=\"text-sans-m\">Send oss informasjon, bilder eller video.<\/p>\n<p>  <a href=\"https:\/\/www.vg.no\/tips-oss\" rel=\"nofollow noopener\" target=\"_blank\"> Tips oss <\/a>      <\/p>\n","protected":false},"excerpt":{"rendered":"USAs president Donald Trump truer Gr\u00f8nland, noe som har skapt frykt i Nato-landet Danmark. Stortingsrepresentant Fr\u00f8ya Skjold Sjurs\u00e6ther&hellip;\n","protected":false},"author":2,"featured_media":136467,"comment_status":"","ping_status":"","sticky":false,"template":"","format":"standard","meta":{"footnotes":""},"categories":[5],"tags":[31,20,21,55,279,24,25,226,4874,15,19,22,23,17,18,233,13,30,28,29,14,16,26,27],"class_list":{"0":"post-136466","1":"post","2":"type-post","3":"status-publish","4":"format-standard","5":"has-post-thumbnail","7":"category-overskrifter","8":"tag-breaking","9":"tag-breaking-news","10":"tag-breakingnews","11":"tag-donald-trump","12":"tag-eu","13":"tag-featured-news","14":"tag-featurednews","15":"tag-forsvar","16":"tag-froya-skjold-sjursaether","17":"tag-headlines","18":"tag-hovedoppslag","19":"tag-latest-news","20":"tag-latestnews","21":"tag-main-news","22":"tag-mainnews","23":"tag-nato","24":"tag-news","25":"tag-no","26":"tag-norge","27":"tag-norway","28":"tag-nyheter","29":"tag-overskrifter","30":"tag-top-stories","31":"tag-topstories"},"share_on_mastodon":{"url":"https:\/\/pubeurope.com\/@no\/115890593698926779","error":""},"_links":{"self":[{"href":"https:\/\/www.europesays.com\/no\/wp-json\/wp\/v2\/posts\/136466","targetHints":{"allow":["GET"]}}],"collection":[{"href":"https:\/\/www.europesays.com\/no\/wp-json\/wp\/v2\/posts"}],"about":[{"href":"https:\/\/www.europesays.com\/no\/wp-json\/wp\/v2\/types\/post"}],"author":[{"embeddable":true,"href":"https:\/\/www.europesays.com\/no\/wp-json\/wp\/v2\/users\/2"}],"replies":[{"embeddable":true,"href":"https:\/\/www.europesays.com\/no\/wp-json\/wp\/v2\/comments?post=136466"}],"version-history":[{"count":0,"href":"https:\/\/www.europesays.com\/no\/wp-json\/wp\/v2\/posts\/136466\/revisions"}],"wp:featuredmedia":[{"embeddable":true,"href":"https:\/\/www.europesays.com\/no\/wp-json\/wp\/v2\/media\/136467"}],"wp:attachment":[{"href":"https:\/\/www.europesays.com\/no\/wp-json\/wp\/v2\/media?parent=136466"}],"wp:term":[{"taxonomy":"category","embeddable":true,"href":"https:\/\/www.europesays.com\/no\/wp-json\/wp\/v2\/categories?post=136466"},{"taxonomy":"post_tag","embeddable":true,"href":"https:\/\/www.europesays.com\/no\/wp-json\/wp\/v2\/tags?post=136466"}],"curies":[{"name":"wp","href":"https:\/\/api.w.org\/{rel}","templated":true}]}}