{"id":136470,"date":"2026-01-14T00:26:30","date_gmt":"2026-01-14T00:26:30","guid":{"rendered":"https:\/\/www.europesays.com\/no\/136470\/"},"modified":"2026-01-14T00:26:30","modified_gmt":"2026-01-14T00:26:30","slug":"fjern-laerernormen","status":"publish","type":"post","link":"https:\/\/www.europesays.com\/no\/136470\/","title":{"rendered":"Fjern l\u00e6rernormen"},"content":{"rendered":"<p><img decoding=\"async\" class=\"image-asset hyperion-css-u06ts1\" data-test-tag=\"image-asset\" src=\"https:\/\/www.europesays.com\/no\/wp-content\/uploads\/2026\/01\/6716aed4-8c23-4634-af7a-691e3ef1ea41.jpeg\"  alt=\"Medlem av kommunekommisjonen Signy Irene Vabo presenterte kommisjonens f\u00f8rste rapport for finansminister Jens Stoltenberg (i forgrunnen) og kommunalminister Bj\u00f8rnar Skj\u00e6ran.\"  loading=\"eager\" fetchpriority=\"high\" style=\"aspect-ratio:2048 \/ 1365\"\/>Medlem av kommunekommisjonen Signy Irene Vabo presenterte kommisjonens f\u00f8rste rapport for finansminister Jens Stoltenberg (i forgrunnen) og kommunalminister Bj\u00f8rnar Skj\u00e6ran. Foto: Gorm Kallestad \/ NTB<\/p>\n<p class=\"contentWidth hyperion-css-1mepuqa\" data-test-tag=\"lead-text\">Kommunene m\u00e5 f\u00e5 mer tillit og mindre detaljstyring.<\/p>\n<p>Publisert: 13.01.2026 12:59<\/p>\n<p>Lederen gir uttrykk for Aftenpostens syn. Sjefredakt\u00f8r og politisk redakt\u00f8r har ansvar for innholdet.<\/p>\n<p class=\"paywall hyperion-css-1j42uic\">Av og til stilles feil sp\u00f8rsm\u00e5l. Det gjelder helt tydelig i debatten om det statlige kravet til maks antall elever pr. l\u00e6rer i barneskolen.<\/p>\n<p class=\"paywall hyperion-css-1j42uic\">Flertallet i kommunekommisjonen foresl\u00e5r \u00e5 fjerne l\u00e6rernormen. Reaksjonen er som ventet. Mange sp\u00f8r om hva som da vil skje med kvaliteten p\u00e5 undervisningen.<\/p>\n<p class=\"hyperion-css-1qm9e9t\">Les hele saken med abonnement<\/p>\n<p>Allerede abonnent? Logg inn<\/p>\n","protected":false},"excerpt":{"rendered":"Medlem av kommunekommisjonen Signy Irene Vabo presenterte kommisjonens f\u00f8rste rapport for finansminister Jens Stoltenberg (i forgrunnen) og kommunalminister&hellip;\n","protected":false},"author":2,"featured_media":136471,"comment_status":"","ping_status":"","sticky":false,"template":"","format":"standard","meta":{"footnotes":""},"categories":[10],"tags":[20,21,24,25,15,22,23,13,30,28,29,14,16,26,27],"class_list":{"0":"post-136470","1":"post","2":"type-post","3":"status-publish","4":"format-standard","5":"has-post-thumbnail","7":"category-norge","8":"tag-breaking-news","9":"tag-breakingnews","10":"tag-featured-news","11":"tag-featurednews","12":"tag-headlines","13":"tag-latest-news","14":"tag-latestnews","15":"tag-news","16":"tag-no","17":"tag-norge","18":"tag-norway","19":"tag-nyheter","20":"tag-overskrifter","21":"tag-top-stories","22":"tag-topstories"},"share_on_mastodon":{"url":"https:\/\/pubeurope.com\/@no\/115890617251289504","error":""},"_links":{"self":[{"href":"https:\/\/www.europesays.com\/no\/wp-json\/wp\/v2\/posts\/136470","targetHints":{"allow":["GET"]}}],"collection":[{"href":"https:\/\/www.europesays.com\/no\/wp-json\/wp\/v2\/posts"}],"about":[{"href":"https:\/\/www.europesays.com\/no\/wp-json\/wp\/v2\/types\/post"}],"author":[{"embeddable":true,"href":"https:\/\/www.europesays.com\/no\/wp-json\/wp\/v2\/users\/2"}],"replies":[{"embeddable":true,"href":"https:\/\/www.europesays.com\/no\/wp-json\/wp\/v2\/comments?post=136470"}],"version-history":[{"count":0,"href":"https:\/\/www.europesays.com\/no\/wp-json\/wp\/v2\/posts\/136470\/revisions"}],"wp:featuredmedia":[{"embeddable":true,"href":"https:\/\/www.europesays.com\/no\/wp-json\/wp\/v2\/media\/136471"}],"wp:attachment":[{"href":"https:\/\/www.europesays.com\/no\/wp-json\/wp\/v2\/media?parent=136470"}],"wp:term":[{"taxonomy":"category","embeddable":true,"href":"https:\/\/www.europesays.com\/no\/wp-json\/wp\/v2\/categories?post=136470"},{"taxonomy":"post_tag","embeddable":true,"href":"https:\/\/www.europesays.com\/no\/wp-json\/wp\/v2\/tags?post=136470"}],"curies":[{"name":"wp","href":"https:\/\/api.w.org\/{rel}","templated":true}]}}