{"id":136481,"date":"2026-01-14T00:43:47","date_gmt":"2026-01-14T00:43:47","guid":{"rendered":"https:\/\/www.europesays.com\/no\/136481\/"},"modified":"2026-01-14T00:43:47","modified_gmt":"2026-01-14T00:43:47","slug":"det-hvite-hus-deler-bilde-av-trump-som-ser-pa-gronland","status":"publish","type":"post","link":"https:\/\/www.europesays.com\/no\/136481\/","title":{"rendered":"Det hvite hus deler bilde av Trump som \u00abser p\u00e5\u00bb Gr\u00f8nland"},"content":{"rendered":"\n<p class=\"_paragraph_o9xde_4 _paragraph_xtcu6_10 layout-component text-serif-m layout-normal text-serif-m layout-padded\">Donald Trump sier at Nato-stormakten USA \u00abtrenger\u00bb <a href=\"https:\/\/www.vg.no\/tag\/groenland?utm_source=vg-article&amp;utm_medium=auto-tagger&amp;utm_campaign=k0R8QB\" class=\"_link_o9xde_39\" rel=\"nofollow noopener\" target=\"_blank\">Gr\u00f8nland<\/a> for nasjonal sikkerhet. Hans n\u00e6rmeste st\u00f8ttespillere og r\u00e5dgivere er \u00e5pne om at USAs 47. president vil kunne bruke milit\u00e6r makt for \u00e5 ulovlig annektereannektere\u00c5 annektere betyr \u00e5 ta kontroll over et omr\u00e5de eller land med makt, ofte uten samtykke fra de som bor der. \u00f8ya som tilh\u00f8rer NatoNatoDen nordatlantiske traktatorganisasjonen (Nato) er en milit\u00e6rallianse best\u00e5ende av flere land i Europa og Nord-Amerika, som samarbeider om forsvar og sikkerhet.-allierte kongeriket Danmark.<\/p>\n<p class=\"_paragraph_o9xde_4 _paragraph_xtcu6_10 layout-component text-serif-m layout-normal text-serif-m layout-padded\"><strong class=\"_strong_o9xde_25\">Et innlegg fra natt til tirsdag signaliserer ogs\u00e5 at presidenten har blikket rettet mot Arktis.<\/strong><\/p>\n<p class=\"_root_1xq52_1\" lang=\"en\" dir=\"auto\">Tap to monitor the situation.<\/p>\n<p class=\"_paragraph_o9xde_4 _paragraph_xtcu6_10 layout-component text-serif-m layout-normal text-serif-m layout-padded\">Det er ingen forklarende tekst i presidentens <a href=\"https:\/\/x.com\/WhiteHouse\/status\/2010902536757162398\" class=\"_link_o9xde_39\" rel=\"nofollow\">innlegg p\u00e5 X<\/a>. Det st\u00e5r kun \u00abklikk for \u00e5 f\u00f8lge utviklingen\u00bb over et bilde av Trump som ser p\u00e5 et satelittkart over Gr\u00f8nland. Det fremg\u00e5r ikke konkret hva som ligger i oppfordringen.<\/p>\n<p><img alt=\"Nuuk, Gr\u00f8nland.  Foto: Jevgenij Maloletka \/ AP \/ NTB\" class=\"_image_qp4xg_65 layout-component layout-normal\" data-fullscreen- data-track-element-type=\"Article image fullscreen\" data-track-name=\"ImageFullscreen\" decoding=\"async\" loading=\"lazy\" height=\"5760\" itemprop=\"image\"  src=\"https:\/\/www.europesays.com\/no\/wp-content\/uploads\/2026\/01\/be1e1861-6146-4fb1-ba22-7dcad4228158.jpeg\"  style=\"object-position:0% 0%\" width=\"8640\"\/>Nuuk, Gr\u00f8nland.  Foto: Jevgenij Maloletka \/ AP \/ NTB<\/p>\n<p class=\"_paragraph_o9xde_4 _paragraph_xtcu6_10 layout-component text-serif-m layout-normal text-serif-m layout-padded\">Amerikanerne har allerede tilgang til \u00f8ya og har ogs\u00e5 en milit\u00e6r tilstedev\u00e6relse der. Gr\u00f8nland er en selvstyrt del av det danske riksfellesskapet og er dermed ogs\u00e5 en Nato-alliert av USA.<\/p>\n<p class=\"_paragraph_o9xde_4 _paragraph_xtcu6_10 layout-component text-serif-m layout-normal text-serif-m layout-padded\"><a href=\"https:\/\/www.ft.dk\/samling\/20241\/almdel\/ifu\/spm\/58\/svar\/2110675\/2975516.pdf\" class=\"_link_o9xde_39\" rel=\"nofollow noopener\" target=\"_blank\">Gr\u00f8nlendere er dessuten EU-borgere<\/a>.<\/p>\n<p>Vil stanse Trump<\/p>\n<p class=\"_paragraph_o9xde_4 _paragraph_xtcu6_10 layout-component text-serif-m layout-normal text-serif-m layout-padded\">Kongressrepresentanten Jimmy Gomez (Demokrat) har foresl\u00e5tt en lov for \u00e5 stanse Trumps planer om \u00e5 kj\u00f8pe eller ta Gr\u00f8nland med makt, melder <a href=\"https:\/\/www.axios.com\/2026\/01\/13\/trump-greenland-bill-democrat-invade-buy-congress\" class=\"_link_o9xde_39\" rel=\"nofollow noopener\" target=\"_blank\">Axios<\/a>.<\/p>\n<p><img decoding=\"async\" alt=\"Bilde av Jimmy Gomez\" class=\"_image_ygndg_42\" height=\"27\" itemprop=\"image\" loading=\"lazy\"  src=\"https:\/\/www.europesays.com\/no\/wp-content\/uploads\/2026\/01\/c60ae1b0-1887-42ce-a25f-3affa83e43ee.jpeg\"  width=\"40\"\/><strong class=\"_name_ygndg_51 title-serif-xs\">Jimmy Gomez<\/strong><\/p>\n<p class=\"_paragraph_o9xde_4 text-sans-m _description_ygndg_56\">Kongressrepresentant og demokrat<\/p>\n<p class=\"_paragraph_o9xde_4 _paragraph_xtcu6_10 layout-component text-serif-m layout-normal text-serif-m layout-padded\"><a href=\"https:\/\/www.documentcloud.org\/documents\/26469896-gomez-greenland-annexation-bill\/\" class=\"_link_o9xde_39\" rel=\"nofollow noopener\" target=\"_blank\">Lovforslaget<\/a>, som er tre sider langt, forbyr bruk av midler til \u00abinvasjon, annektering, kj\u00f8p eller andre former for oppkj\u00f8p av Gr\u00f8nland\u00bb av den amerikanske regjeringen.<\/p>\n<p class=\"_paragraph_o9xde_4 _paragraph_xtcu6_10 layout-component text-serif-m layout-normal text-serif-m layout-padded\">Det vil ogs\u00e5 hindre finansiering av en \u00f8kning av amerikanske tropper p\u00e5 \u00f8ya eller p\u00e5virkningskampanjer rettet mot gr\u00f8nlenderne.<\/p>\n<p>Nato-sjef: \u2013 Jobber i riktig retning<\/p>\n<p class=\"_paragraph_o9xde_4 _paragraph_xtcu6_10 layout-component text-serif-m layout-normal text-serif-m layout-padded\">Danmarks statsminister, Mette Frederiksen, sine <a href=\"https:\/\/nyheder.tv2.dk\/live\/2025-01-06-kampen-om-groenlands-fremtid\/hvis-usa-angriber-hoerer-alting-op-siger-statsministeren?entry=1271d4db-357d-4e79-bf9f-d049c050e453\" class=\"_link_o9xde_39\" rel=\"nofollow noopener\" target=\"_blank\">reaksjoner<\/a> p\u00e5 Trump-administrasjonens gjentatte utspill, har v\u00e6rt krasse. Dersom USA angriper, \u00abstanser alt opp\u00bb, sa Frederiksen, \u00abinkludert v\u00e5rt Nato\u00bb.<\/p>\n<p class=\"_paragraph_o9xde_4 _paragraph_xtcu6_10 layout-component text-serif-m layout-normal text-serif-m layout-padded\">Nato-sjef Mark Rutte avviser likevel at alliansen st\u00e5r overfor en intern krise etter president Donald Trumps uttalelser om mulig milit\u00e6r aksjon mot Gr\u00f8nland.<\/p>\n<p class=\"_paragraph_o9xde_4 _paragraph_xtcu6_10 layout-component text-serif-m layout-normal text-serif-m layout-padded\">\u2013 Nei, ikke i det hele tatt. Og jeg tror vi jobber i riktig retning, sa Rutte da han ble spurt om Nato st\u00e5r overfor den st\u00f8rste interne krisen i alliansens historie.<\/p>\n<p><img decoding=\"async\" alt=\"Bilde av Mark Rutte\" class=\"_image_ygndg_42\" height=\"27\" itemprop=\"image\" loading=\"lazy\"  src=\"https:\/\/www.europesays.com\/no\/wp-content\/uploads\/2026\/01\/e44121a0-dc12-4a33-9f4c-60fb3e33cc7a.png\"  width=\"40\"\/><strong class=\"_name_ygndg_51 title-serif-xs\">Mark Rutte<\/strong><\/p>\n<p class=\"_paragraph_o9xde_4 text-sans-m _description_ygndg_56\">Natos generalsekret\u00e6r<\/p>\n<p class=\"_paragraph_o9xde_4 _paragraph_xtcu6_10 layout-component text-serif-m layout-normal text-serif-m layout-padded\">Uttalelsene kom under en <a href=\"https:\/\/www.youtube.com\/watch?v=V4uktPpmUv8\" class=\"_link_o9xde_39\" rel=\"nofollow noopener\" target=\"_blank\">pressekonferanse<\/a> i Zagreb, der Rutte var p\u00e5 bes\u00f8k hos Kroatias statsminister Andrej Plenkovi\u0107.<\/p>\n<p>EU-kommiss\u00e6r om st\u00f8tte til Danmark<\/p>\n<p class=\"_paragraph_o9xde_4 _paragraph_xtcu6_10 layout-component text-serif-m layout-normal text-serif-m layout-padded\">Under pressekonferansen refererte en journalist til at EU-kommiss\u00e6r EU-kommiss\u00e6r En EU-kommiss\u00e6r er et medlem av Europakommisjonen, som er den ut\u00f8vende grenen av Den europeiske union (EU), ansvarlig for \u00e5 foresl\u00e5 lover og gjennomf\u00f8re EU-politikk.Andrius Kubilius har uttalt at EU-medlemmer er forpliktet til \u00e5 komme Danmark til unnsetning i henhold til EU-traktatenEU-traktatenEU-traktaten er en avtale som danner grunnlaget for Den europeiske union (EU) og fastsetter regler og forpliktelser for medlemslandene. dersom landet m\u00f8ter milit\u00e6r aggresjon.<\/p>\n<p class=\"_paragraph_o9xde_4 _paragraph_xtcu6_10 layout-component text-serif-m layout-normal text-serif-m layout-padded\">23 EU-land er ogs\u00e5 Nato-medlemmer, inkludert Kroatia.<\/p>\n<p class=\"_paragraph_o9xde_4 _paragraph_xtcu6_10 layout-component text-serif-m layout-normal text-serif-m layout-padded\">Rutte understreket at ArktisArktisArktis er omr\u00e5det rundt Nordpolen, kjent for sitt kalde klima og isdekte hav, og er viktig for geopolitisk og milj\u00f8messig interesse. er en viktig del av Nato-territoriet som m\u00e5 beskyttes kollektivt.<\/p>\n<p class=\"_paragraph_o9xde_4 _paragraph_xtcu6_10 layout-component text-serif-m layout-normal text-serif-m layout-padded\">\u2013 Det er en vital del av Nato-territoriet. Og det er nettopp derfor Nato siden 2025, p\u00e5 foresp\u00f8rsel fra de syv nordlige allierte som grenser til Arktis, har blitt mer involvert, sa Nato-sjefen.<\/p>\n<p>Syv av \u00e5tte arktiske land i Nato<\/p>\n<p class=\"_paragraph_o9xde_4 _paragraph_xtcu6_10 layout-component text-serif-m layout-normal text-serif-m layout-padded\">Rutte pekte p\u00e5 at syv av \u00e5tte arktiske land er Nato-medlemmer, inkludert USA og Canada, samt fem europeiske land \u2013 Danmark gjennom Gr\u00f8nland, Island, Norge, Finland og Sverige.<\/p>\n<p class=\"_paragraph_o9xde_4 _paragraph_xtcu6_10 layout-component text-serif-m layout-normal text-serif-m layout-padded\">\u2013 Og s\u00e5 er det ett arktisk land utenfor Nato, og det er Russland. Men du kan ogs\u00e5 argumentere for at Kina n\u00e5 nesten har blitt et slags arktisk land, ikke geografisk, men i det minste gjennom mengden av sine aktiviteter og sin interesse i regionen, sa han.<\/p>\n<p><img alt=\"Nato-sjef Mark Rutte p\u00e5 bes\u00f8k hos Kroatias statsminister Andrej Plenkovi\u0107.  Foto: Patrik Macek\/PIXSELL \/ Pa Photos \/ NTB\" class=\"_image_qp4xg_65 layout-component layout-normal\" data-fullscreen- data-track-element-type=\"Article image fullscreen\" data-track-name=\"ImageFullscreen\" decoding=\"async\" loading=\"lazy\" height=\"2667\" itemprop=\"image\"  src=\"https:\/\/www.europesays.com\/no\/wp-content\/uploads\/2026\/01\/f58eba69-f2a1-44d0-a272-7ba4b050923b.jpeg\"  style=\"object-position:0% 0%\" width=\"4000\"\/>Nato-sjef Mark Rutte p\u00e5 bes\u00f8k hos Kroatias statsminister Andrej Plenkovi\u0107.  Foto: Patrik Macek\/PIXSELL \/ Pa Photos \/ NTB<\/p>\n<p class=\"_paragraph_o9xde_4 _paragraph_xtcu6_10 layout-component text-serif-m layout-normal text-serif-m layout-padded\">Nato-sjefen forklarte at klimaendringer \u00e5pner nye sj\u00f8ruter i Arktis, noe som skaper risiko for \u00f8kt russisk og kinesisk aktivitet i omr\u00e5det. Dette er noe dansk etterretningetterretningEtterretning refererer til innsamling og analyse av informasjon, ofte av milit\u00e6r eller politisk betydning, for \u00e5 forst\u00e5 og forutsi handlinger fra andre land eller grupper. ogs\u00e5 har p\u00e5pekt de siste \u00e5rene, s\u00e6rlig i etterkant av Russlands fullskala invasjon av Ukraina i 2022.<\/p>\n<p>Danmark styrker forsvaret<\/p>\n<p class=\"_paragraph_o9xde_4 _paragraph_xtcu6_10 layout-component text-serif-m layout-normal text-serif-m layout-padded\">Rutte fremhevet at Danmark allerede investerer tungt i forsvaret av territorier som Gr\u00f8nland.<\/p>\n<p class=\"_paragraph_o9xde_4 _paragraph_xtcu6_10 layout-component text-serif-m layout-normal text-serif-m layout-padded\">\u2013 Mens vi snakker, ser vi at Danmark \u00f8ker sine investeringer n\u00e5r det kommer til forsvar, ikke bare generelt, men ogs\u00e5 n\u00e5r det kommer til unike evner til \u00e5 forsvare territorier som Gr\u00f8nland, sa han.<\/p>\n<p><img alt=\"Donald Trump jr., president Trumps s\u00f8nn, bes\u00f8kte Gr\u00f8nland 7. januar 2025.   Foto: EMIL STACH \/ AFP \/ NTB\" class=\"_image_qp4xg_65 layout-component layout-normal\" data-fullscreen- data-track-element-type=\"Article image fullscreen\" data-track-name=\"ImageFullscreen\" decoding=\"async\" loading=\"lazy\" height=\"2784\" itemprop=\"image\"  src=\"https:\/\/www.europesays.com\/no\/wp-content\/uploads\/2026\/01\/cca0ee47-443f-452d-86d1-b19d91cb600d.png\"  style=\"object-position:0% 0%\" width=\"4176\"\/>Donald Trump jr., president Trumps s\u00f8nn, bes\u00f8kte Gr\u00f8nland 7. januar 2025.   Foto: EMIL STACH \/ AFP \/ NTB<\/p>\n<p class=\"_paragraph_o9xde_4 _paragraph_xtcu6_10 layout-component text-serif-m layout-normal text-serif-m layout-padded\">Danmark kj\u00f8per flere F-35 kampflyF-35 kampflyF-35 er et moderne, avansert jagerfly utviklet for \u00e5 utf\u00f8re en rekke milit\u00e6re oppdrag, inkludert luftkamp og angrep p\u00e5 bakkem\u00e5l., jobber med lufttanking og har kj\u00f8pt P-8 Boeing-flyP-8 Boeing-flyP-8 er et milit\u00e6rt overv\u00e5kingsfly utviklet av Boeing, brukt til maritim patruljering og anti-ub\u00e5tkrigf\u00f8ring. og langdistanse-dronerlangdistanse-dronerLangdistanse-droner er ubemannede luftfart\u00f8y som kan fly over lange avstander for rekognosering, overv\u00e5kning eller angrep.. Rutte beskrev dette som milliardinvesteringer i amerikansk utstyr som er n\u00f8dvendig for \u00e5 forsvare Danmark, Nato og territorier som Gr\u00f8nland.<\/p>\n<p class=\"_paragraph_o9xde_4 _paragraph_xtcu6_10 layout-component text-serif-m layout-normal layout-padded\"><strong class=\"_strong_o9xde_25\">Les ogs\u00e5:<\/strong> <a href=\"https:\/\/www.vg.no\/i\/43q6eG\" data-track-element-type=\"Link\" data-track-id=\"link:43q6eG\" class=\"_link_o9xde_39\" rel=\"nofollow noopener\" target=\"_blank\">Arktisk eks-spesialsoldat: \u2013 Minner om kriminell berikelse<\/a><\/p>\n<p class=\"_paragraph_o9xde_4 _paragraph_xtcu6_10 layout-component text-serif-m layout-normal text-serif-m layout-padded\">\u2013 S\u00e5 vi jobber virkelig sammen her, sa Nato-sjefen.<\/p>\n<p class=\"_paragraph_o9xde_4 _paragraph_xtcu6_10 layout-component text-serif-m layout-normal text-serif-m layout-padded\">Han understreket at hans eneste bekymring er hvordan alliansen kan holde seg trygg mot Russland og andre motstandere, inkludert Kina, som raskt bygger opp sine v\u00e6pnede styrkerv\u00e6pnede styrkerV\u00e6pnede styrker refererer til en nasjons milit\u00e6re organisasjon, inkludert h\u00e6r, marine og luftforsvar, som er ansvarlig for landets forsvar..<\/p>\n","protected":false},"excerpt":{"rendered":"Donald Trump sier at Nato-stormakten USA \u00abtrenger\u00bb Gr\u00f8nland for nasjonal sikkerhet. Hans n\u00e6rmeste st\u00f8ttespillere og r\u00e5dgivere er \u00e5pne&hellip;\n","protected":false},"author":2,"featured_media":136482,"comment_status":"","ping_status":"","sticky":false,"template":"","format":"standard","meta":{"footnotes":""},"categories":[5],"tags":[20,21,1524,73,55,24,25,2112,15,19,22,23,17,18,233,13,30,28,29,14,16,26,27],"class_list":{"0":"post-136481","1":"post","2":"type-post","3":"status-publish","4":"format-standard","5":"has-post-thumbnail","7":"category-overskrifter","8":"tag-breaking-news","9":"tag-breakingnews","10":"tag-danmark","11":"tag-det-hvite-hus","12":"tag-donald-trump","13":"tag-featured-news","14":"tag-featurednews","15":"tag-gronland","16":"tag-headlines","17":"tag-hovedoppslag","18":"tag-latest-news","19":"tag-latestnews","20":"tag-main-news","21":"tag-mainnews","22":"tag-nato","23":"tag-news","24":"tag-no","25":"tag-norge","26":"tag-norway","27":"tag-nyheter","28":"tag-overskrifter","29":"tag-top-stories","30":"tag-topstories"},"share_on_mastodon":{"url":"https:\/\/pubeurope.com\/@no\/115890688038277920","error":""},"_links":{"self":[{"href":"https:\/\/www.europesays.com\/no\/wp-json\/wp\/v2\/posts\/136481","targetHints":{"allow":["GET"]}}],"collection":[{"href":"https:\/\/www.europesays.com\/no\/wp-json\/wp\/v2\/posts"}],"about":[{"href":"https:\/\/www.europesays.com\/no\/wp-json\/wp\/v2\/types\/post"}],"author":[{"embeddable":true,"href":"https:\/\/www.europesays.com\/no\/wp-json\/wp\/v2\/users\/2"}],"replies":[{"embeddable":true,"href":"https:\/\/www.europesays.com\/no\/wp-json\/wp\/v2\/comments?post=136481"}],"version-history":[{"count":0,"href":"https:\/\/www.europesays.com\/no\/wp-json\/wp\/v2\/posts\/136481\/revisions"}],"wp:featuredmedia":[{"embeddable":true,"href":"https:\/\/www.europesays.com\/no\/wp-json\/wp\/v2\/media\/136482"}],"wp:attachment":[{"href":"https:\/\/www.europesays.com\/no\/wp-json\/wp\/v2\/media?parent=136481"}],"wp:term":[{"taxonomy":"category","embeddable":true,"href":"https:\/\/www.europesays.com\/no\/wp-json\/wp\/v2\/categories?post=136481"},{"taxonomy":"post_tag","embeddable":true,"href":"https:\/\/www.europesays.com\/no\/wp-json\/wp\/v2\/tags?post=136481"}],"curies":[{"name":"wp","href":"https:\/\/api.w.org\/{rel}","templated":true}]}}