{"id":136493,"date":"2026-01-14T00:58:27","date_gmt":"2026-01-14T00:58:27","guid":{"rendered":"https:\/\/www.europesays.com\/no\/136493\/"},"modified":"2026-01-14T00:58:27","modified_gmt":"2026-01-14T00:58:27","slug":"frp-og-hoyre-smeller-sammen-om-sykelonn","status":"publish","type":"post","link":"https:\/\/www.europesays.com\/no\/136493\/","title":{"rendered":"Frp og H\u00f8yre smeller sammen om sykel\u00f8nn"},"content":{"rendered":"\n<ul class=\"_list_o9xde_3 _list_64s2r_85 _unordered_o9xde_106 text-sans-m\">\n<li class=\"_item_o9xde_30\">Forslaget fra H\u00f8yres Henrik Asheim om \u00e5 endre sykel\u00f8nnsordningen f\u00e5r ikke st\u00f8tte av et flertall i Stortinget.<\/li>\n<li class=\"_item_o9xde_30\">Arbeiderpartiet og Fremskrittspartiet er tydelige motstandere av kutt i sykepengene.<\/li>\n<li class=\"_item_o9xde_30\">Frp mener full l\u00f8nn ved sykdom sikrer trygghet. <\/li>\n<li class=\"_item_o9xde_30\">Arbeiderpartiets Elise Waagen og R\u00f8dt-leder Marie Sneve Martinussen kritiserer Asheims forslag.<\/li>\n<\/ul>\n<p>Vis mer <\/p>\n<p class=\"_paragraph_o9xde_4 _paragraph_xtcu6_10 layout-component text-serif-m layout-normal text-serif-m layout-padded\">Det var H\u00f8yre-nestleder Henrik Asheim og partikollega Anna Molberg som gikk ut med et initiativ til \u00e5 endre <a href=\"https:\/\/www.nav.no\/sykepenger\" class=\"_link_o9xde_39\" rel=\"nofollow noopener\" target=\"_blank\">sykel\u00f8nnsordningen <\/a>i DN. <\/p>\n<p class=\"_paragraph_o9xde_4 _paragraph_xtcu6_10 layout-component text-serif-m layout-normal text-serif-m layout-padded\">Forslaget har blitt m\u00f8tt med kraftig kritikk &#8211; og f\u00e5r heller ikke st\u00f8tte fra det st\u00f8rste borgerlige partiet, Frp. <\/p>\n<p class=\"_paragraph_o9xde_4 _paragraph_xtcu6_10 layout-component text-serif-m layout-normal text-serif-m layout-padded\">\u2013 Fremskrittspartiet mener folk skal ha full l\u00f8nn ved sykdom for \u00e5 sikre trygg og forutsigbar inntekt, fastsl\u00e5r Frps 1. nestleder, Hans Andreas Limi til VG tirsdag ettermiddag.<\/p>\n<p class=\"_paragraph_o9xde_4 _paragraph_xtcu6_10 layout-component text-serif-m layout-normal text-serif-m layout-padded\">Det betyr at de to desidert st\u00f8rste partiene, Frp og Ap, er klokkeklart imot kutt i sykepengene og at det langt fra er flertall p\u00e5 Stortinget for en slik omlegging.<\/p>\n<p class=\"_paragraph_o9xde_4 _paragraph_xtcu6_10 layout-component text-serif-m layout-normal text-serif-m layout-padded\">Asheim og  Molberg sa til <a href=\"https:\/\/www.dn.no\/politikk\/asheim-vil-endre-sykelonnsordningen-ber-hoyre-snu\/2-1-1926200\" class=\"_link_o9xde_39\" rel=\"nofollow noopener\" target=\"_blank\">DN<\/a> at de vil foresl\u00e5 for H\u00f8yre-landsm\u00f8tet i februar \u00e5 invitere partiene p\u00e5 Stortinget til et forlik om sykel\u00f8nnsordningen for \u00e5 \u00abredusere sykefrav\u00e6ret betydelig\u00bb.<\/p>\n<p><img alt=\"Frp-Limi og H\u00f8yre-Asheim.  Foto: Terje Pedersen \/ NTB\" class=\"_image_qp4xg_65 layout-component layout-normal\" data-fullscreen- data-track-element-type=\"Article image fullscreen\" data-track-name=\"ImageFullscreen\" decoding=\"async\" loading=\"lazy\" height=\"2212\" itemprop=\"image\"  src=\"https:\/\/www.europesays.com\/no\/wp-content\/uploads\/2026\/01\/4a992b82-ecb3-48a3-9528-cc9429e248ff.png\"  style=\"object-position:0% 0%\" width=\"3318\"\/>Frp-Limi og H\u00f8yre-Asheim.  Foto: Terje Pedersen \/ NTB<\/p>\n<p class=\"_paragraph_o9xde_4 _paragraph_xtcu6_10 layout-component text-serif-m layout-normal text-serif-m layout-padded\">\u2013 Det har v\u00e6rt kutymekutymeSkikk eller sedvane. siden avtalen om et inkluderende arbeidsliv (<a href=\"https:\/\/www.regjeringen.no\/no\/tema\/arbeidsliv\/arbeidsmiljo-og-sikkerhet\/inkluderende_arbeidsliv\/id947\/\" class=\"_link_o9xde_39\" rel=\"nofollow noopener\" target=\"_blank\">IA-avtalen<\/a>), at partene i arbeidslivet har v\u00e6rt enige om 100 prosent l\u00f8nn ved sykdom. Det har politikerne respektert. N\u00e5 er de ikke enige om det lenger. Da er det opp til Stortinget, sa Asheim, og la til da han ble spurt om at det kan bety mindre sykepenger:<\/p>\n<p class=\"_paragraph_o9xde_4 _paragraph_xtcu6_10 layout-component text-serif-m layout-normal text-serif-m layout-padded\">\u2013 Det kan det bety. I Norge har vi 100 prosent sykel\u00f8nn i ett \u00e5r, deretter 66 prosent. I Sverige har de 80 prosent, men du kan f\u00e5 den over flere \u00e5r.<\/p>\n<p class=\"_paragraph_o9xde_4 _paragraph_xtcu6_10 layout-component text-serif-m layout-normal text-serif-m layout-padded\">I etterkant har blant annet fra R\u00f8dt-leder Marie Sneve Martinussen bedt p\u00e5troppende H\u00f8yre-leder Ine Eriksen S\u00f8reide avklare om hun st\u00f8tter Asheim.<\/p>\n<p>S\u00f8reide: Behov for endringer<\/p>\n<p class=\"_paragraph_o9xde_4 _paragraph_xtcu6_10 layout-component text-serif-m layout-normal text-serif-m layout-padded\">VG har utfordret den p\u00e5troppende H\u00f8yre-lederen p\u00e5 om hun er enig i forslaget fra Asheim. <\/p>\n<p class=\"_paragraph_o9xde_4 _paragraph_xtcu6_10 layout-component text-serif-m layout-normal text-serif-m layout-padded\">\u2013 Jeg mener det er behov for endringer. Og politikerne m\u00e5 komme p\u00e5 banen, skriver hun i en e-post tirsdag kveld. <\/p>\n<p class=\"_paragraph_o9xde_4 _paragraph_xtcu6_10 layout-component text-serif-m layout-normal text-serif-m layout-padded\">Hun skriver at det er viktig for b\u00e6rekraften i systemet at man t\u00f8r \u00e5 se fordomsfritt p\u00e5 hva som fungerer i dagens system og ikke. <\/p>\n<p class=\"_paragraph_o9xde_4 _paragraph_xtcu6_10 layout-component text-serif-m layout-normal text-serif-m layout-padded\">\u2013 Jeg opplever at partene gj\u00f8r det, men det som har manglet er et tydelig politiske p\u00e5trykk for forbedringer. Vi skal ha et system som er b\u00e6rekraftig ogs\u00e5 for de som kommer etter oss. Da m\u00e5 vi s\u00f8rge for \u00e5 reformere og legge til rette for at alle som kan bidra ogs\u00e5 f\u00e5r gjort det. Norge har en stor ubrukt menneskelig reserve av mennesker som gjerne vil jobbe, men som l\u00e5ses inne i et system som tidvis sp\u00f8r mer om hva folk ikke kan gj\u00f8re enn hva de kan gj\u00f8re, skriver hun, og videre: <\/p>\n<p class=\"_paragraph_o9xde_4 _paragraph_xtcu6_10 layout-component text-serif-m layout-normal text-serif-m layout-padded\">\u2013 Det er viktig at H\u00f8yre signaliserer behovet for et forlik. Og som Henrik Asheim sa: 2027 er et godt tidspunkt. Da kan partiene sette seg ned sammen slik vi har gjort med flere store forlik de siste \u00e5rene, som pensjon og forsvar.<\/p>\n<p class=\"_paragraph_o9xde_4 _paragraph_xtcu6_10 layout-component text-serif-m layout-normal text-serif-m layout-padded\">Hun sier det ikke er noe selvstendig poeng for H\u00f8yre \u00e5 kutte i sykel\u00f8nnen<\/p>\n<p class=\"_paragraph_o9xde_4 _paragraph_xtcu6_10 layout-component text-serif-m layout-normal text-serif-m layout-padded\">\u2013 P\u00e5 ingen m\u00e5te. Men hvis vi mener alvor med at vi skal diskutere alt og sammen finne nye l\u00f8sninger, m\u00e5 vi nettopp kunne se p\u00e5 alt og vurdere hele innretningen. <\/p>\n<p>Frp: Vil en helt annen vei<\/p>\n<p class=\"_paragraph_o9xde_4 _paragraph_xtcu6_10 layout-component text-serif-m layout-normal text-serif-m layout-padded\">Arbeiderpartiets Elise Waagen, andre nestleder i arbeids- og sosialkomiteen, gjorde i DN-intervjuet det veldig klart at det \u00aber uaktuelt \u00e5 svekke sykel\u00f8nnsordningen\u00bb.<\/p>\n<p class=\"_paragraph_o9xde_4 _paragraph_xtcu6_10 layout-component text-serif-m layout-normal text-serif-m layout-padded\"><a href=\"https:\/\/www.ssb.no\/arbeid-og-lonn\/arbeidsmiljo-sykefravaer-og-arbeidskonflikter\/statistikk\/sykefravaer\" class=\"_link_o9xde_39\" rel=\"nofollow noopener\" target=\"_blank\">Sykefrav\u00e6ret i Norge<\/a> er n\u00e5 p\u00e5 6,48 prosent, 5,04 prosent for menn og 8,17 prosent for kvinner.<\/p>\n<p class=\"_paragraph_o9xde_4 _paragraph_xtcu6_10 layout-component text-serif-m layout-normal text-serif-m layout-padded\">Frp-Limi sier at Frp vil g\u00e5 en helt annen vei enn H\u00f8yre.<\/p>\n<p><img alt=\"Foto: Terje Pedersen \/ NTB\" class=\"_image_qp4xg_65 layout-component layout-normal\" data-fullscreen- data-track-element-type=\"Article image fullscreen\" data-track-name=\"ImageFullscreen\" decoding=\"async\" loading=\"lazy\" height=\"3540\" itemprop=\"image\"  src=\"https:\/\/www.europesays.com\/no\/wp-content\/uploads\/2026\/01\/b6e054ac-05c8-4f02-8c13-259d94053df1.png\"  style=\"object-position:0% 0%\" width=\"5310\"\/>Foto: Terje Pedersen \/ NTB<\/p>\n<p class=\"_paragraph_o9xde_4 _paragraph_xtcu6_10 layout-component text-serif-m layout-normal text-serif-m layout-padded\">\u2013 Det er et m\u00e5l \u00e5 f\u00e5 ned sykefrav\u00e6ret, derfor m\u00e5 vi \u00f8ke kapasiteten i helsevesenet og benytte graderte sykmeldinger graderte sykmeldinger Gradert sykemelding er sykemelding som utstedes av legen hvis arbeidstakeren kan utf\u00f8re noen av sine vanlige arbeidsoppgaver i redusert stilling eller nye oppgaver etter tilrettelegging fra arbeidsplassen. Kilde: Store norske leksikon.i st\u00f8rre grad der dette kan bidra til \u00e5 ivareta og opprettholde den enkeltes arbeidsevne.<\/p>\n<p class=\"_paragraph_o9xde_4 _paragraph_xtcu6_10 layout-component text-serif-m layout-normal text-serif-m layout-padded\">Han legger til:<\/p>\n<p class=\"_paragraph_o9xde_4 _paragraph_xtcu6_10 layout-component text-serif-m layout-normal text-serif-m layout-padded\">\u2013 Samtidig m\u00e5 det gis bedre og tettere oppf\u00f8lging av dem som ikke klarer \u00e5 st\u00e5 i arbeid.<\/p>\n<p class=\"_paragraph_o9xde_4 _paragraph_xtcu6_10 layout-component text-serif-m layout-normal text-serif-m layout-padded\">Svekkelse av sykel\u00f8nnsordningen vil v\u00e6re ny H\u00f8yre-politikk. H\u00f8yre har under avtroppende H\u00f8yre-leder Erna Solberg <a href=\"https:\/\/www.vg.no\/nyheter\/i\/xmwMol\/erna-solberg-vil-ikke-ta-fra-deg-sykepenger\" data-track-element-type=\"Link\" data-track-id=\"link:xmwMol\" class=\"_link_o9xde_39\" rel=\"nofollow noopener\" target=\"_blank\">v\u00e6rt klar p\u00e5 <\/a>at de ikke vil svekke sykel\u00f8nnen.<\/p>\n<p class=\"_paragraph_o9xde_4 _paragraph_xtcu6_10 layout-component text-serif-m layout-normal text-serif-m layout-padded\">R\u00f8dt-leder Marie Sneve Martinussen mener at Asheim og H\u00f8yre villedet sine velgere f\u00f8r stortingsvalget i h\u00f8st, da han <a href=\"https:\/\/hoyre.no\/2025\/08\/08\/nei-hoyre-vil-ikke-kutte-i-sykelonna-vi-vil-redusere-fravaeret\/\" class=\"_link_o9xde_39\" rel=\"nofollow noopener\" target=\"_blank\">forsikret at H\u00f8yre ikke vil kutte i sykepengene<\/a>.<\/p>\n<p><img alt=\"Foto: Helge Mikalsen \/ VG\" class=\"_image_qp4xg_65 layout-component layout-normal\" data-fullscreen- data-track-element-type=\"Article image fullscreen\" data-track-name=\"ImageFullscreen\" decoding=\"async\" loading=\"lazy\" height=\"5210\" itemprop=\"image\"  src=\"https:\/\/www.europesays.com\/no\/wp-content\/uploads\/2026\/01\/8c231842-dabc-40df-873f-fa1a82ec3c9e.jpeg\"  style=\"object-position:0% 0%\" width=\"7178\"\/>Foto: Helge Mikalsen \/ VG<\/p>\n<p class=\"_paragraph_o9xde_4 _paragraph_xtcu6_10 layout-component text-serif-m layout-normal text-serif-m layout-padded\">\u2013 De lovet \u00e5 ikke r\u00f8re den i valgkampen, for s\u00e5 \u00e5 bryte l\u00f8ftet etter valget. Det er ikke tilfeldig, men utspekulert valgtaktikk kokt sammen i toppetasjen p\u00e5 H\u00f8yres Hus.<\/p>\n<p class=\"_paragraph_o9xde_4 _paragraph_xtcu6_10 layout-component text-serif-m layout-normal text-serif-m layout-padded\">Hun legger til:<\/p>\n<p class=\"_paragraph_o9xde_4 _paragraph_xtcu6_10 layout-component text-serif-m layout-normal text-serif-m layout-padded\">\u2013 \u00c5 kutte i sykel\u00f8nnen vil g\u00e5 hardt ut over lavtl\u00f8nte i privat sektor som ikke kan gj\u00f8re som direkt\u00f8rene og ta med seg PC-en i sengen p\u00e5 hjemmekontor. Det blir en turbo p\u00e5 klasseforskjellene, sier Martinussen. <\/p>\n<p class=\"_paragraph_o9xde_4 _paragraph_xtcu6_10 layout-component text-serif-m layout-normal text-serif-m layout-padded\">\u2013 S\u00f8reide m\u00e5 svare for hva hun mener, b\u00e5de om sykel\u00f8nnen og denne m\u00e5ten \u00e5 drive skittent spill. Valgprogrammet kan ikke g\u00e5 ut p\u00e5 dato fire m\u00e5neder etter at velgerne har stemt; det vil undergrave tilliten til norske politikere.<\/p>\n<p>Smalt i fjor<\/p>\n<p class=\"_paragraph_o9xde_4 _paragraph_xtcu6_10 layout-component text-serif-m layout-normal text-serif-m layout-padded\">Debatten om sykel\u00f8nnsordningen eksploderte i fjor, da LO og NHO smalt sammen. Det endte med at de, i forbindelse med Avtalen om et inkluderende arbeidsliv (IA-avtalen), ble enige om at de skal gjennomf\u00f8re en kunnskapsinnhenting om sykefrav\u00e6ret.<\/p>\n<p class=\"_paragraph_o9xde_4 _paragraph_xtcu6_10 layout-component text-serif-m layout-normal text-serif-m layout-padded\">Det arbeidet p\u00e5g\u00e5r n\u00e5. <\/p>\n<p>\u2013 Alvorlig<\/p>\n<p class=\"_paragraph_o9xde_4 _paragraph_xtcu6_10 layout-component text-serif-m layout-normal text-serif-m layout-padded\">NHO-sjef Ole Erik Almlid gir f\u00f8lgende kommentar:<\/p>\n<p><img decoding=\"async\" alt=\"Bilde av \" class=\"_image_ygndg_42\" height=\"27\" itemprop=\"image\" loading=\"lazy\"  src=\"https:\/\/www.europesays.com\/no\/wp-content\/uploads\/2026\/01\/e5a19e9f-94ed-4a6f-9dfa-cefa64a2e8d2.jpeg\"  width=\"40\"\/><strong class=\"_name_ygndg_51 title-serif-xs\"\/><\/p>\n<p class=\"_paragraph_o9xde_4 _paragraph_xtcu6_10 layout-component text-serif-m layout-normal text-serif-m layout-padded\">\u2013 Det h\u00f8ye sykefrav\u00e6ret i Norge er alvorlig, og vi m\u00e5 v\u00e6re villige til \u00e5 se p\u00e5 alle virkemidler for \u00e5 f\u00e5 det ned \u2013 ogs\u00e5 dagens sykel\u00f8nnsordning. Derfor sa vi nei til \u00e5 frede ordningen i ny IA-avtale og plasserte ansvaret hos partiene p\u00e5 Stortinget:<\/p>\n<p class=\"_paragraph_o9xde_4 _paragraph_xtcu6_10 layout-component text-serif-m layout-normal text-serif-m layout-padded\">\u2013 Som del av IA-avtalen gjennomf\u00f8res det n\u00e5 en grundig kunnskapsinnhenting, og jeg vil oppfordre alle parter, oss selv inkludert, til \u00e5 ta kunnskapen p\u00e5 alvor f\u00f8r man trekker konklusjoner, sier han.<\/p>\n<p>Vil fjerne fagforeningsfradraget <\/p>\n<p class=\"_paragraph_o9xde_4 _paragraph_xtcu6_10 layout-component text-serif-m layout-normal text-serif-m layout-padded\">Anna Molberg har ogs\u00e5 fremmet et eget forslag til det ekstra H\u00f8yre-landsm\u00f8tet, hvor hun ber partiet \u00abfjerne fradraget for kontingent til fagforening og arbeidsgiverorganisasjon og omprioritere midlene til \u00e5 gi skattelette til alle som er i arbeid\u00bb. <\/p>\n<p class=\"_paragraph_o9xde_4 _paragraph_xtcu6_10 layout-component text-serif-m layout-normal text-serif-m layout-padded\"><strong class=\"_strong_o9xde_25\">Dette synet har hun imidlertid ikke f\u00e5tt noen st\u00f8tte for i partiledelsen. <\/strong><\/p>\n","protected":false},"excerpt":{"rendered":"Forslaget fra H\u00f8yres Henrik Asheim om \u00e5 endre sykel\u00f8nnsordningen f\u00e5r ikke st\u00f8tte av et flertall i Stortinget. Arbeiderpartiet&hellip;\n","protected":false},"author":2,"featured_media":136494,"comment_status":"","ping_status":"","sticky":false,"template":"","format":"standard","meta":{"footnotes":""},"categories":[5],"tags":[20,21,24,25,15,19,22,23,17,18,652,13,30,28,29,14,16,333,15653,26,27,205],"class_list":{"0":"post-136493","1":"post","2":"type-post","3":"status-publish","4":"format-standard","5":"has-post-thumbnail","7":"category-overskrifter","8":"tag-breaking-news","9":"tag-breakingnews","10":"tag-featured-news","11":"tag-featurednews","12":"tag-headlines","13":"tag-hovedoppslag","14":"tag-latest-news","15":"tag-latestnews","16":"tag-main-news","17":"tag-mainnews","18":"tag-nav","19":"tag-news","20":"tag-no","21":"tag-norge","22":"tag-norway","23":"tag-nyheter","24":"tag-overskrifter","25":"tag-stortinget","26":"tag-sykelonnsordning","27":"tag-top-stories","28":"tag-topstories","29":"tag-vgsamfunn"},"share_on_mastodon":{"url":"https:\/\/pubeurope.com\/@no\/115890743095197024","error":""},"_links":{"self":[{"href":"https:\/\/www.europesays.com\/no\/wp-json\/wp\/v2\/posts\/136493","targetHints":{"allow":["GET"]}}],"collection":[{"href":"https:\/\/www.europesays.com\/no\/wp-json\/wp\/v2\/posts"}],"about":[{"href":"https:\/\/www.europesays.com\/no\/wp-json\/wp\/v2\/types\/post"}],"author":[{"embeddable":true,"href":"https:\/\/www.europesays.com\/no\/wp-json\/wp\/v2\/users\/2"}],"replies":[{"embeddable":true,"href":"https:\/\/www.europesays.com\/no\/wp-json\/wp\/v2\/comments?post=136493"}],"version-history":[{"count":0,"href":"https:\/\/www.europesays.com\/no\/wp-json\/wp\/v2\/posts\/136493\/revisions"}],"wp:featuredmedia":[{"embeddable":true,"href":"https:\/\/www.europesays.com\/no\/wp-json\/wp\/v2\/media\/136494"}],"wp:attachment":[{"href":"https:\/\/www.europesays.com\/no\/wp-json\/wp\/v2\/media?parent=136493"}],"wp:term":[{"taxonomy":"category","embeddable":true,"href":"https:\/\/www.europesays.com\/no\/wp-json\/wp\/v2\/categories?post=136493"},{"taxonomy":"post_tag","embeddable":true,"href":"https:\/\/www.europesays.com\/no\/wp-json\/wp\/v2\/tags?post=136493"}],"curies":[{"name":"wp","href":"https:\/\/api.w.org\/{rel}","templated":true}]}}