{"id":136503,"date":"2026-01-14T01:11:37","date_gmt":"2026-01-14T01:11:37","guid":{"rendered":"https:\/\/www.europesays.com\/no\/136503\/"},"modified":"2026-01-14T01:11:37","modified_gmt":"2026-01-14T01:11:37","slug":"regjeringen-vil-gi-17-aringer-forerkort-kan-kjore-med-ledsager","status":"publish","type":"post","link":"https:\/\/www.europesays.com\/no\/136503\/","title":{"rendered":"Regjeringen vil gi 17-\u00e5ringer f\u00f8rerkort \u2013 kan kj\u00f8re med ledsager"},"content":{"rendered":"\n<p class=\"_lead_o9xde_2 _lead_xtcu6_50 layout-component text-serif-m layout-normal text-serif-l layout-component layout-wide layout-padded _wide_17hqh_1 layout-padded\">Regjeringen jobber med \u00e5 innf\u00f8re et EU-direktiv som gj\u00f8r at 17-\u00e5ringer kan ta f\u00f8rerkort for bil. <\/p>\n<p><img alt=\" Foto: Gorm Kallestad \/ NTB\" class=\"_image_qp4xg_65 layout-component layout-wide\" data-fullscreen- data-track-element-type=\"Article image fullscreen\" data-track-name=\"ImageFullscreen\" fetchpriority=\"high\" decoding=\"sync\" loading=\"eager\" height=\"3456\" itemprop=\"image\"  src=\"https:\/\/www.europesays.com\/no\/wp-content\/uploads\/2026\/01\/a1551d75-a255-4b44-97ce-692ae140cba2.png\"  style=\"object-position:0% 0%\" width=\"5184\"\/> Foto: Gorm Kallestad \/ NTB<\/p>\n<ul aria-hidden=\"true\" class=\"_images_ntbth_112\">\n<li><a class=\"_link_ntbth_117\" href=\"https:\/\/www.vg.no\/forfatter\/bendik-hansen\" style=\"z-index:2\" title=\"Bendik Hansen\" rel=\"nofollow noopener\" target=\"_blank\"><img alt=\"Bilde av Bendik Hansen\" class=\"_image_ntbth_93\" fetchpriority=\"low\" loading=\"lazy\" decoding=\"async\" itemprop=\"image\"  src=\"https:\/\/www.europesays.com\/no\/wp-content\/uploads\/2026\/01\/1768353096_826_236bc5a3-2236-4046-b957-81f29d024aa6.jpeg\"  width=\"480\"\/><\/a><\/li>\n<li><a class=\"_link_ntbth_117\" href=\"https:\/\/www.vg.no\/forfatter\/ntb\" style=\"z-index:1\" title=\"NTB\" rel=\"nofollow noopener\" target=\"_blank\"><img alt=\"Bilde av NTB\" class=\"_image_ntbth_93\" fetchpriority=\"low\" loading=\"lazy\" decoding=\"async\" itemprop=\"image\"  src=\"https:\/\/www.europesays.com\/no\/wp-content\/uploads\/2026\/01\/1768353097_985_c33980b0-5d07-4027-84a1-813f90a7c8d6.png\"  width=\"480\"\/><\/a><\/li>\n<\/ul>\n<p> Oppdatert tirsdag 13. januar kl. 13:01     <\/p>\n<p class=\"_paragraph_o9xde_4 _paragraph_xtcu6_10 layout-component text-serif-m layout-normal text-serif-m layout-padded\">De kan imidlertid kun kj\u00f8re med ledsager, bekrefter seniorr\u00e5dgiver Samferdselsdepartementet, Kristin Bentdal Larsen, til <a href=\"https:\/\/dinside.dagbladet.no\/motor\/vil-gi-lappen-til-17-aringer\/84092182\" class=\"_link_o9xde_39\" rel=\"nofollow noopener\" target=\"_blank\">Dagbladet<\/a>.<\/p>\n<p class=\"_paragraph_o9xde_4 _paragraph_xtcu6_10 layout-component text-serif-m layout-normal text-serif-m layout-padded\"><strong class=\"_strong_o9xde_25\">\u2013 At 17-\u00e5ringer kan f\u00e5 f\u00f8rerkort, begrenset til \u00e5 kj\u00f8re med ledsager, skiller seg ikke vesentlig fra dagens ordning med \u00f8vingskj\u00f8ring med ledsager, sier hun.<\/strong><\/p>\n<p class=\"_paragraph_o9xde_4 _paragraph_xtcu6_10 layout-component text-serif-m layout-normal text-serif-m layout-padded\">Til avisen sier hun at kj\u00f8reerfaring er viktig for \u00e5 kunne redusere ulykkesrisikoen, og at det derfor kan v\u00e6re positivt at unge f\u00f8rere f\u00e5r mer kj\u00f8reerfaring. <\/p>\n<p class=\"_paragraph_o9xde_4 _paragraph_xtcu6_10 layout-component text-serif-m layout-normal text-serif-m layout-padded\">Planen er at direktivet skal iverksettes fra 26. november 2028.<\/p>\n<p class=\"_paragraph_o9xde_4 _paragraph_xtcu6_10 layout-component text-serif-m layout-normal text-serif-m layout-padded\">I direktivet st\u00e5r det at det ogs\u00e5 skal bli strengere regler for ferske sj\u00e5f\u00f8rer. Blant annet vil det v\u00e6re en nullgrense for kj\u00f8ring i rus. <\/p>\n<p class=\"_paragraph_o9xde_4 _paragraph_xtcu6_10 layout-component text-serif-m layout-normal text-serif-m layout-padded\">Dagbladet har snakket med Trygg Trafikk, som sier at det ikke er sikkert at dette vil bedre trafikksikkerheten her til lands. De peker blant annet p\u00e5 d\u00e5rligere risikoforst\u00e5else enn hos de litt eldre sj\u00e5f\u00f8rene. <\/p>\n<p class=\"_paragraph_o9xde_4 _paragraph_xtcu6_10 layout-component text-serif-m layout-normal text-serif-m layout-padded\">I Norge kan man begunne \u00f8vingskj\u00f8ring i klasse B fra man er 16 \u00e5r. Dette er et viktig bidrag til f\u00f8reroppl\u00e6ringen i Norge, skriver <a href=\"https:\/\/www.regjeringen.no\/no\/sub\/eos-notatbasen\/notatene\/2023\/mars\/forerkortdirektivet\/id2996254\/\" class=\"_link_o9xde_39\" rel=\"nofollow noopener\" target=\"_blank\">Regjeringen<\/a> p\u00e5 sine nettsider, og fortsetter:<\/p>\n<p class=\"_paragraph_o9xde_4 _paragraph_xtcu6_10 layout-component text-serif-m layout-normal text-serif-m layout-padded\"><strong class=\"_strong_o9xde_25\">\u2013 \u00c5 flytte f\u00f8rerpr\u00f8ven ett \u00e5r frem til forutsette at kandidatene n\u00e5r et h\u00f8yere niv\u00e5 enn tidligere, og vil kunne inneb\u00e6re at flere stryker p\u00e5 den praktiske pr\u00f8ven &#8211; oppkj\u00f8ringen.<\/strong><\/p>\n<p class=\"_paragraph_o9xde_4 _paragraph_xtcu6_10 layout-component text-serif-m layout-normal text-serif-m layout-padded\">Samtidig argumenteter de at det \u00e5 gjennomf\u00f8re f\u00f8rerpr\u00f8ven fra 17 \u00e5r kan motivere flere unge til \u00e5 starte tidlig med f\u00f8reroppl\u00e6ring og \u00f8vingskj\u00f8ring. <\/p>\n","protected":false},"excerpt":{"rendered":"Regjeringen jobber med \u00e5 innf\u00f8re et EU-direktiv som gj\u00f8r at 17-\u00e5ringer kan ta f\u00f8rerkort for bil. Foto: Gorm&hellip;\n","protected":false},"author":2,"featured_media":136504,"comment_status":"","ping_status":"","sticky":false,"template":"","format":"standard","meta":{"footnotes":""},"categories":[10],"tags":[20,21,24,25,15,22,23,13,30,28,29,14,16,26,27],"class_list":{"0":"post-136503","1":"post","2":"type-post","3":"status-publish","4":"format-standard","5":"has-post-thumbnail","7":"category-norge","8":"tag-breaking-news","9":"tag-breakingnews","10":"tag-featured-news","11":"tag-featurednews","12":"tag-headlines","13":"tag-latest-news","14":"tag-latestnews","15":"tag-news","16":"tag-no","17":"tag-norge","18":"tag-norway","19":"tag-nyheter","20":"tag-overskrifter","21":"tag-top-stories","22":"tag-topstories"},"share_on_mastodon":{"url":"https:\/\/pubeurope.com\/@no\/115890794327155283","error":""},"_links":{"self":[{"href":"https:\/\/www.europesays.com\/no\/wp-json\/wp\/v2\/posts\/136503","targetHints":{"allow":["GET"]}}],"collection":[{"href":"https:\/\/www.europesays.com\/no\/wp-json\/wp\/v2\/posts"}],"about":[{"href":"https:\/\/www.europesays.com\/no\/wp-json\/wp\/v2\/types\/post"}],"author":[{"embeddable":true,"href":"https:\/\/www.europesays.com\/no\/wp-json\/wp\/v2\/users\/2"}],"replies":[{"embeddable":true,"href":"https:\/\/www.europesays.com\/no\/wp-json\/wp\/v2\/comments?post=136503"}],"version-history":[{"count":0,"href":"https:\/\/www.europesays.com\/no\/wp-json\/wp\/v2\/posts\/136503\/revisions"}],"wp:featuredmedia":[{"embeddable":true,"href":"https:\/\/www.europesays.com\/no\/wp-json\/wp\/v2\/media\/136504"}],"wp:attachment":[{"href":"https:\/\/www.europesays.com\/no\/wp-json\/wp\/v2\/media?parent=136503"}],"wp:term":[{"taxonomy":"category","embeddable":true,"href":"https:\/\/www.europesays.com\/no\/wp-json\/wp\/v2\/categories?post=136503"},{"taxonomy":"post_tag","embeddable":true,"href":"https:\/\/www.europesays.com\/no\/wp-json\/wp\/v2\/tags?post=136503"}],"curies":[{"name":"wp","href":"https:\/\/api.w.org\/{rel}","templated":true}]}}