{"id":136518,"date":"2026-01-14T01:27:20","date_gmt":"2026-01-14T01:27:20","guid":{"rendered":"https:\/\/www.europesays.com\/no\/136518\/"},"modified":"2026-01-14T01:27:20","modified_gmt":"2026-01-14T01:27:20","slug":"aasland-med-gladmelding-til-de-rammede-studentene","status":"publish","type":"post","link":"https:\/\/www.europesays.com\/no\/136518\/","title":{"rendered":"Aasland med gladmelding til de rammede studentene"},"content":{"rendered":"<p class=\"kicker t14 tm15 align-left mobile_text_align_align-left\" style=\"\">konkurs<\/p>\n<p>    174 studenter st\u00e5r p\u00e5 bar bakke etter at Pilot Flight Academy (PFA) i Sandefjord har g\u00e5tt konkurs. N\u00e5 lover statsr\u00e5d Aasland at alle skal f\u00e5 mulighet til \u00e5 fullf\u00f8re utdanningen andre steder.<\/p>\n<p>\n        Den konkursrammede flyskolen holdt til p\u00e5 Sandefjord lufthavn Torp.<br \/>\n        Foto: Trond R. Teigen\/NTB\n    <\/p>\n<p>Det kan l\u00f8se seg for de 174 pilotstudentene som fikk utdanningen avbrutt da Pilot Flight Academy (PFA) i Sandefjord gikk konkurs.\u00a0<\/p>\n<p>Men for \u00e5 f\u00e5 fullf\u00f8rt utdannelsen ved andre flyskoler, er det en forutsetning at\u00a0 kursene som studentene har gjennomf\u00f8rt blir godkjent hos de<br \/>\neventuelt mottakende flyskolene. Det understreker forsknings- og h\u00f8yere<br \/>\nutdanningsminister Sigrun Aasland (Ap).<\/p>\n<p>Det er i <a href=\"https:\/\/www.stortinget.no\/no\/Saker-og-publikasjoner\/Sporsmal\/Skriftlige-sporsmal-og-svar\/Skriftlig-sporsmal\/?qnid=114056\" data-lab-font_weight=\"font-weight-bold\" class=\"font-weight-bold m-font-weight-bold\" rel=\"nofollow noopener\" target=\"_blank\">et svar p\u00e5 sp\u00f8rsm\u00e5l<\/a> fra H\u00f8yres Erlend Larsen at Aasland<br \/>\nmelder at de rammede studentene etter flyskolekonkursen i Sandefjord skal f\u00e5<br \/>\nfullf\u00f8re utdanningen sin andre steder.<\/p>\n<p>Det skriver <a href=\"https:\/\/www.flynytt.no\/flystudentene-ved-pilot-flight-academy-kan-fa-fullfore-utdanningen-ved-andre-skoler-etter-konkursen\/132475\" data-lab-font_weight=\"font-weight-bold\" class=\"font-weight-bold m-font-weight-bold\" rel=\"nofollow noopener\" target=\"_blank\">Flynytt<\/a>.<\/p>\n<p>        <a itemprop=\"url\" class=\"\" href=\"https:\/\/www.khrono.no\/organisasjonsleder-etter-flyskolekonkurs-kontrollen-ma-innskjerpes\/1027769\" data-k5a-url=\"https:\/\/www.khrono.no\/a\/1027769\" rel=\"nofollow noopener\" target=\"_blank\"><\/p>\n<p>\nfagskoler\n<\/p>\n<p>            Krever skjerpet kontroll etter flyskolekonkurs<\/p>\n<p>        <\/a><\/p>\n<p>Dansk skole p\u00e5 banen<\/p>\n<p>Da oppbudet og konkursen <a href=\"https:\/\/www.khrono.no\/40-ansatte-mister-jobben-og-200-studenter-rammes\/1027127\" data-lab-font_weight=\"font-weight-bold\" class=\"font-weight-bold m-font-weight-bold\" rel=\"nofollow noopener\" target=\"_blank\">ble kjent like f\u00f8r nytt\u00e5r<\/a>, ble det<br \/>\ntidlig klart at enkelte akt\u00f8rer i luftfartsn\u00e6ringen allerede har uttrykt vilje<br \/>\ntil \u00e5 bist\u00e5 de rammede studentene og s\u00f8rge for at de f\u00e5r muligheten til \u00e5<br \/>\nfullf\u00f8re utdanningen de har startet p\u00e5.<\/p>\n<p>Blant annet skal den danske pilotskolen GreyBird Pilot<br \/>\nAcademy ha meldt at de er \u00e5pne for dialog med norske myndigheter, skrev<br \/>\n<a href=\"https:\/\/www.sb.no\/dansk-konkurrent-vil-redde-studenter-klare-for-a-innlede-dialog-med-myndighetene\/s\/5-73-2091089\" data-lab-font_weight=\"font-weight-bold\" class=\"font-weight-bold m-font-weight-bold\" rel=\"nofollow noopener\" target=\"_blank\">Sandefjords Blad<\/a>.<\/p>\n<p>Flyskolen i Sandefjord tilb\u00f8d et integrert utdanningsl\u00f8p som<br \/>\ntok studentene igjennom de ulike sertifikatene (PPL, IR, CPL, ATPL og MCC) som<br \/>\nskal til for \u00e5 ende opp som kommersiell pilot.<\/p>\n<p>Erlend Larsen tok forrige uke saken opp i Stortinget og ba<br \/>\nregjeringen bidra til at studentene f\u00e5r godkjent de delene av utdanningen de<br \/>\nallerede har fullf\u00f8rt, slik at de kan fortsette p\u00e5 en ny flyskole uten \u00e5 m\u00e5tte<br \/>\nstarte p\u00e5 nytt.<\/p>\n<p>\u2014 Studentene er spesielt s\u00e5rbare i denne situasjonen. De<br \/>\nhar h\u00f8y studiegjeld samtidig som deres opparbeidede utdanning ikke har noen<br \/>\nverdi dersom de ikke sluttf\u00f8rer utdannelsen, skrev Larsen i sitt sp\u00f8rsm\u00e5l.<\/p>\n<p>        <a itemprop=\"url\" class=\"\" href=\"https:\/\/www.khrono.no\/40-ansatte-mister-jobben-og-200-studenter-rammes\/1027127\" data-k5a-url=\"https:\/\/www.khrono.no\/a\/1027127\" rel=\"nofollow noopener\" target=\"_blank\"><\/p>\n<p>\noppbud\n<\/p>\n<p>            40 ansatte mister jobben og 174 studenter rammes<\/p>\n<p>        <\/a><\/p>\n<p>M\u00e5 vurderes<\/p>\n<p>I sitt svar skriver Sigrun Aasland at regelverket \u00e5pner for<br \/>\nat studentene kan fortsette utdanningen sin hos en annen tilbyder.<\/p>\n<p>Men ogs\u00e5:<\/p>\n<p>\u2014 Det er opp til den mottakende flyskolen \u00e5 vurdere om<br \/>\nstudentene kan tas opp etter deres opptakskrav og om studenten kan f\u00e5 godkjent<br \/>\nde delene av utdanningen som studenten har gjennomf\u00f8rt ved PFA, i den nye<br \/>\nutdanningen.<\/p>\n<p>Samferdselsdepartementet har bedt Luftfartstilsynet om \u00e5<br \/>\nprioritere sakene.<\/p>\n<p>\u2014 Samferdselsdepartementet har videreformidlet til meg at<br \/>\nLuftfartstilsynet vil ha s\u00f8kelys p\u00e5 en smidig saksbehandling av s\u00f8knader om<br \/>\noverf\u00f8ring til aktuelle flyskoler og besvare henvendelser fra utenlandske<br \/>\nmyndigheter, opplyser Aasland i sitt svar til H\u00f8yres Erlend Larsen.<\/p>\n","protected":false},"excerpt":{"rendered":"konkurs 174 studenter st\u00e5r p\u00e5 bar bakke etter at Pilot Flight Academy (PFA) i Sandefjord har g\u00e5tt konkurs.&hellip;\n","protected":false},"author":2,"featured_media":136519,"comment_status":"","ping_status":"","sticky":false,"template":"","format":"standard","meta":{"footnotes":""},"categories":[5],"tags":[20,21,24,25,15,19,22,23,17,18,13,30,28,29,14,16,26,27],"class_list":{"0":"post-136518","1":"post","2":"type-post","3":"status-publish","4":"format-standard","5":"has-post-thumbnail","7":"category-overskrifter","8":"tag-breaking-news","9":"tag-breakingnews","10":"tag-featured-news","11":"tag-featurednews","12":"tag-headlines","13":"tag-hovedoppslag","14":"tag-latest-news","15":"tag-latestnews","16":"tag-main-news","17":"tag-mainnews","18":"tag-news","19":"tag-no","20":"tag-norge","21":"tag-norway","22":"tag-nyheter","23":"tag-overskrifter","24":"tag-top-stories","25":"tag-topstories"},"share_on_mastodon":{"url":"https:\/\/pubeurope.com\/@no\/115890857119898221","error":""},"_links":{"self":[{"href":"https:\/\/www.europesays.com\/no\/wp-json\/wp\/v2\/posts\/136518","targetHints":{"allow":["GET"]}}],"collection":[{"href":"https:\/\/www.europesays.com\/no\/wp-json\/wp\/v2\/posts"}],"about":[{"href":"https:\/\/www.europesays.com\/no\/wp-json\/wp\/v2\/types\/post"}],"author":[{"embeddable":true,"href":"https:\/\/www.europesays.com\/no\/wp-json\/wp\/v2\/users\/2"}],"replies":[{"embeddable":true,"href":"https:\/\/www.europesays.com\/no\/wp-json\/wp\/v2\/comments?post=136518"}],"version-history":[{"count":0,"href":"https:\/\/www.europesays.com\/no\/wp-json\/wp\/v2\/posts\/136518\/revisions"}],"wp:featuredmedia":[{"embeddable":true,"href":"https:\/\/www.europesays.com\/no\/wp-json\/wp\/v2\/media\/136519"}],"wp:attachment":[{"href":"https:\/\/www.europesays.com\/no\/wp-json\/wp\/v2\/media?parent=136518"}],"wp:term":[{"taxonomy":"category","embeddable":true,"href":"https:\/\/www.europesays.com\/no\/wp-json\/wp\/v2\/categories?post=136518"},{"taxonomy":"post_tag","embeddable":true,"href":"https:\/\/www.europesays.com\/no\/wp-json\/wp\/v2\/tags?post=136518"}],"curies":[{"name":"wp","href":"https:\/\/api.w.org\/{rel}","templated":true}]}}